{"id":32217,"date":"2023-09-29T11:19:07","date_gmt":"2023-09-29T09:19:07","guid":{"rendered":"https:\/\/www.ebg.de\/?p=32217"},"modified":"2023-09-29T11:19:12","modified_gmt":"2023-09-29T09:19:12","slug":"deutsch-slowakische-unterrichtsstunde-am-fbz-magdeburg","status":"publish","type":"post","link":"https:\/\/www.ebg.de\/en\/deutsch-slowakische-unterrichtsstunde-am-fbz-magdeburg\/","title":{"rendered":"Deutsch-Slowakische Unterrichtsstunde am FBZ Magdeburg"},"content":{"rendered":"\n<p>Aktuell sind 10 Sch\u00fclerinnen und Sch\u00fcler gemeinsam mit 2 Lehrkr\u00e4ften vom Gymnasium Bardejov (Deutsch-Slowakische Akademien, Slowakei) beim EBG in Magdeburg zu Besuch.<\/p>\n\n\n\n<p>Ziel ist es die deutschen Sprachkenntnisse zu verbessern sowie Land und Leute kennenzulernen. Am 21.09.23 fand eine gemeinsame Unterrichtsstunde zwischen Sch\u00fclern des FBZ Magdeburg und den slowakischen G\u00e4sten statt. <\/p>\n\n\n\n<p><\/p>\n\n\n\n<div class=\"wp-block-group\"><div class=\"wp-block-group__inner-container is-layout-constrained wp-block-group-is-layout-constrained\">\n<div class=\"wp-block-columns is-layout-flex wp-container-core-columns-is-layout-9d6595d7 wp-block-columns-is-layout-flex\">\n<div class=\"wp-block-column is-layout-flow wp-block-column-is-layout-flow\" style=\"flex-basis:100%\">\n<figure class=\"wp-block-gallery has-nested-images columns-default is-cropped wp-block-gallery-1 is-layout-flex wp-block-gallery-is-layout-flex\">\n<figure class=\"wp-block-image size-large\"><img loading=\"lazy\" decoding=\"async\" width=\"1024\" height=\"545\" data-id=\"32220\" src=\"https:\/\/www.ebg.de\/wp-content\/uploads\/2023\/09\/Slowakei1-1-1024x545.jpg\" alt=\"\" class=\"wp-image-32220\" srcset=\"https:\/\/www.ebg.de\/wp-content\/uploads\/2023\/09\/Slowakei1-1-1024x545.jpg 1024w, https:\/\/www.ebg.de\/wp-content\/uploads\/2023\/09\/Slowakei1-1-300x160.jpg 300w, https:\/\/www.ebg.de\/wp-content\/uploads\/2023\/09\/Slowakei1-1-768x408.jpg 768w, https:\/\/www.ebg.de\/wp-content\/uploads\/2023\/09\/Slowakei1-1-1536x817.jpg 1536w, https:\/\/www.ebg.de\/wp-content\/uploads\/2023\/09\/Slowakei1-1-2048x1089.jpg 2048w, https:\/\/www.ebg.de\/wp-content\/uploads\/2023\/09\/Slowakei1-1-900x479.jpg 900w, https:\/\/www.ebg.de\/wp-content\/uploads\/2023\/09\/Slowakei1-1-1200x638.jpg 1200w\" sizes=\"auto, (max-width: 1024px) 100vw, 1024px\" \/><\/figure>\n<\/figure>\n\n\n\n<p>Im Rahmen dieser wurde die Slowakei sowie die Schule in Bardejov durch die slowakischen Sch\u00fcler vorgestellt. Im Anschluss daran gab es noch eine kleine Einf\u00fchrung in die slowakische Sprache, um bspw. guten Tag, danke, bitte und auf Wiedersehen k\u00fcnftig auch in Slowakisch sagen zu k\u00f6nnen.<\/p>\n\n\n\n<p>In der kommenden Woche f\u00e4hrt die erw\u00e4hnte Sch\u00fclergruppe des FBZ Magdeburg in die Slowakei, um das dortige Bildungssystem, verschiedene p\u00e4dagogische Einrichtungen sowie Land &nbsp;und Leute kennenzulernen.<\/p>\n\n\n\n<p><\/p>\n<\/div>\n<\/div>\n<\/div><\/div>\n","protected":false},"excerpt":{"rendered":"<p>Aktuell sind 10 Sch\u00fclerinnen und Sch\u00fcler gemeinsam mit 2 Lehrkr\u00e4ften vom Gymnasium Bardejov beim EBG Magdeburg zu Besuch. <\/p>\n","protected":false},"author":22,"featured_media":32222,"comment_status":"closed","ping_status":"closed","sticky":false,"template":"","format":"standard","meta":{"_acf_changed":false,"footnotes":""},"categories":[19],"tags":[98,80,107,82,97,172,149],"class_list":["post-32217","post","type-post","status-publish","format-standard","has-post-thumbnail","hentry","category-news-magdeburg-schulen","tag-ergotherapie","tag-erzieher","tag-europaeisches-bildungswerk","tag-heilerziehungspfleger","tag-heilpaedagogik","tag-pflegefachkraft","tag-sozialassistent"],"acf":[],"yoast_head":"<!-- This site is optimized with the Yoast SEO plugin v26.9 - https:\/\/yoast.com\/product\/yoast-seo-wordpress\/ -->\n<title>Deutsch-Slowakische Unterrichtsstunde am FBZ Magdeburg<\/title>\n<meta name=\"description\" content=\"Aktuell sind 10 Sch\u00fclerinnen und Sch\u00fcler gemeinsam mit 2 Lehrkr\u00e4ften vom Gymnasium Bardejov beim EBG Magdeburg zu Besuch.\" \/>\n<meta name=\"robots\" content=\"index, follow, max-snippet:-1, max-image-preview:large, max-video-preview:-1\" \/>\n<link rel=\"canonical\" href=\"https:\/\/www.ebg.de\/deutsch-slowakische-unterrichtsstunde-am-fbz-magdeburg\/\" \/>\n<meta property=\"og:locale\" content=\"en_US\" \/>\n<meta property=\"og:type\" content=\"article\" \/>\n<meta property=\"og:title\" content=\"Deutsch-Slowakische Unterrichtsstunde am FBZ Magdeburg\" \/>\n<meta property=\"og:description\" content=\"Aktuell sind 10 Sch\u00fclerinnen und Sch\u00fcler gemeinsam mit 2 Lehrkr\u00e4ften vom Gymnasium Bardejov beim EBG Magdeburg zu Besuch.\" \/>\n<meta property=\"og:url\" content=\"https:\/\/www.ebg.de\/deutsch-slowakische-unterrichtsstunde-am-fbz-magdeburg\/\" \/>\n<meta property=\"og:site_name\" content=\"Europ\u00e4isches Bildungswerk f\u00fcr Beruf und Gesellschaft\" \/>\n<meta property=\"article:published_time\" content=\"2023-09-29T09:19:07+00:00\" \/>\n<meta property=\"article:modified_time\" content=\"2023-09-29T09:19:12+00:00\" \/>\n<meta property=\"og:image\" content=\"https:\/\/www.ebg.de\/wp-content\/uploads\/2023\/09\/SK.png\" \/>\n\t<meta property=\"og:image:width\" content=\"1920\" \/>\n\t<meta property=\"og:image:height\" content=\"1280\" \/>\n\t<meta property=\"og:image:type\" content=\"image\/png\" \/>\n<meta name=\"author\" content=\"Stephan Deubner\" \/>\n<meta name=\"twitter:card\" content=\"summary_large_image\" \/>\n<meta name=\"twitter:label1\" content=\"Written by\" \/>\n\t<meta name=\"twitter:data1\" content=\"Stephan Deubner\" \/>\n\t<meta name=\"twitter:label2\" content=\"Est. reading time\" \/>\n\t<meta name=\"twitter:data2\" content=\"1 minute\" \/>\n<!-- \/ Yoast SEO plugin. -->","yoast_head_json":{"title":"Deutsch-Slowakische Unterrichtsstunde am FBZ Magdeburg","description":"Aktuell sind 10 Sch\u00fclerinnen und Sch\u00fcler gemeinsam mit 2 Lehrkr\u00e4ften vom Gymnasium Bardejov beim EBG Magdeburg zu Besuch.","robots":{"index":"index","follow":"follow","max-snippet":"max-snippet:-1","max-image-preview":"max-image-preview:large","max-video-preview":"max-video-preview:-1"},"canonical":"https:\/\/www.ebg.de\/deutsch-slowakische-unterrichtsstunde-am-fbz-magdeburg\/","og_locale":"en_US","og_type":"article","og_title":"Deutsch-Slowakische Unterrichtsstunde am FBZ Magdeburg","og_description":"Aktuell sind 10 Sch\u00fclerinnen und Sch\u00fcler gemeinsam mit 2 Lehrkr\u00e4ften vom Gymnasium Bardejov beim EBG Magdeburg zu Besuch.","og_url":"https:\/\/www.ebg.de\/deutsch-slowakische-unterrichtsstunde-am-fbz-magdeburg\/","og_site_name":"Europ\u00e4isches Bildungswerk f\u00fcr Beruf und Gesellschaft","article_published_time":"2023-09-29T09:19:07+00:00","article_modified_time":"2023-09-29T09:19:12+00:00","og_image":[{"width":1920,"height":1280,"url":"https:\/\/www.ebg.de\/wp-content\/uploads\/2023\/09\/SK.png","type":"image\/png"}],"author":"Stephan Deubner","twitter_card":"summary_large_image","twitter_misc":{"Written by":"Stephan Deubner","Est. reading time":"1 minute"},"schema":{"@context":"https:\/\/schema.org","@graph":[{"@type":"Article","@id":"https:\/\/www.ebg.de\/deutsch-slowakische-unterrichtsstunde-am-fbz-magdeburg\/#article","isPartOf":{"@id":"https:\/\/www.ebg.de\/deutsch-slowakische-unterrichtsstunde-am-fbz-magdeburg\/"},"author":{"name":"Stephan Deubner","@id":"https:\/\/www.ebg.de\/#\/schema\/person\/af645ea1741029d9a44ae532ceb268bc"},"headline":"Deutsch-Slowakische Unterrichtsstunde am FBZ Magdeburg","datePublished":"2023-09-29T09:19:07+00:00","dateModified":"2023-09-29T09:19:12+00:00","mainEntityOfPage":{"@id":"https:\/\/www.ebg.de\/deutsch-slowakische-unterrichtsstunde-am-fbz-magdeburg\/"},"wordCount":138,"image":{"@id":"https:\/\/www.ebg.de\/deutsch-slowakische-unterrichtsstunde-am-fbz-magdeburg\/#primaryimage"},"thumbnailUrl":"https:\/\/www.ebg.de\/wp-content\/uploads\/2023\/09\/SK.png","keywords":["Ergotherapie","Erzieher","Europ\u00e4isches Bildungswerk","Heilerziehungspfleger","Heilp\u00e4dagogik","Pflegefachkraft","sozialassistent"],"articleSection":["News - Magdeburg Schulen"],"inLanguage":"en-US"},{"@type":"WebPage","@id":"https:\/\/www.ebg.de\/deutsch-slowakische-unterrichtsstunde-am-fbz-magdeburg\/","url":"https:\/\/www.ebg.de\/deutsch-slowakische-unterrichtsstunde-am-fbz-magdeburg\/","name":"Deutsch-Slowakische Unterrichtsstunde am FBZ Magdeburg","isPartOf":{"@id":"https:\/\/www.ebg.de\/#website"},"primaryImageOfPage":{"@id":"https:\/\/www.ebg.de\/deutsch-slowakische-unterrichtsstunde-am-fbz-magdeburg\/#primaryimage"},"image":{"@id":"https:\/\/www.ebg.de\/deutsch-slowakische-unterrichtsstunde-am-fbz-magdeburg\/#primaryimage"},"thumbnailUrl":"https:\/\/www.ebg.de\/wp-content\/uploads\/2023\/09\/SK.png","datePublished":"2023-09-29T09:19:07+00:00","dateModified":"2023-09-29T09:19:12+00:00","author":{"@id":"https:\/\/www.ebg.de\/#\/schema\/person\/af645ea1741029d9a44ae532ceb268bc"},"description":"Aktuell sind 10 Sch\u00fclerinnen und Sch\u00fcler gemeinsam mit 2 Lehrkr\u00e4ften vom Gymnasium Bardejov beim EBG Magdeburg zu Besuch.","breadcrumb":{"@id":"https:\/\/www.ebg.de\/deutsch-slowakische-unterrichtsstunde-am-fbz-magdeburg\/#breadcrumb"},"inLanguage":"en-US","potentialAction":[{"@type":"ReadAction","target":["https:\/\/www.ebg.de\/deutsch-slowakische-unterrichtsstunde-am-fbz-magdeburg\/"]}]},{"@type":"ImageObject","inLanguage":"en-US","@id":"https:\/\/www.ebg.de\/deutsch-slowakische-unterrichtsstunde-am-fbz-magdeburg\/#primaryimage","url":"https:\/\/www.ebg.de\/wp-content\/uploads\/2023\/09\/SK.png","contentUrl":"https:\/\/www.ebg.de\/wp-content\/uploads\/2023\/09\/SK.png","width":1920,"height":1280},{"@type":"BreadcrumbList","@id":"https:\/\/www.ebg.de\/deutsch-slowakische-unterrichtsstunde-am-fbz-magdeburg\/#breadcrumb","itemListElement":[{"@type":"ListItem","position":1,"name":"Startseite","item":"https:\/\/www.ebg.de\/"},{"@type":"ListItem","position":2,"name":"Deutsch-Slowakische Unterrichtsstunde am FBZ Magdeburg"}]},{"@type":"WebSite","@id":"https:\/\/www.ebg.de\/#website","url":"https:\/\/www.ebg.de\/","name":"Europ\u00e4isches Bildungswerk f\u00fcr Beruf und Gesellschaft","description":"Bildung, Ausbildung und Weiterbildung","potentialAction":[{"@type":"SearchAction","target":{"@type":"EntryPoint","urlTemplate":"https:\/\/www.ebg.de\/?s={search_term_string}"},"query-input":{"@type":"PropertyValueSpecification","valueRequired":true,"valueName":"search_term_string"}}],"inLanguage":"en-US"},{"@type":"Person","@id":"https:\/\/www.ebg.de\/#\/schema\/person\/af645ea1741029d9a44ae532ceb268bc","name":"Stephan Deubner","image":{"@type":"ImageObject","inLanguage":"en-US","@id":"https:\/\/www.ebg.de\/#\/schema\/person\/image\/","url":"https:\/\/secure.gravatar.com\/avatar\/35731f6a08afa0518c45f153077f6135c0f41aa2ae0b76e850ef9508976a7bbe?s=96&d=mm&r=g","contentUrl":"https:\/\/secure.gravatar.com\/avatar\/35731f6a08afa0518c45f153077f6135c0f41aa2ae0b76e850ef9508976a7bbe?s=96&d=mm&r=g","caption":"Stephan Deubner"},"url":"https:\/\/www.ebg.de\/en\/author\/sdeubner\/"}]}},"_links":{"self":[{"href":"https:\/\/www.ebg.de\/en\/wp-json\/wp\/v2\/posts\/32217","targetHints":{"allow":["GET"]}}],"collection":[{"href":"https:\/\/www.ebg.de\/en\/wp-json\/wp\/v2\/posts"}],"about":[{"href":"https:\/\/www.ebg.de\/en\/wp-json\/wp\/v2\/types\/post"}],"author":[{"embeddable":true,"href":"https:\/\/www.ebg.de\/en\/wp-json\/wp\/v2\/users\/22"}],"replies":[{"embeddable":true,"href":"https:\/\/www.ebg.de\/en\/wp-json\/wp\/v2\/comments?post=32217"}],"version-history":[{"count":1,"href":"https:\/\/www.ebg.de\/en\/wp-json\/wp\/v2\/posts\/32217\/revisions"}],"predecessor-version":[{"id":32224,"href":"https:\/\/www.ebg.de\/en\/wp-json\/wp\/v2\/posts\/32217\/revisions\/32224"}],"wp:featuredmedia":[{"embeddable":true,"href":"https:\/\/www.ebg.de\/en\/wp-json\/wp\/v2\/media\/32222"}],"wp:attachment":[{"href":"https:\/\/www.ebg.de\/en\/wp-json\/wp\/v2\/media?parent=32217"}],"wp:term":[{"taxonomy":"category","embeddable":true,"href":"https:\/\/www.ebg.de\/en\/wp-json\/wp\/v2\/categories?post=32217"},{"taxonomy":"post_tag","embeddable":true,"href":"https:\/\/www.ebg.de\/en\/wp-json\/wp\/v2\/tags?post=32217"}],"curies":[{"name":"wp","href":"https:\/\/api.w.org\/{rel}","templated":true}]}}