{"id":31819,"date":"2023-09-01T12:25:05","date_gmt":"2023-09-01T10:25:05","guid":{"rendered":"https:\/\/www.ebg.de\/?p=31819"},"modified":"2023-09-01T12:51:45","modified_gmt":"2023-09-01T10:51:45","slug":"das-fbz-halle-lud-zur-feierlichen-zeugnisuebergabe","status":"publish","type":"post","link":"https:\/\/www.ebg.de\/en\/das-fbz-halle-lud-zur-feierlichen-zeugnisuebergabe\/","title":{"rendered":"Das FBZ Halle lud zur feierlichen Zeugnis\u00fcbergabe"},"content":{"rendered":"\n<p>Am 31. Juli 2023 erhielten 112 Sch\u00fclerinnen und Sch\u00fcler aus 8 Klassen des FBZ Halle ihre staatlich anerkannten Abschlusszeugnisse.<\/p>\n\n\n\n<figure class=\"wp-block-image size-large is-resized\"><img loading=\"lazy\" decoding=\"async\" src=\"https:\/\/www.ebg.de\/wp-content\/uploads\/2023\/09\/DTX0558-mam-foto-WEB-1024x684.jpg\" alt=\"\" class=\"wp-image-31824\" style=\"width:478px;height:319px\" width=\"478\" height=\"319\" srcset=\"https:\/\/www.ebg.de\/wp-content\/uploads\/2023\/09\/DTX0558-mam-foto-WEB-1024x684.jpg 1024w, https:\/\/www.ebg.de\/wp-content\/uploads\/2023\/09\/DTX0558-mam-foto-WEB-300x200.jpg 300w, https:\/\/www.ebg.de\/wp-content\/uploads\/2023\/09\/DTX0558-mam-foto-WEB-768x513.jpg 768w, https:\/\/www.ebg.de\/wp-content\/uploads\/2023\/09\/DTX0558-mam-foto-WEB-1536x1025.jpg 1536w, https:\/\/www.ebg.de\/wp-content\/uploads\/2023\/09\/DTX0558-mam-foto-WEB-900x601.jpg 900w, https:\/\/www.ebg.de\/wp-content\/uploads\/2023\/09\/DTX0558-mam-foto-WEB-1200x801.jpg 1200w, https:\/\/www.ebg.de\/wp-content\/uploads\/2023\/09\/DTX0558-mam-foto-WEB.jpg 1618w\" sizes=\"auto, (max-width: 478px) 100vw, 478px\" \/><figcaption class=\"wp-element-caption\">copyright 2023 | MARCUS-ANDREAS MOHR | photography &#8211; media art<br><br>Die feierliche Zeugnisausgabe fand in der Konzerthalle statt.<\/figcaption><\/figure>\n\n\n\n<p>\u00dcber 250 Personen erlebten die musikalischen Beitr\u00e4ge der EBG-Band sowie der Sch\u00fclerin Jenny Nagel (Solistin) und viele emotionale Reden, in denen der Dank und die gegenseitige Wertsch\u00e4tzung im Rahmen der 2,3, oder 4 Jahre Ausbildung &nbsp;zum Ausdruck gebracht wurden.<\/p>\n\n\n\n<figure class=\"wp-block-gallery has-nested-images columns-default is-cropped wp-block-gallery-1 is-layout-flex wp-block-gallery-is-layout-flex\">\n<figure class=\"wp-block-image size-large\"><img loading=\"lazy\" decoding=\"async\" width=\"1024\" height=\"684\" data-id=\"31830\" src=\"https:\/\/www.ebg.de\/wp-content\/uploads\/2023\/09\/DTX0560-mam-foto-WEB-2-1024x684.jpg\" alt=\"\" class=\"wp-image-31830\" srcset=\"https:\/\/www.ebg.de\/wp-content\/uploads\/2023\/09\/DTX0560-mam-foto-WEB-2-1024x684.jpg 1024w, https:\/\/www.ebg.de\/wp-content\/uploads\/2023\/09\/DTX0560-mam-foto-WEB-2-300x200.jpg 300w, https:\/\/www.ebg.de\/wp-content\/uploads\/2023\/09\/DTX0560-mam-foto-WEB-2-768x513.jpg 768w, https:\/\/www.ebg.de\/wp-content\/uploads\/2023\/09\/DTX0560-mam-foto-WEB-2-1536x1025.jpg 1536w, https:\/\/www.ebg.de\/wp-content\/uploads\/2023\/09\/DTX0560-mam-foto-WEB-2-900x601.jpg 900w, https:\/\/www.ebg.de\/wp-content\/uploads\/2023\/09\/DTX0560-mam-foto-WEB-2-1200x801.jpg 1200w, https:\/\/www.ebg.de\/wp-content\/uploads\/2023\/09\/DTX0560-mam-foto-WEB-2.jpg 1618w\" sizes=\"auto, (max-width: 1024px) 100vw, 1024px\" \/><\/figure>\n\n\n\n<figure class=\"wp-block-image size-large\"><img loading=\"lazy\" decoding=\"async\" width=\"1024\" height=\"684\" data-id=\"31833\" src=\"https:\/\/www.ebg.de\/wp-content\/uploads\/2023\/09\/DTX0241-mam-foto-WEB-1-1024x684.jpg\" alt=\"\" class=\"wp-image-31833\" srcset=\"https:\/\/www.ebg.de\/wp-content\/uploads\/2023\/09\/DTX0241-mam-foto-WEB-1-1024x684.jpg 1024w, https:\/\/www.ebg.de\/wp-content\/uploads\/2023\/09\/DTX0241-mam-foto-WEB-1-300x200.jpg 300w, https:\/\/www.ebg.de\/wp-content\/uploads\/2023\/09\/DTX0241-mam-foto-WEB-1-768x513.jpg 768w, https:\/\/www.ebg.de\/wp-content\/uploads\/2023\/09\/DTX0241-mam-foto-WEB-1-1536x1025.jpg 1536w, https:\/\/www.ebg.de\/wp-content\/uploads\/2023\/09\/DTX0241-mam-foto-WEB-1-900x601.jpg 900w, https:\/\/www.ebg.de\/wp-content\/uploads\/2023\/09\/DTX0241-mam-foto-WEB-1-1200x801.jpg 1200w, https:\/\/www.ebg.de\/wp-content\/uploads\/2023\/09\/DTX0241-mam-foto-WEB-1.jpg 1618w\" sizes=\"auto, (max-width: 1024px) 100vw, 1024px\" \/><\/figure>\n<\/figure>\n\n\n\n<p>copyright 2023 | MARCUS-ANDREAS MOHR | photography &#8211; media art<\/p>\n\n\n\n<figure class=\"wp-block-image size-large\"><img loading=\"lazy\" decoding=\"async\" width=\"1024\" height=\"684\" src=\"https:\/\/www.ebg.de\/wp-content\/uploads\/2023\/09\/DTX0434-mam-foto-WEB-1024x684.jpg\" alt=\"\" class=\"wp-image-31826\" srcset=\"https:\/\/www.ebg.de\/wp-content\/uploads\/2023\/09\/DTX0434-mam-foto-WEB-1024x684.jpg 1024w, https:\/\/www.ebg.de\/wp-content\/uploads\/2023\/09\/DTX0434-mam-foto-WEB-300x200.jpg 300w, https:\/\/www.ebg.de\/wp-content\/uploads\/2023\/09\/DTX0434-mam-foto-WEB-768x513.jpg 768w, https:\/\/www.ebg.de\/wp-content\/uploads\/2023\/09\/DTX0434-mam-foto-WEB-1536x1025.jpg 1536w, https:\/\/www.ebg.de\/wp-content\/uploads\/2023\/09\/DTX0434-mam-foto-WEB-900x601.jpg 900w, https:\/\/www.ebg.de\/wp-content\/uploads\/2023\/09\/DTX0434-mam-foto-WEB-1200x801.jpg 1200w, https:\/\/www.ebg.de\/wp-content\/uploads\/2023\/09\/DTX0434-mam-foto-WEB.jpg 1618w\" sizes=\"auto, (max-width: 1024px) 100vw, 1024px\" \/><\/figure>\n\n\n\n<figure class=\"wp-block-image size-large is-resized\"><img loading=\"lazy\" decoding=\"async\" src=\"https:\/\/www.ebg.de\/wp-content\/uploads\/2023\/09\/DTX0375-mam-foto-WEB-1024x684.jpg\" alt=\"\" class=\"wp-image-31835\" style=\"width:838px;height:560px\" width=\"838\" height=\"560\" srcset=\"https:\/\/www.ebg.de\/wp-content\/uploads\/2023\/09\/DTX0375-mam-foto-WEB-1024x684.jpg 1024w, https:\/\/www.ebg.de\/wp-content\/uploads\/2023\/09\/DTX0375-mam-foto-WEB-300x200.jpg 300w, https:\/\/www.ebg.de\/wp-content\/uploads\/2023\/09\/DTX0375-mam-foto-WEB-768x513.jpg 768w, https:\/\/www.ebg.de\/wp-content\/uploads\/2023\/09\/DTX0375-mam-foto-WEB-1536x1025.jpg 1536w, https:\/\/www.ebg.de\/wp-content\/uploads\/2023\/09\/DTX0375-mam-foto-WEB-900x601.jpg 900w, https:\/\/www.ebg.de\/wp-content\/uploads\/2023\/09\/DTX0375-mam-foto-WEB-1200x801.jpg 1200w, https:\/\/www.ebg.de\/wp-content\/uploads\/2023\/09\/DTX0375-mam-foto-WEB.jpg 1618w\" sizes=\"auto, (max-width: 838px) 100vw, 838px\" \/><\/figure>\n\n\n\n<p>copyright 2023 | MARCUS-ANDREAS MOHR | photography &#8211; media art<\/p>\n","protected":false},"excerpt":{"rendered":"<p>Die Sch\u00fcler des EBG haben es geschafft und es kam die verdiente, feierliche Zeugnis\u00fcbergabe!<\/p>\n","protected":false},"author":22,"featured_media":31830,"comment_status":"closed","ping_status":"closed","sticky":false,"template":"","format":"standard","meta":{"_acf_changed":false,"footnotes":"[]"},"categories":[29],"tags":[95,78,98,80,92,82,97],"class_list":["post-31819","post","type-post","status-publish","format-standard","has-post-thumbnail","hentry","category-news-halle-schulen","tag-ausbildung","tag-ebg","tag-ergotherapie","tag-erzieher","tag-halle","tag-heilerziehungspfleger","tag-heilpaedagogik"],"acf":[],"yoast_head":"<!-- This site is optimized with the Yoast SEO plugin v26.9 - https:\/\/yoast.com\/product\/yoast-seo-wordpress\/ -->\n<title>Das FBZ Halle lud zur feierlichen Zeugnis\u00fcbergabe<\/title>\n<meta name=\"description\" content=\"\u00dcber 250 Personen erlebten die musikalischen Beitr\u00e4ge der EBG-Band\" \/>\n<meta name=\"robots\" content=\"index, follow, max-snippet:-1, max-image-preview:large, max-video-preview:-1\" \/>\n<link rel=\"canonical\" href=\"https:\/\/www.ebg.de\/das-fbz-halle-lud-zur-feierlichen-zeugnisuebergabe\/\" \/>\n<meta property=\"og:locale\" content=\"en_US\" \/>\n<meta property=\"og:type\" content=\"article\" \/>\n<meta property=\"og:title\" content=\"Das FBZ Halle lud zur feierlichen Zeugnis\u00fcbergabe\" \/>\n<meta property=\"og:description\" content=\"\u00dcber 250 Personen erlebten die musikalischen Beitr\u00e4ge der EBG-Band\" \/>\n<meta property=\"og:url\" content=\"https:\/\/www.ebg.de\/das-fbz-halle-lud-zur-feierlichen-zeugnisuebergabe\/\" \/>\n<meta property=\"og:site_name\" content=\"Europ\u00e4isches Bildungswerk f\u00fcr Beruf und Gesellschaft\" \/>\n<meta property=\"article:published_time\" content=\"2023-09-01T10:25:05+00:00\" \/>\n<meta property=\"article:modified_time\" content=\"2023-09-01T10:51:45+00:00\" \/>\n<meta property=\"og:image\" content=\"https:\/\/www.ebg.de\/wp-content\/uploads\/2023\/09\/DTX0560-mam-foto-WEB-2.jpg\" \/>\n\t<meta property=\"og:image:width\" content=\"1618\" \/>\n\t<meta property=\"og:image:height\" content=\"1080\" \/>\n\t<meta property=\"og:image:type\" content=\"image\/jpeg\" \/>\n<meta name=\"author\" content=\"Stephan Deubner\" \/>\n<meta name=\"twitter:card\" content=\"summary_large_image\" \/>\n<meta name=\"twitter:label1\" content=\"Written by\" \/>\n\t<meta name=\"twitter:data1\" content=\"Stephan Deubner\" \/>\n\t<meta name=\"twitter:label2\" content=\"Est. reading time\" \/>\n\t<meta name=\"twitter:data2\" content=\"2 minutes\" \/>\n<!-- \/ Yoast SEO plugin. -->","yoast_head_json":{"title":"Das FBZ Halle lud zur feierlichen Zeugnis\u00fcbergabe","description":"\u00dcber 250 Personen erlebten die musikalischen Beitr\u00e4ge der EBG-Band","robots":{"index":"index","follow":"follow","max-snippet":"max-snippet:-1","max-image-preview":"max-image-preview:large","max-video-preview":"max-video-preview:-1"},"canonical":"https:\/\/www.ebg.de\/das-fbz-halle-lud-zur-feierlichen-zeugnisuebergabe\/","og_locale":"en_US","og_type":"article","og_title":"Das FBZ Halle lud zur feierlichen Zeugnis\u00fcbergabe","og_description":"\u00dcber 250 Personen erlebten die musikalischen Beitr\u00e4ge der EBG-Band","og_url":"https:\/\/www.ebg.de\/das-fbz-halle-lud-zur-feierlichen-zeugnisuebergabe\/","og_site_name":"Europ\u00e4isches Bildungswerk f\u00fcr Beruf und Gesellschaft","article_published_time":"2023-09-01T10:25:05+00:00","article_modified_time":"2023-09-01T10:51:45+00:00","og_image":[{"width":1618,"height":1080,"url":"https:\/\/www.ebg.de\/wp-content\/uploads\/2023\/09\/DTX0560-mam-foto-WEB-2.jpg","type":"image\/jpeg"}],"author":"Stephan Deubner","twitter_card":"summary_large_image","twitter_misc":{"Written by":"Stephan Deubner","Est. reading time":"2 minutes"},"schema":{"@context":"https:\/\/schema.org","@graph":[{"@type":"Article","@id":"https:\/\/www.ebg.de\/das-fbz-halle-lud-zur-feierlichen-zeugnisuebergabe\/#article","isPartOf":{"@id":"https:\/\/www.ebg.de\/das-fbz-halle-lud-zur-feierlichen-zeugnisuebergabe\/"},"author":{"name":"Stephan Deubner","@id":"https:\/\/www.ebg.de\/#\/schema\/person\/af645ea1741029d9a44ae532ceb268bc"},"headline":"Das FBZ Halle lud zur feierlichen Zeugnis\u00fcbergabe","datePublished":"2023-09-01T10:25:05+00:00","dateModified":"2023-09-01T10:51:45+00:00","mainEntityOfPage":{"@id":"https:\/\/www.ebg.de\/das-fbz-halle-lud-zur-feierlichen-zeugnisuebergabe\/"},"wordCount":94,"image":{"@id":"https:\/\/www.ebg.de\/das-fbz-halle-lud-zur-feierlichen-zeugnisuebergabe\/#primaryimage"},"thumbnailUrl":"https:\/\/www.ebg.de\/wp-content\/uploads\/2023\/09\/DTX0560-mam-foto-WEB-2.jpg","keywords":["Ausbildung","EBG","Ergotherapie","Erzieher","Halle","Heilerziehungspfleger","Heilp\u00e4dagogik"],"articleSection":["News - Halle Schulen"],"inLanguage":"en-US"},{"@type":"WebPage","@id":"https:\/\/www.ebg.de\/das-fbz-halle-lud-zur-feierlichen-zeugnisuebergabe\/","url":"https:\/\/www.ebg.de\/das-fbz-halle-lud-zur-feierlichen-zeugnisuebergabe\/","name":"Das FBZ Halle lud zur feierlichen Zeugnis\u00fcbergabe","isPartOf":{"@id":"https:\/\/www.ebg.de\/#website"},"primaryImageOfPage":{"@id":"https:\/\/www.ebg.de\/das-fbz-halle-lud-zur-feierlichen-zeugnisuebergabe\/#primaryimage"},"image":{"@id":"https:\/\/www.ebg.de\/das-fbz-halle-lud-zur-feierlichen-zeugnisuebergabe\/#primaryimage"},"thumbnailUrl":"https:\/\/www.ebg.de\/wp-content\/uploads\/2023\/09\/DTX0560-mam-foto-WEB-2.jpg","datePublished":"2023-09-01T10:25:05+00:00","dateModified":"2023-09-01T10:51:45+00:00","author":{"@id":"https:\/\/www.ebg.de\/#\/schema\/person\/af645ea1741029d9a44ae532ceb268bc"},"description":"\u00dcber 250 Personen erlebten die musikalischen Beitr\u00e4ge der EBG-Band","breadcrumb":{"@id":"https:\/\/www.ebg.de\/das-fbz-halle-lud-zur-feierlichen-zeugnisuebergabe\/#breadcrumb"},"inLanguage":"en-US","potentialAction":[{"@type":"ReadAction","target":["https:\/\/www.ebg.de\/das-fbz-halle-lud-zur-feierlichen-zeugnisuebergabe\/"]}]},{"@type":"ImageObject","inLanguage":"en-US","@id":"https:\/\/www.ebg.de\/das-fbz-halle-lud-zur-feierlichen-zeugnisuebergabe\/#primaryimage","url":"https:\/\/www.ebg.de\/wp-content\/uploads\/2023\/09\/DTX0560-mam-foto-WEB-2.jpg","contentUrl":"https:\/\/www.ebg.de\/wp-content\/uploads\/2023\/09\/DTX0560-mam-foto-WEB-2.jpg","width":1618,"height":1080},{"@type":"BreadcrumbList","@id":"https:\/\/www.ebg.de\/das-fbz-halle-lud-zur-feierlichen-zeugnisuebergabe\/#breadcrumb","itemListElement":[{"@type":"ListItem","position":1,"name":"Startseite","item":"https:\/\/www.ebg.de\/"},{"@type":"ListItem","position":2,"name":"Das FBZ Halle lud zur feierlichen Zeugnis\u00fcbergabe"}]},{"@type":"WebSite","@id":"https:\/\/www.ebg.de\/#website","url":"https:\/\/www.ebg.de\/","name":"Europ\u00e4isches Bildungswerk f\u00fcr Beruf und Gesellschaft","description":"Bildung, Ausbildung und Weiterbildung","potentialAction":[{"@type":"SearchAction","target":{"@type":"EntryPoint","urlTemplate":"https:\/\/www.ebg.de\/?s={search_term_string}"},"query-input":{"@type":"PropertyValueSpecification","valueRequired":true,"valueName":"search_term_string"}}],"inLanguage":"en-US"},{"@type":"Person","@id":"https:\/\/www.ebg.de\/#\/schema\/person\/af645ea1741029d9a44ae532ceb268bc","name":"Stephan Deubner","image":{"@type":"ImageObject","inLanguage":"en-US","@id":"https:\/\/www.ebg.de\/#\/schema\/person\/image\/","url":"https:\/\/secure.gravatar.com\/avatar\/35731f6a08afa0518c45f153077f6135c0f41aa2ae0b76e850ef9508976a7bbe?s=96&d=mm&r=g","contentUrl":"https:\/\/secure.gravatar.com\/avatar\/35731f6a08afa0518c45f153077f6135c0f41aa2ae0b76e850ef9508976a7bbe?s=96&d=mm&r=g","caption":"Stephan Deubner"},"url":"https:\/\/www.ebg.de\/en\/author\/sdeubner\/"}]}},"_links":{"self":[{"href":"https:\/\/www.ebg.de\/en\/wp-json\/wp\/v2\/posts\/31819","targetHints":{"allow":["GET"]}}],"collection":[{"href":"https:\/\/www.ebg.de\/en\/wp-json\/wp\/v2\/posts"}],"about":[{"href":"https:\/\/www.ebg.de\/en\/wp-json\/wp\/v2\/types\/post"}],"author":[{"embeddable":true,"href":"https:\/\/www.ebg.de\/en\/wp-json\/wp\/v2\/users\/22"}],"replies":[{"embeddable":true,"href":"https:\/\/www.ebg.de\/en\/wp-json\/wp\/v2\/comments?post=31819"}],"version-history":[{"count":4,"href":"https:\/\/www.ebg.de\/en\/wp-json\/wp\/v2\/posts\/31819\/revisions"}],"predecessor-version":[{"id":31843,"href":"https:\/\/www.ebg.de\/en\/wp-json\/wp\/v2\/posts\/31819\/revisions\/31843"}],"wp:featuredmedia":[{"embeddable":true,"href":"https:\/\/www.ebg.de\/en\/wp-json\/wp\/v2\/media\/31830"}],"wp:attachment":[{"href":"https:\/\/www.ebg.de\/en\/wp-json\/wp\/v2\/media?parent=31819"}],"wp:term":[{"taxonomy":"category","embeddable":true,"href":"https:\/\/www.ebg.de\/en\/wp-json\/wp\/v2\/categories?post=31819"},{"taxonomy":"post_tag","embeddable":true,"href":"https:\/\/www.ebg.de\/en\/wp-json\/wp\/v2\/tags?post=31819"}],"curies":[{"name":"wp","href":"https:\/\/api.w.org\/{rel}","templated":true}]}}