{"id":3143,"date":"2019-01-21T20:26:16","date_gmt":"2019-01-21T19:26:16","guid":{"rendered":"https:\/\/www.ebg.de\/?p=3143"},"modified":"2019-01-22T07:57:07","modified_gmt":"2019-01-22T06:57:07","slug":"beratungsangebote-und-einblicke","status":"publish","type":"post","link":"https:\/\/www.ebg.de\/en\/beratungsangebote-und-einblicke\/","title":{"rendered":"Beratungsangebote und Einblicke"},"content":{"rendered":"<h2>zum <strong>Tag der Offenen T\u00fcr <\/strong>am 9. M\u00e4rz 2019 in Halle<\/h2>\n<p><!--more--><\/p>\n<p>Das <strong>Fach- und Berufsfachschulzentrum Halle<\/strong> des <strong>EBG<\/strong> in der <strong>Gutenbergstra\u00dfe 15 in 06112 Halle<\/strong> l\u00e4dt alle Neugierigen und Interessierten am <strong>Samstag, den 9. M\u00e4rz 2019 in der Zeit von 9:00 Uhr bis 14:00 Uhr<\/strong> ein, sich \u00fcber die Ausbildungsg\u00e4nge <strong>Erzieher, Ergotherapie, Heilerziehungspflege<\/strong> sowie <strong>Heilp\u00e4dagogik<\/strong> in unserer Schule zu informieren.<\/p>\n<p>Neben den Lehrkr\u00e4ften, die Sie in pers\u00f6nlichen Gespr\u00e4chen beraten werden, geben Ihnen die Auszubildenden Einblicke in den Schulalltag.<\/p>\n<p>&nbsp;<\/p>\n<p><img loading=\"lazy\" decoding=\"async\" class=\"aligncenter wp-image-3146 size-ebg-small\" src=\"https:\/\/www.ebg.de\/wp-content\/uploads\/2019\/01\/EBG-Halle-TdoT_20190309-Flyer-Rueck-400x400.jpg\" alt=\"\" width=\"400\" height=\"400\" \/><\/p>\n","protected":false},"excerpt":{"rendered":"<p>zum Tag der Offenen T\u00fcr am 9. M\u00e4rz 2019 in Halle<\/p>\n","protected":false},"author":18,"featured_media":0,"comment_status":"closed","ping_status":"closed","sticky":false,"template":"","format":"standard","meta":{"_acf_changed":false,"footnotes":""},"categories":[29],"tags":[90,95,94,78,93,98,80,81,92,96,82,97,99],"class_list":["post-3143","post","type-post","status-publish","format-standard","hentry","category-news-halle-schulen","tag-90","tag-ausbildung","tag-beruf","tag-ebg","tag-ebg-halle","tag-ergotherapie","tag-erzieher","tag-fachschule-leipzig","tag-halle","tag-heilerziehungspflege","tag-heilerziehungspfleger","tag-heilpaedagogik","tag-schule"],"acf":[],"yoast_head":"<!-- This site is optimized with the Yoast SEO plugin v26.9 - https:\/\/yoast.com\/product\/yoast-seo-wordpress\/ -->\n<title>Beratungsangebote und Einblicke - Europ\u00e4isches Bildungswerk f\u00fcr Beruf und Gesellschaft<\/title>\n<meta name=\"robots\" content=\"index, follow, max-snippet:-1, max-image-preview:large, max-video-preview:-1\" \/>\n<link rel=\"canonical\" href=\"https:\/\/www.ebg.de\/beratungsangebote-und-einblicke\/?lang=en\" \/>\n<meta property=\"og:locale\" content=\"en_US\" \/>\n<meta property=\"og:type\" content=\"article\" \/>\n<meta property=\"og:title\" content=\"Beratungsangebote und Einblicke - Europ\u00e4isches Bildungswerk f\u00fcr Beruf und Gesellschaft\" \/>\n<meta property=\"og:description\" content=\"zum Tag der Offenen T\u00fcr am 9. M\u00e4rz 2019 in Halle\" \/>\n<meta property=\"og:url\" content=\"https:\/\/www.ebg.de\/beratungsangebote-und-einblicke\/?lang=en\" \/>\n<meta property=\"og:site_name\" content=\"Europ\u00e4isches Bildungswerk f\u00fcr Beruf und Gesellschaft\" \/>\n<meta property=\"article:published_time\" content=\"2019-01-21T19:26:16+00:00\" \/>\n<meta property=\"article:modified_time\" content=\"2019-01-22T06:57:07+00:00\" \/>\n<meta property=\"og:image\" content=\"https:\/\/www.ebg.de\/wp-content\/uploads\/2019\/01\/EBG-Halle-TdoT_20190309-beitrag.jpg\" \/>\n\t<meta property=\"og:image:width\" content=\"765\" \/>\n\t<meta property=\"og:image:height\" content=\"348\" \/>\n\t<meta property=\"og:image:type\" content=\"image\/jpeg\" \/>\n<meta name=\"author\" content=\"Dagmar Gumbert\" \/>\n<meta name=\"twitter:card\" content=\"summary_large_image\" \/>\n<meta name=\"twitter:label1\" content=\"Written by\" \/>\n\t<meta name=\"twitter:data1\" content=\"Dagmar Gumbert\" \/>\n<!-- \/ Yoast SEO plugin. -->","yoast_head_json":{"title":"Beratungsangebote und Einblicke - Europ\u00e4isches Bildungswerk f\u00fcr Beruf und Gesellschaft","robots":{"index":"index","follow":"follow","max-snippet":"max-snippet:-1","max-image-preview":"max-image-preview:large","max-video-preview":"max-video-preview:-1"},"canonical":"https:\/\/www.ebg.de\/beratungsangebote-und-einblicke\/?lang=en","og_locale":"en_US","og_type":"article","og_title":"Beratungsangebote und Einblicke - Europ\u00e4isches Bildungswerk f\u00fcr Beruf und Gesellschaft","og_description":"zum Tag der Offenen T\u00fcr am 9. M\u00e4rz 2019 in Halle","og_url":"https:\/\/www.ebg.de\/beratungsangebote-und-einblicke\/?lang=en","og_site_name":"Europ\u00e4isches Bildungswerk f\u00fcr Beruf und Gesellschaft","article_published_time":"2019-01-21T19:26:16+00:00","article_modified_time":"2019-01-22T06:57:07+00:00","og_image":[{"width":765,"height":348,"url":"https:\/\/www.ebg.de\/wp-content\/uploads\/2019\/01\/EBG-Halle-TdoT_20190309-beitrag.jpg","type":"image\/jpeg"}],"author":"Dagmar Gumbert","twitter_card":"summary_large_image","twitter_misc":{"Written by":"Dagmar Gumbert"},"schema":{"@context":"https:\/\/schema.org","@graph":[{"@type":"Article","@id":"https:\/\/www.ebg.de\/beratungsangebote-und-einblicke\/?lang=en#article","isPartOf":{"@id":"https:\/\/www.ebg.de\/beratungsangebote-und-einblicke\/?lang=en"},"author":{"name":"Dagmar Gumbert","@id":"https:\/\/www.ebg.de\/#\/schema\/person\/77f2f3c6647074b70ad64b8397a8edc4"},"headline":"Beratungsangebote und Einblicke","datePublished":"2019-01-21T19:26:16+00:00","dateModified":"2019-01-22T06:57:07+00:00","mainEntityOfPage":{"@id":"https:\/\/www.ebg.de\/beratungsangebote-und-einblicke\/?lang=en"},"wordCount":84,"image":{"@id":"https:\/\/www.ebg.de\/beratungsangebote-und-einblicke\/?lang=en#primaryimage"},"thumbnailUrl":"https:\/\/www.ebg.de\/wp-content\/uploads\/2019\/01\/EBG-Halle-TdoT_20190309-Flyer-Rueck-400x400.jpg","keywords":["2019","Ausbildung","Beruf","EBG","EBG Halle","Ergotherapie","Erzieher","Fachschule Leipzig","Halle","Heilerziehungspflege","Heilerziehungspfleger","Heilp\u00e4dagogik","Schule"],"articleSection":["News - Halle Schulen"],"inLanguage":"en-US"},{"@type":"WebPage","@id":"https:\/\/www.ebg.de\/beratungsangebote-und-einblicke\/?lang=en","url":"https:\/\/www.ebg.de\/beratungsangebote-und-einblicke\/?lang=en","name":"Beratungsangebote und Einblicke - Europ\u00e4isches Bildungswerk f\u00fcr Beruf und Gesellschaft","isPartOf":{"@id":"https:\/\/www.ebg.de\/#website"},"primaryImageOfPage":{"@id":"https:\/\/www.ebg.de\/beratungsangebote-und-einblicke\/?lang=en#primaryimage"},"image":{"@id":"https:\/\/www.ebg.de\/beratungsangebote-und-einblicke\/?lang=en#primaryimage"},"thumbnailUrl":"https:\/\/www.ebg.de\/wp-content\/uploads\/2019\/01\/EBG-Halle-TdoT_20190309-Flyer-Rueck-400x400.jpg","datePublished":"2019-01-21T19:26:16+00:00","dateModified":"2019-01-22T06:57:07+00:00","author":{"@id":"https:\/\/www.ebg.de\/#\/schema\/person\/77f2f3c6647074b70ad64b8397a8edc4"},"breadcrumb":{"@id":"https:\/\/www.ebg.de\/beratungsangebote-und-einblicke\/?lang=en#breadcrumb"},"inLanguage":"en-US","potentialAction":[{"@type":"ReadAction","target":["https:\/\/www.ebg.de\/beratungsangebote-und-einblicke\/?lang=en"]}]},{"@type":"ImageObject","inLanguage":"en-US","@id":"https:\/\/www.ebg.de\/beratungsangebote-und-einblicke\/?lang=en#primaryimage","url":"https:\/\/www.ebg.de\/wp-content\/uploads\/2019\/01\/EBG-Halle-TdoT_20190309-Flyer-Rueck-400x400.jpg","contentUrl":"https:\/\/www.ebg.de\/wp-content\/uploads\/2019\/01\/EBG-Halle-TdoT_20190309-Flyer-Rueck-400x400.jpg"},{"@type":"BreadcrumbList","@id":"https:\/\/www.ebg.de\/beratungsangebote-und-einblicke\/?lang=en#breadcrumb","itemListElement":[{"@type":"ListItem","position":1,"name":"Startseite","item":"https:\/\/www.ebg.de\/"},{"@type":"ListItem","position":2,"name":"Beratungsangebote und Einblicke"}]},{"@type":"WebSite","@id":"https:\/\/www.ebg.de\/#website","url":"https:\/\/www.ebg.de\/","name":"Europ\u00e4isches Bildungswerk f\u00fcr Beruf und Gesellschaft","description":"Bildung, Ausbildung und Weiterbildung","potentialAction":[{"@type":"SearchAction","target":{"@type":"EntryPoint","urlTemplate":"https:\/\/www.ebg.de\/?s={search_term_string}"},"query-input":{"@type":"PropertyValueSpecification","valueRequired":true,"valueName":"search_term_string"}}],"inLanguage":"en-US"},{"@type":"Person","@id":"https:\/\/www.ebg.de\/#\/schema\/person\/77f2f3c6647074b70ad64b8397a8edc4","name":"Dagmar Gumbert","image":{"@type":"ImageObject","inLanguage":"en-US","@id":"https:\/\/www.ebg.de\/#\/schema\/person\/image\/","url":"https:\/\/secure.gravatar.com\/avatar\/0af05cad1f550280112950cec0ccbad0d3acc2f5f0e9ed045b6857b2c4d88d49?s=96&d=mm&r=g","contentUrl":"https:\/\/secure.gravatar.com\/avatar\/0af05cad1f550280112950cec0ccbad0d3acc2f5f0e9ed045b6857b2c4d88d49?s=96&d=mm&r=g","caption":"Dagmar Gumbert"},"url":"https:\/\/www.ebg.de\/en\/author\/fshalle\/"}]}},"_links":{"self":[{"href":"https:\/\/www.ebg.de\/en\/wp-json\/wp\/v2\/posts\/3143","targetHints":{"allow":["GET"]}}],"collection":[{"href":"https:\/\/www.ebg.de\/en\/wp-json\/wp\/v2\/posts"}],"about":[{"href":"https:\/\/www.ebg.de\/en\/wp-json\/wp\/v2\/types\/post"}],"author":[{"embeddable":true,"href":"https:\/\/www.ebg.de\/en\/wp-json\/wp\/v2\/users\/18"}],"replies":[{"embeddable":true,"href":"https:\/\/www.ebg.de\/en\/wp-json\/wp\/v2\/comments?post=3143"}],"version-history":[{"count":3,"href":"https:\/\/www.ebg.de\/en\/wp-json\/wp\/v2\/posts\/3143\/revisions"}],"predecessor-version":[{"id":3152,"href":"https:\/\/www.ebg.de\/en\/wp-json\/wp\/v2\/posts\/3143\/revisions\/3152"}],"wp:attachment":[{"href":"https:\/\/www.ebg.de\/en\/wp-json\/wp\/v2\/media?parent=3143"}],"wp:term":[{"taxonomy":"category","embeddable":true,"href":"https:\/\/www.ebg.de\/en\/wp-json\/wp\/v2\/categories?post=3143"},{"taxonomy":"post_tag","embeddable":true,"href":"https:\/\/www.ebg.de\/en\/wp-json\/wp\/v2\/tags?post=3143"}],"curies":[{"name":"wp","href":"https:\/\/api.w.org\/{rel}","templated":true}]}}