{"id":31368,"date":"2023-08-10T07:49:18","date_gmt":"2023-08-10T05:49:18","guid":{"rendered":"https:\/\/www.ebg.de\/?p=31368"},"modified":"2023-08-10T08:13:21","modified_gmt":"2023-08-10T06:13:21","slug":"das-fbz-halle-beim-drachenbootcup-am-start","status":"publish","type":"post","link":"https:\/\/www.ebg.de\/en\/das-fbz-halle-beim-drachenbootcup-am-start\/","title":{"rendered":"Das FBZ Halle beim Drachenbootcup auf dem Wasser"},"content":{"rendered":"\n<p>Die Sch\u00fcler des EBG in den Ausbildungsg\u00e4ngen (Erzieher, Heilerziehungspfleger, Heilp\u00e4dagogen und Ergotherapeuten) haben dieses Jahr zum 12. Mal beim Drachenbootcup mitgemacht.<\/p>\n\n\n\n<figure class=\"wp-block-image size-large\"><img loading=\"lazy\" decoding=\"async\" width=\"1024\" height=\"683\" src=\"https:\/\/www.ebg.de\/wp-content\/uploads\/2023\/08\/5-1024x683.jpg\" alt=\"\" class=\"wp-image-31369\" srcset=\"https:\/\/www.ebg.de\/wp-content\/uploads\/2023\/08\/5-1024x683.jpg 1024w, https:\/\/www.ebg.de\/wp-content\/uploads\/2023\/08\/5-300x200.jpg 300w, https:\/\/www.ebg.de\/wp-content\/uploads\/2023\/08\/5-768x512.jpg 768w, https:\/\/www.ebg.de\/wp-content\/uploads\/2023\/08\/5-1536x1024.jpg 1536w, https:\/\/www.ebg.de\/wp-content\/uploads\/2023\/08\/5-900x600.jpg 900w, https:\/\/www.ebg.de\/wp-content\/uploads\/2023\/08\/5-1200x800.jpg 1200w, https:\/\/www.ebg.de\/wp-content\/uploads\/2023\/08\/5.jpg 1818w\" sizes=\"auto, (max-width: 1024px) 100vw, 1024px\" \/><figcaption class=\"wp-element-caption\">Drachenbootrennen<\/figcaption><\/figure>\n\n\n\n<p><\/p>\n\n\n\n<figure class=\"wp-block-gallery has-nested-images columns-default is-cropped wp-block-gallery-1 is-layout-flex wp-block-gallery-is-layout-flex\">\n<figure class=\"wp-block-image size-large\"><img loading=\"lazy\" decoding=\"async\" width=\"1024\" height=\"683\" data-id=\"31371\" src=\"https:\/\/www.ebg.de\/wp-content\/uploads\/2023\/08\/1-1024x683.jpg\" alt=\"\" class=\"wp-image-31371\" srcset=\"https:\/\/www.ebg.de\/wp-content\/uploads\/2023\/08\/1-1024x683.jpg 1024w, https:\/\/www.ebg.de\/wp-content\/uploads\/2023\/08\/1-300x200.jpg 300w, https:\/\/www.ebg.de\/wp-content\/uploads\/2023\/08\/1-768x512.jpg 768w, https:\/\/www.ebg.de\/wp-content\/uploads\/2023\/08\/1-1536x1024.jpg 1536w, https:\/\/www.ebg.de\/wp-content\/uploads\/2023\/08\/1-900x600.jpg 900w, https:\/\/www.ebg.de\/wp-content\/uploads\/2023\/08\/1-1200x800.jpg 1200w, https:\/\/www.ebg.de\/wp-content\/uploads\/2023\/08\/1.jpg 1818w\" sizes=\"auto, (max-width: 1024px) 100vw, 1024px\" \/><\/figure>\n\n\n\n<figure class=\"wp-block-image size-large\"><img loading=\"lazy\" decoding=\"async\" width=\"1818\" height=\"1212\" data-id=\"31373\" src=\"https:\/\/www.ebg.de\/wp-content\/uploads\/2023\/08\/3-1024x683.jpg\" alt=\"\" class=\"wp-image-31373\" srcset=\"https:\/\/www.ebg.de\/wp-content\/uploads\/2023\/08\/3-1024x683.jpg 1024w, https:\/\/www.ebg.de\/wp-content\/uploads\/2023\/08\/3-300x200.jpg 300w, https:\/\/www.ebg.de\/wp-content\/uploads\/2023\/08\/3-768x512.jpg 768w, https:\/\/www.ebg.de\/wp-content\/uploads\/2023\/08\/3-1536x1024.jpg 1536w, https:\/\/www.ebg.de\/wp-content\/uploads\/2023\/08\/3-900x600.jpg 900w, https:\/\/www.ebg.de\/wp-content\/uploads\/2023\/08\/3-1200x800.jpg 1200w, https:\/\/www.ebg.de\/wp-content\/uploads\/2023\/08\/3.jpg 1818w\" sizes=\"auto, (max-width: 1818px) 100vw, 1818px\" \/><\/figure>\n<\/figure>\n\n\n\n<p>Wir hatten in der Kategorie &#8220;Berufsschule&#8221; 5 Boote am Start:<\/p>\n\n\n\n<ul class=\"wp-block-list\">\n<li>Erzieher 20 Vollzeit (3. Ausbildungsjahr &#8211; Abschlussklasse)<\/li>\n\n\n\n<li>Heilerziehungspfleger 21 &amp; Heilp\u00e4dagogen 23 (2. Ausbildungsjahr &amp; 1. Ausbildungsjahr<\/li>\n\n\n\n<li>Erzieher 22 Vollzeit &amp; Erzieher 19 berufsbegleitend (1. Ausbildungsjahr &amp; 4. Ausbildungsjahr &#8211; Abschlussklasse)<\/li>\n\n\n\n<li>Ergotherapeuten 21 &amp; 22 (1. &amp; 2. Ausbildungsjahr)<\/li>\n\n\n\n<li>Erzieher 21 Vollzeit (2. Ausbildungsjahr)<\/li>\n<\/ul>\n\n\n\n<p>Es wurden die Pl\u00e4tze 2 bis 6 belegt.<\/p>\n\n\n\n<p>Wow!<\/p>\n\n\n\n<p>Herzlichen Gl\u00fcckwunsch und immer eine Hand breit Wasser unterm Kiel!!<\/p>\n\n\n\n<figure class=\"wp-block-image size-large\"><img loading=\"lazy\" decoding=\"async\" width=\"1024\" height=\"683\" src=\"https:\/\/www.ebg.de\/wp-content\/uploads\/2023\/08\/2-1024x683.jpg\" alt=\"\" class=\"wp-image-31375\" srcset=\"https:\/\/www.ebg.de\/wp-content\/uploads\/2023\/08\/2-1024x683.jpg 1024w, https:\/\/www.ebg.de\/wp-content\/uploads\/2023\/08\/2-300x200.jpg 300w, https:\/\/www.ebg.de\/wp-content\/uploads\/2023\/08\/2-768x512.jpg 768w, https:\/\/www.ebg.de\/wp-content\/uploads\/2023\/08\/2-1536x1024.jpg 1536w, https:\/\/www.ebg.de\/wp-content\/uploads\/2023\/08\/2-900x600.jpg 900w, https:\/\/www.ebg.de\/wp-content\/uploads\/2023\/08\/2-1200x800.jpg 1200w, https:\/\/www.ebg.de\/wp-content\/uploads\/2023\/08\/2.jpg 1818w\" sizes=\"auto, (max-width: 1024px) 100vw, 1024px\" \/><\/figure>\n","protected":false},"excerpt":{"rendered":"<p>Die Sch\u00fcler des EBG in den Ausbildungsg\u00e4ngen haben dieses Jahr zum 12. Mal beim Drachenbootcup mitgemacht- mit starken Ergebnissen!<\/p>\n","protected":false},"author":22,"featured_media":31380,"comment_status":"closed","ping_status":"closed","sticky":false,"template":"","format":"standard","meta":{"_acf_changed":false,"footnotes":""},"categories":[29],"tags":[95,78,98,80,92,82,97],"class_list":["post-31368","post","type-post","status-publish","format-standard","has-post-thumbnail","hentry","category-news-halle-schulen","tag-ausbildung","tag-ebg","tag-ergotherapie","tag-erzieher","tag-halle","tag-heilerziehungspfleger","tag-heilpaedagogik"],"acf":[],"yoast_head":"<!-- This site is optimized with the Yoast SEO plugin v26.9 - https:\/\/yoast.com\/product\/yoast-seo-wordpress\/ -->\n<title>Das FBZ Halle beim Drachenbootcup auf dem Wasser<\/title>\n<meta name=\"description\" content=\"Attacke gegeben- beim Drachenbootrennen mit vollem Einsatz!\" \/>\n<meta name=\"robots\" content=\"index, follow, max-snippet:-1, max-image-preview:large, max-video-preview:-1\" \/>\n<link rel=\"canonical\" href=\"https:\/\/www.ebg.de\/das-fbz-halle-beim-drachenbootcup-am-start\/\" \/>\n<meta property=\"og:locale\" content=\"en_US\" \/>\n<meta property=\"og:type\" content=\"article\" \/>\n<meta property=\"og:title\" content=\"Das FBZ Halle beim Drachenbootcup auf dem Wasser\" \/>\n<meta property=\"og:description\" content=\"Attacke gegeben- beim Drachenbootrennen mit vollem Einsatz!\" \/>\n<meta property=\"og:url\" content=\"https:\/\/www.ebg.de\/das-fbz-halle-beim-drachenbootcup-am-start\/\" \/>\n<meta property=\"og:site_name\" content=\"Europ\u00e4isches Bildungswerk f\u00fcr Beruf und Gesellschaft\" \/>\n<meta property=\"article:published_time\" content=\"2023-08-10T05:49:18+00:00\" \/>\n<meta property=\"article:modified_time\" content=\"2023-08-10T06:13:21+00:00\" \/>\n<meta property=\"og:image\" content=\"https:\/\/www.ebg.de\/wp-content\/uploads\/2023\/08\/4.jpg\" \/>\n\t<meta property=\"og:image:width\" content=\"1818\" \/>\n\t<meta property=\"og:image:height\" content=\"1212\" \/>\n\t<meta property=\"og:image:type\" content=\"image\/jpeg\" \/>\n<meta name=\"author\" content=\"Stephan Deubner\" \/>\n<meta name=\"twitter:card\" content=\"summary_large_image\" \/>\n<meta name=\"twitter:label1\" content=\"Written by\" \/>\n\t<meta name=\"twitter:data1\" content=\"Stephan Deubner\" \/>\n\t<meta name=\"twitter:label2\" content=\"Est. reading time\" \/>\n\t<meta name=\"twitter:data2\" content=\"2 minutes\" \/>\n<!-- \/ Yoast SEO plugin. -->","yoast_head_json":{"title":"Das FBZ Halle beim Drachenbootcup auf dem Wasser","description":"Attacke gegeben- beim Drachenbootrennen mit vollem Einsatz!","robots":{"index":"index","follow":"follow","max-snippet":"max-snippet:-1","max-image-preview":"max-image-preview:large","max-video-preview":"max-video-preview:-1"},"canonical":"https:\/\/www.ebg.de\/das-fbz-halle-beim-drachenbootcup-am-start\/","og_locale":"en_US","og_type":"article","og_title":"Das FBZ Halle beim Drachenbootcup auf dem Wasser","og_description":"Attacke gegeben- beim Drachenbootrennen mit vollem Einsatz!","og_url":"https:\/\/www.ebg.de\/das-fbz-halle-beim-drachenbootcup-am-start\/","og_site_name":"Europ\u00e4isches Bildungswerk f\u00fcr Beruf und Gesellschaft","article_published_time":"2023-08-10T05:49:18+00:00","article_modified_time":"2023-08-10T06:13:21+00:00","og_image":[{"width":1818,"height":1212,"url":"https:\/\/www.ebg.de\/wp-content\/uploads\/2023\/08\/4.jpg","type":"image\/jpeg"}],"author":"Stephan Deubner","twitter_card":"summary_large_image","twitter_misc":{"Written by":"Stephan Deubner","Est. reading time":"2 minutes"},"schema":{"@context":"https:\/\/schema.org","@graph":[{"@type":"Article","@id":"https:\/\/www.ebg.de\/das-fbz-halle-beim-drachenbootcup-am-start\/#article","isPartOf":{"@id":"https:\/\/www.ebg.de\/das-fbz-halle-beim-drachenbootcup-am-start\/"},"author":{"name":"Stephan Deubner","@id":"https:\/\/www.ebg.de\/#\/schema\/person\/af645ea1741029d9a44ae532ceb268bc"},"headline":"Das FBZ Halle beim Drachenbootcup auf dem Wasser","datePublished":"2023-08-10T05:49:18+00:00","dateModified":"2023-08-10T06:13:21+00:00","mainEntityOfPage":{"@id":"https:\/\/www.ebg.de\/das-fbz-halle-beim-drachenbootcup-am-start\/"},"wordCount":89,"image":{"@id":"https:\/\/www.ebg.de\/das-fbz-halle-beim-drachenbootcup-am-start\/#primaryimage"},"thumbnailUrl":"https:\/\/www.ebg.de\/wp-content\/uploads\/2023\/08\/4.jpg","keywords":["Ausbildung","EBG","Ergotherapie","Erzieher","Halle","Heilerziehungspfleger","Heilp\u00e4dagogik"],"articleSection":["News - Halle Schulen"],"inLanguage":"en-US"},{"@type":"WebPage","@id":"https:\/\/www.ebg.de\/das-fbz-halle-beim-drachenbootcup-am-start\/","url":"https:\/\/www.ebg.de\/das-fbz-halle-beim-drachenbootcup-am-start\/","name":"Das FBZ Halle beim Drachenbootcup auf dem Wasser","isPartOf":{"@id":"https:\/\/www.ebg.de\/#website"},"primaryImageOfPage":{"@id":"https:\/\/www.ebg.de\/das-fbz-halle-beim-drachenbootcup-am-start\/#primaryimage"},"image":{"@id":"https:\/\/www.ebg.de\/das-fbz-halle-beim-drachenbootcup-am-start\/#primaryimage"},"thumbnailUrl":"https:\/\/www.ebg.de\/wp-content\/uploads\/2023\/08\/4.jpg","datePublished":"2023-08-10T05:49:18+00:00","dateModified":"2023-08-10T06:13:21+00:00","author":{"@id":"https:\/\/www.ebg.de\/#\/schema\/person\/af645ea1741029d9a44ae532ceb268bc"},"description":"Attacke gegeben- beim Drachenbootrennen mit vollem Einsatz!","breadcrumb":{"@id":"https:\/\/www.ebg.de\/das-fbz-halle-beim-drachenbootcup-am-start\/#breadcrumb"},"inLanguage":"en-US","potentialAction":[{"@type":"ReadAction","target":["https:\/\/www.ebg.de\/das-fbz-halle-beim-drachenbootcup-am-start\/"]}]},{"@type":"ImageObject","inLanguage":"en-US","@id":"https:\/\/www.ebg.de\/das-fbz-halle-beim-drachenbootcup-am-start\/#primaryimage","url":"https:\/\/www.ebg.de\/wp-content\/uploads\/2023\/08\/4.jpg","contentUrl":"https:\/\/www.ebg.de\/wp-content\/uploads\/2023\/08\/4.jpg","width":1818,"height":1212},{"@type":"BreadcrumbList","@id":"https:\/\/www.ebg.de\/das-fbz-halle-beim-drachenbootcup-am-start\/#breadcrumb","itemListElement":[{"@type":"ListItem","position":1,"name":"Startseite","item":"https:\/\/www.ebg.de\/"},{"@type":"ListItem","position":2,"name":"Das FBZ Halle beim Drachenbootcup auf dem Wasser"}]},{"@type":"WebSite","@id":"https:\/\/www.ebg.de\/#website","url":"https:\/\/www.ebg.de\/","name":"Europ\u00e4isches Bildungswerk f\u00fcr Beruf und Gesellschaft","description":"Bildung, Ausbildung und Weiterbildung","potentialAction":[{"@type":"SearchAction","target":{"@type":"EntryPoint","urlTemplate":"https:\/\/www.ebg.de\/?s={search_term_string}"},"query-input":{"@type":"PropertyValueSpecification","valueRequired":true,"valueName":"search_term_string"}}],"inLanguage":"en-US"},{"@type":"Person","@id":"https:\/\/www.ebg.de\/#\/schema\/person\/af645ea1741029d9a44ae532ceb268bc","name":"Stephan Deubner","image":{"@type":"ImageObject","inLanguage":"en-US","@id":"https:\/\/www.ebg.de\/#\/schema\/person\/image\/","url":"https:\/\/secure.gravatar.com\/avatar\/35731f6a08afa0518c45f153077f6135c0f41aa2ae0b76e850ef9508976a7bbe?s=96&d=mm&r=g","contentUrl":"https:\/\/secure.gravatar.com\/avatar\/35731f6a08afa0518c45f153077f6135c0f41aa2ae0b76e850ef9508976a7bbe?s=96&d=mm&r=g","caption":"Stephan Deubner"},"url":"https:\/\/www.ebg.de\/en\/author\/sdeubner\/"}]}},"_links":{"self":[{"href":"https:\/\/www.ebg.de\/en\/wp-json\/wp\/v2\/posts\/31368","targetHints":{"allow":["GET"]}}],"collection":[{"href":"https:\/\/www.ebg.de\/en\/wp-json\/wp\/v2\/posts"}],"about":[{"href":"https:\/\/www.ebg.de\/en\/wp-json\/wp\/v2\/types\/post"}],"author":[{"embeddable":true,"href":"https:\/\/www.ebg.de\/en\/wp-json\/wp\/v2\/users\/22"}],"replies":[{"embeddable":true,"href":"https:\/\/www.ebg.de\/en\/wp-json\/wp\/v2\/comments?post=31368"}],"version-history":[{"count":3,"href":"https:\/\/www.ebg.de\/en\/wp-json\/wp\/v2\/posts\/31368\/revisions"}],"predecessor-version":[{"id":31383,"href":"https:\/\/www.ebg.de\/en\/wp-json\/wp\/v2\/posts\/31368\/revisions\/31383"}],"wp:featuredmedia":[{"embeddable":true,"href":"https:\/\/www.ebg.de\/en\/wp-json\/wp\/v2\/media\/31380"}],"wp:attachment":[{"href":"https:\/\/www.ebg.de\/en\/wp-json\/wp\/v2\/media?parent=31368"}],"wp:term":[{"taxonomy":"category","embeddable":true,"href":"https:\/\/www.ebg.de\/en\/wp-json\/wp\/v2\/categories?post=31368"},{"taxonomy":"post_tag","embeddable":true,"href":"https:\/\/www.ebg.de\/en\/wp-json\/wp\/v2\/tags?post=31368"}],"curies":[{"name":"wp","href":"https:\/\/api.w.org\/{rel}","templated":true}]}}