{"id":3124,"date":"2019-01-11T13:26:18","date_gmt":"2019-01-11T12:26:18","guid":{"rendered":"https:\/\/www.ebg.de\/?p=3124"},"modified":"2019-01-14T08:51:18","modified_gmt":"2019-01-14T07:51:18","slug":"tag-der-offenen-tuer-26-1-19-von-9-00uhr-bis-13-00uhr","status":"publish","type":"post","link":"https:\/\/www.ebg.de\/en\/tag-der-offenen-tuer-26-1-19-von-9-00uhr-bis-13-00uhr\/","title":{"rendered":"Tag der offenen T\u00fcr 26.1.19 von 9.00Uhr bis 13.00Uhr"},"content":{"rendered":"<p>Kommen Sie vorbei, wir freuen uns auf Sie !!<!--more--><\/p>\n<p>Am 26.1.19 von 9.00Uhr bis 13.00Uhr \u00a0\u00f6ffnen wir unsere T\u00fcren und geben Einblicke in unser Ausbildungsangebot.<\/p>\n<p>Jeder Raum ist thematisch gef\u00fcllt. Lassen Sie sich \u00fcberraschen.<\/p>\n<p>Des Weiteren stehen Sch\u00fcler, Lehrkr\u00e4fte und ein Mitarbeiter \u00a0des BAf\u00f6G Amtes f\u00fcr Ihre Fragen bereit.<\/p>\n<p>Wir hoffen auf eine gute Resonanz und begr\u00fc\u00dfen Sie recht herzlich in unserer Schule.<\/p>\n<p>&nbsp;<\/p>\n<p>Das Team<\/p>\n","protected":false},"excerpt":{"rendered":"<p>Kommen Sie vorbei, wir freuen uns auf Sie !!<\/p>\n","protected":false},"author":19,"featured_media":3128,"comment_status":"closed","ping_status":"closed","sticky":false,"template":"","format":"standard","meta":{"_acf_changed":false,"footnotes":""},"categories":[28],"tags":[],"class_list":["post-3124","post","type-post","status-publish","format-standard","has-post-thumbnail","hentry","category-news-halberstadt-schulen"],"acf":[],"yoast_head":"<!-- This site is optimized with the Yoast SEO plugin v26.9 - https:\/\/yoast.com\/product\/yoast-seo-wordpress\/ -->\n<title>Tag der offenen T\u00fcr 26.1.19 von 9.00Uhr bis 13.00Uhr - Europ\u00e4isches Bildungswerk f\u00fcr Beruf und Gesellschaft<\/title>\n<meta name=\"robots\" content=\"index, follow, max-snippet:-1, max-image-preview:large, max-video-preview:-1\" \/>\n<link rel=\"canonical\" href=\"https:\/\/www.ebg.de\/tag-der-offenen-tuer-26-1-19-von-9-00uhr-bis-13-00uhr\/?lang=en\" \/>\n<meta property=\"og:locale\" content=\"en_US\" \/>\n<meta property=\"og:type\" content=\"article\" \/>\n<meta property=\"og:title\" content=\"Tag der offenen T\u00fcr 26.1.19 von 9.00Uhr bis 13.00Uhr - Europ\u00e4isches Bildungswerk f\u00fcr Beruf und Gesellschaft\" \/>\n<meta property=\"og:description\" content=\"Kommen Sie vorbei, wir freuen uns auf Sie !!\" \/>\n<meta property=\"og:url\" content=\"https:\/\/www.ebg.de\/tag-der-offenen-tuer-26-1-19-von-9-00uhr-bis-13-00uhr\/?lang=en\" \/>\n<meta property=\"og:site_name\" content=\"Europ\u00e4isches Bildungswerk f\u00fcr Beruf und Gesellschaft\" \/>\n<meta property=\"article:published_time\" content=\"2019-01-11T12:26:18+00:00\" \/>\n<meta property=\"article:modified_time\" content=\"2019-01-14T07:51:18+00:00\" \/>\n<meta property=\"og:image\" content=\"https:\/\/www.ebg.de\/wp-content\/uploads\/2019\/01\/IMG_8949.jpeg\" \/>\n\t<meta property=\"og:image:width\" content=\"1280\" \/>\n\t<meta property=\"og:image:height\" content=\"854\" \/>\n\t<meta property=\"og:image:type\" content=\"image\/jpeg\" \/>\n<meta name=\"author\" content=\"Nicole Jebauer\" \/>\n<meta name=\"twitter:card\" content=\"summary_large_image\" \/>\n<meta name=\"twitter:label1\" content=\"Written by\" \/>\n\t<meta name=\"twitter:data1\" content=\"Nicole Jebauer\" \/>\n<!-- \/ Yoast SEO plugin. -->","yoast_head_json":{"title":"Tag der offenen T\u00fcr 26.1.19 von 9.00Uhr bis 13.00Uhr - Europ\u00e4isches Bildungswerk f\u00fcr Beruf und Gesellschaft","robots":{"index":"index","follow":"follow","max-snippet":"max-snippet:-1","max-image-preview":"max-image-preview:large","max-video-preview":"max-video-preview:-1"},"canonical":"https:\/\/www.ebg.de\/tag-der-offenen-tuer-26-1-19-von-9-00uhr-bis-13-00uhr\/?lang=en","og_locale":"en_US","og_type":"article","og_title":"Tag der offenen T\u00fcr 26.1.19 von 9.00Uhr bis 13.00Uhr - Europ\u00e4isches Bildungswerk f\u00fcr Beruf und Gesellschaft","og_description":"Kommen Sie vorbei, wir freuen uns auf Sie !!","og_url":"https:\/\/www.ebg.de\/tag-der-offenen-tuer-26-1-19-von-9-00uhr-bis-13-00uhr\/?lang=en","og_site_name":"Europ\u00e4isches Bildungswerk f\u00fcr Beruf und Gesellschaft","article_published_time":"2019-01-11T12:26:18+00:00","article_modified_time":"2019-01-14T07:51:18+00:00","og_image":[{"width":1280,"height":854,"url":"https:\/\/www.ebg.de\/wp-content\/uploads\/2019\/01\/IMG_8949.jpeg","type":"image\/jpeg"}],"author":"Nicole Jebauer","twitter_card":"summary_large_image","twitter_misc":{"Written by":"Nicole Jebauer"},"schema":{"@context":"https:\/\/schema.org","@graph":[{"@type":"Article","@id":"https:\/\/www.ebg.de\/tag-der-offenen-tuer-26-1-19-von-9-00uhr-bis-13-00uhr\/?lang=en#article","isPartOf":{"@id":"https:\/\/www.ebg.de\/tag-der-offenen-tuer-26-1-19-von-9-00uhr-bis-13-00uhr\/?lang=en"},"author":{"name":"Nicole Jebauer","@id":"https:\/\/www.ebg.de\/#\/schema\/person\/683a730993574c6987355ff28e65a040"},"headline":"Tag der offenen T\u00fcr 26.1.19 von 9.00Uhr bis 13.00Uhr","datePublished":"2019-01-11T12:26:18+00:00","dateModified":"2019-01-14T07:51:18+00:00","mainEntityOfPage":{"@id":"https:\/\/www.ebg.de\/tag-der-offenen-tuer-26-1-19-von-9-00uhr-bis-13-00uhr\/?lang=en"},"wordCount":80,"image":{"@id":"https:\/\/www.ebg.de\/tag-der-offenen-tuer-26-1-19-von-9-00uhr-bis-13-00uhr\/?lang=en#primaryimage"},"thumbnailUrl":"https:\/\/www.ebg.de\/wp-content\/uploads\/2019\/01\/IMG_8949.jpeg","articleSection":["News - Halberstadt Schulen"],"inLanguage":"en-US"},{"@type":"WebPage","@id":"https:\/\/www.ebg.de\/tag-der-offenen-tuer-26-1-19-von-9-00uhr-bis-13-00uhr\/?lang=en","url":"https:\/\/www.ebg.de\/tag-der-offenen-tuer-26-1-19-von-9-00uhr-bis-13-00uhr\/?lang=en","name":"Tag der offenen T\u00fcr 26.1.19 von 9.00Uhr bis 13.00Uhr - Europ\u00e4isches Bildungswerk f\u00fcr Beruf und Gesellschaft","isPartOf":{"@id":"https:\/\/www.ebg.de\/#website"},"primaryImageOfPage":{"@id":"https:\/\/www.ebg.de\/tag-der-offenen-tuer-26-1-19-von-9-00uhr-bis-13-00uhr\/?lang=en#primaryimage"},"image":{"@id":"https:\/\/www.ebg.de\/tag-der-offenen-tuer-26-1-19-von-9-00uhr-bis-13-00uhr\/?lang=en#primaryimage"},"thumbnailUrl":"https:\/\/www.ebg.de\/wp-content\/uploads\/2019\/01\/IMG_8949.jpeg","datePublished":"2019-01-11T12:26:18+00:00","dateModified":"2019-01-14T07:51:18+00:00","author":{"@id":"https:\/\/www.ebg.de\/#\/schema\/person\/683a730993574c6987355ff28e65a040"},"breadcrumb":{"@id":"https:\/\/www.ebg.de\/tag-der-offenen-tuer-26-1-19-von-9-00uhr-bis-13-00uhr\/?lang=en#breadcrumb"},"inLanguage":"en-US","potentialAction":[{"@type":"ReadAction","target":["https:\/\/www.ebg.de\/tag-der-offenen-tuer-26-1-19-von-9-00uhr-bis-13-00uhr\/?lang=en"]}]},{"@type":"ImageObject","inLanguage":"en-US","@id":"https:\/\/www.ebg.de\/tag-der-offenen-tuer-26-1-19-von-9-00uhr-bis-13-00uhr\/?lang=en#primaryimage","url":"https:\/\/www.ebg.de\/wp-content\/uploads\/2019\/01\/IMG_8949.jpeg","contentUrl":"https:\/\/www.ebg.de\/wp-content\/uploads\/2019\/01\/IMG_8949.jpeg","width":1280,"height":854},{"@type":"BreadcrumbList","@id":"https:\/\/www.ebg.de\/tag-der-offenen-tuer-26-1-19-von-9-00uhr-bis-13-00uhr\/?lang=en#breadcrumb","itemListElement":[{"@type":"ListItem","position":1,"name":"Startseite","item":"https:\/\/www.ebg.de\/"},{"@type":"ListItem","position":2,"name":"Tag der offenen T\u00fcr 26.1.19 von 9.00Uhr bis 13.00Uhr"}]},{"@type":"WebSite","@id":"https:\/\/www.ebg.de\/#website","url":"https:\/\/www.ebg.de\/","name":"Europ\u00e4isches Bildungswerk f\u00fcr Beruf und Gesellschaft","description":"Bildung, Ausbildung und Weiterbildung","potentialAction":[{"@type":"SearchAction","target":{"@type":"EntryPoint","urlTemplate":"https:\/\/www.ebg.de\/?s={search_term_string}"},"query-input":{"@type":"PropertyValueSpecification","valueRequired":true,"valueName":"search_term_string"}}],"inLanguage":"en-US"},{"@type":"Person","@id":"https:\/\/www.ebg.de\/#\/schema\/person\/683a730993574c6987355ff28e65a040","name":"Nicole Jebauer","image":{"@type":"ImageObject","inLanguage":"en-US","@id":"https:\/\/www.ebg.de\/#\/schema\/person\/image\/","url":"https:\/\/secure.gravatar.com\/avatar\/e704d4f6221214865a929f4155d799645f194b6db7c64fbd461aa448c0d57b61?s=96&d=mm&r=g","contentUrl":"https:\/\/secure.gravatar.com\/avatar\/e704d4f6221214865a929f4155d799645f194b6db7c64fbd461aa448c0d57b61?s=96&d=mm&r=g","caption":"Nicole Jebauer"},"url":"https:\/\/www.ebg.de\/en\/author\/fshalberstadt\/"}]}},"_links":{"self":[{"href":"https:\/\/www.ebg.de\/en\/wp-json\/wp\/v2\/posts\/3124","targetHints":{"allow":["GET"]}}],"collection":[{"href":"https:\/\/www.ebg.de\/en\/wp-json\/wp\/v2\/posts"}],"about":[{"href":"https:\/\/www.ebg.de\/en\/wp-json\/wp\/v2\/types\/post"}],"author":[{"embeddable":true,"href":"https:\/\/www.ebg.de\/en\/wp-json\/wp\/v2\/users\/19"}],"replies":[{"embeddable":true,"href":"https:\/\/www.ebg.de\/en\/wp-json\/wp\/v2\/comments?post=3124"}],"version-history":[{"count":4,"href":"https:\/\/www.ebg.de\/en\/wp-json\/wp\/v2\/posts\/3124\/revisions"}],"predecessor-version":[{"id":3133,"href":"https:\/\/www.ebg.de\/en\/wp-json\/wp\/v2\/posts\/3124\/revisions\/3133"}],"wp:featuredmedia":[{"embeddable":true,"href":"https:\/\/www.ebg.de\/en\/wp-json\/wp\/v2\/media\/3128"}],"wp:attachment":[{"href":"https:\/\/www.ebg.de\/en\/wp-json\/wp\/v2\/media?parent=3124"}],"wp:term":[{"taxonomy":"category","embeddable":true,"href":"https:\/\/www.ebg.de\/en\/wp-json\/wp\/v2\/categories?post=3124"},{"taxonomy":"post_tag","embeddable":true,"href":"https:\/\/www.ebg.de\/en\/wp-json\/wp\/v2\/tags?post=3124"}],"curies":[{"name":"wp","href":"https:\/\/api.w.org\/{rel}","templated":true}]}}