{"id":3116,"date":"2019-01-08T09:22:03","date_gmt":"2019-01-08T08:22:03","guid":{"rendered":"https:\/\/www.ebg.de\/?p=3116"},"modified":"2019-02-06T14:20:49","modified_gmt":"2019-02-06T13:20:49","slug":"chance-2019-die-bildungs-job-und-gruendermesse-fuer-mitteldeutschland","status":"publish","type":"post","link":"https:\/\/www.ebg.de\/en\/chance-2019-die-bildungs-job-und-gruendermesse-fuer-mitteldeutschland\/","title":{"rendered":"Chance 2019 &#8211; Die Bildungs-, Job- und Gr\u00fcndermesse f\u00fcr Mitteldeutschland"},"content":{"rendered":"<p>Gem\u00e4\u00df dem Motto \u201e<strong>Zukunft selbst gestalten<\/strong>\u201c pr\u00e4sentiert sich auch in diesem Jahr wieder das <a href=\"https:\/\/www.ebg.de\/standort\/halle-schulen\/\" target=\"_blank\" rel=\"noopener\">Europ\u00e4ische Bildungswerk f\u00fcr Beruf und Gesellschaft gGmbH &#8211; Fach- und Berufsfachschulzentrum Halle<\/a> und <a href=\"https:\/\/www.ebg.de\/standort\/naumburg-schulen\/\" target=\"_blank\" rel=\"noopener\">Naumburg<\/a><!--more--> als Anlaufstelle f\u00fcr Informationen und Beratung in den Bereichen Aus-, Fort- und Weiterbildung an den staatlich anerkannten Fach- und Berufsfachschulen rund um die Themen \u00a0Ergotherapie, Altenpflege, Heilp\u00e4dagogik, Heilerziehungspflege und Erzieherausbildung in Vollzeit und Teilzeitform in Halle und Naumburg auf Sachsen-Anhalts gr\u00f6\u00dfter Veranstaltung dieser Art f\u00fcr Sch\u00fcler, Umsch\u00fcler, Studierende und Absolventen.<\/p>\n<p><strong>Besuchen Sie uns am Freitag, 11. Januar und am Samstag, 12. Januar 2019 jeweils in der Zeit 09:00 &#8211; 17:00 Uhr am <a href=\"https:\/\/www.chance-halle.de\/messe\/ausstellerverzeichnis\/avz\/detailansicht\/did\/1227873\/\" target=\"_blank\" rel=\"noopener\">Messestand A2 in der HALLE 1<\/a><\/strong><\/p>\n<p>&nbsp;<\/p>\n","protected":false},"excerpt":{"rendered":"<p>Gem\u00e4\u00df dem Motto \u201eZukunft selbst gestalten\u201c pr\u00e4sentiert sich auch in diesem Jahr wieder das Europ\u00e4ische Bildungswerk f\u00fcr Beruf und Gesellschaft gGmbH &#8211; Fach- und Berufsfachschulzentrum Halle und Naumburg<\/p>\n","protected":false},"author":18,"featured_media":3114,"comment_status":"closed","ping_status":"closed","sticky":false,"template":"","format":"standard","meta":{"_acf_changed":false,"footnotes":""},"categories":[29],"tags":[90,95,94,91,89,78,93,92],"class_list":["post-3116","post","type-post","status-publish","format-standard","has-post-thumbnail","hentry","category-news-halle-schulen","tag-90","tag-ausbildung","tag-beruf","tag-bildungsmesse","tag-chance","tag-ebg","tag-ebg-halle","tag-halle"],"acf":[],"yoast_head":"<!-- This site is optimized with the Yoast SEO plugin v26.9 - https:\/\/yoast.com\/product\/yoast-seo-wordpress\/ -->\n<title>Chance 2019 - Die Bildungs-, Job- und Gr\u00fcndermesse f\u00fcr Mitteldeutschland - Europ\u00e4isches Bildungswerk f\u00fcr Beruf und Gesellschaft<\/title>\n<meta name=\"robots\" content=\"index, follow, max-snippet:-1, max-image-preview:large, max-video-preview:-1\" \/>\n<link rel=\"canonical\" href=\"https:\/\/www.ebg.de\/chance-2019-die-bildungs-job-und-gruendermesse-fuer-mitteldeutschland\/?lang=en\" \/>\n<meta property=\"og:locale\" content=\"en_US\" \/>\n<meta property=\"og:type\" content=\"article\" \/>\n<meta property=\"og:title\" content=\"Chance 2019 - Die Bildungs-, Job- und Gr\u00fcndermesse f\u00fcr Mitteldeutschland - Europ\u00e4isches Bildungswerk f\u00fcr Beruf und Gesellschaft\" \/>\n<meta property=\"og:description\" content=\"Gem\u00e4\u00df dem Motto \u201eZukunft selbst gestalten\u201c pr\u00e4sentiert sich auch in diesem Jahr wieder das Europ\u00e4ische Bildungswerk f\u00fcr Beruf und Gesellschaft gGmbH &#8211; Fach- und Berufsfachschulzentrum Halle und Naumburg\" \/>\n<meta property=\"og:url\" content=\"https:\/\/www.ebg.de\/chance-2019-die-bildungs-job-und-gruendermesse-fuer-mitteldeutschland\/?lang=en\" \/>\n<meta property=\"og:site_name\" content=\"Europ\u00e4isches Bildungswerk f\u00fcr Beruf und Gesellschaft\" \/>\n<meta property=\"article:published_time\" content=\"2019-01-08T08:22:03+00:00\" \/>\n<meta property=\"article:modified_time\" content=\"2019-02-06T13:20:49+00:00\" \/>\n<meta property=\"og:image\" content=\"https:\/\/www.ebg.de\/wp-content\/uploads\/2019\/01\/csm_Chance-Logo_RGB_transparent_e709bccc7f.png\" \/>\n\t<meta property=\"og:image:width\" content=\"208\" \/>\n\t<meta property=\"og:image:height\" content=\"120\" \/>\n\t<meta property=\"og:image:type\" content=\"image\/png\" \/>\n<meta name=\"author\" content=\"Dagmar Gumbert\" \/>\n<meta name=\"twitter:card\" content=\"summary_large_image\" \/>\n<meta name=\"twitter:label1\" content=\"Written by\" \/>\n\t<meta name=\"twitter:data1\" content=\"Dagmar Gumbert\" \/>\n\t<meta name=\"twitter:label2\" content=\"Est. reading time\" \/>\n\t<meta name=\"twitter:data2\" content=\"1 minute\" \/>\n<!-- \/ Yoast SEO plugin. -->","yoast_head_json":{"title":"Chance 2019 - Die Bildungs-, Job- und Gr\u00fcndermesse f\u00fcr Mitteldeutschland - Europ\u00e4isches Bildungswerk f\u00fcr Beruf und Gesellschaft","robots":{"index":"index","follow":"follow","max-snippet":"max-snippet:-1","max-image-preview":"max-image-preview:large","max-video-preview":"max-video-preview:-1"},"canonical":"https:\/\/www.ebg.de\/chance-2019-die-bildungs-job-und-gruendermesse-fuer-mitteldeutschland\/?lang=en","og_locale":"en_US","og_type":"article","og_title":"Chance 2019 - Die Bildungs-, Job- und Gr\u00fcndermesse f\u00fcr Mitteldeutschland - Europ\u00e4isches Bildungswerk f\u00fcr Beruf und Gesellschaft","og_description":"Gem\u00e4\u00df dem Motto \u201eZukunft selbst gestalten\u201c pr\u00e4sentiert sich auch in diesem Jahr wieder das Europ\u00e4ische Bildungswerk f\u00fcr Beruf und Gesellschaft gGmbH &#8211; Fach- und Berufsfachschulzentrum Halle und Naumburg","og_url":"https:\/\/www.ebg.de\/chance-2019-die-bildungs-job-und-gruendermesse-fuer-mitteldeutschland\/?lang=en","og_site_name":"Europ\u00e4isches Bildungswerk f\u00fcr Beruf und Gesellschaft","article_published_time":"2019-01-08T08:22:03+00:00","article_modified_time":"2019-02-06T13:20:49+00:00","og_image":[{"width":208,"height":120,"url":"https:\/\/www.ebg.de\/wp-content\/uploads\/2019\/01\/csm_Chance-Logo_RGB_transparent_e709bccc7f.png","type":"image\/png"}],"author":"Dagmar Gumbert","twitter_card":"summary_large_image","twitter_misc":{"Written by":"Dagmar Gumbert","Est. reading time":"1 minute"},"schema":{"@context":"https:\/\/schema.org","@graph":[{"@type":"Article","@id":"https:\/\/www.ebg.de\/chance-2019-die-bildungs-job-und-gruendermesse-fuer-mitteldeutschland\/?lang=en#article","isPartOf":{"@id":"https:\/\/www.ebg.de\/chance-2019-die-bildungs-job-und-gruendermesse-fuer-mitteldeutschland\/?lang=en"},"author":{"name":"Dagmar Gumbert","@id":"https:\/\/www.ebg.de\/#\/schema\/person\/77f2f3c6647074b70ad64b8397a8edc4"},"headline":"Chance 2019 &#8211; Die Bildungs-, Job- und Gr\u00fcndermesse f\u00fcr Mitteldeutschland","datePublished":"2019-01-08T08:22:03+00:00","dateModified":"2019-02-06T13:20:49+00:00","mainEntityOfPage":{"@id":"https:\/\/www.ebg.de\/chance-2019-die-bildungs-job-und-gruendermesse-fuer-mitteldeutschland\/?lang=en"},"wordCount":121,"image":{"@id":"https:\/\/www.ebg.de\/chance-2019-die-bildungs-job-und-gruendermesse-fuer-mitteldeutschland\/?lang=en#primaryimage"},"thumbnailUrl":"https:\/\/www.ebg.de\/wp-content\/uploads\/2019\/01\/csm_Chance-Logo_RGB_transparent_e709bccc7f.png","keywords":["2019","Ausbildung","Beruf","Bildungsmesse","Chance","EBG","EBG Halle","Halle"],"articleSection":["News - Halle Schulen"],"inLanguage":"en-US"},{"@type":"WebPage","@id":"https:\/\/www.ebg.de\/chance-2019-die-bildungs-job-und-gruendermesse-fuer-mitteldeutschland\/?lang=en","url":"https:\/\/www.ebg.de\/chance-2019-die-bildungs-job-und-gruendermesse-fuer-mitteldeutschland\/?lang=en","name":"Chance 2019 - Die Bildungs-, Job- und Gr\u00fcndermesse f\u00fcr Mitteldeutschland - Europ\u00e4isches Bildungswerk f\u00fcr Beruf und Gesellschaft","isPartOf":{"@id":"https:\/\/www.ebg.de\/#website"},"primaryImageOfPage":{"@id":"https:\/\/www.ebg.de\/chance-2019-die-bildungs-job-und-gruendermesse-fuer-mitteldeutschland\/?lang=en#primaryimage"},"image":{"@id":"https:\/\/www.ebg.de\/chance-2019-die-bildungs-job-und-gruendermesse-fuer-mitteldeutschland\/?lang=en#primaryimage"},"thumbnailUrl":"https:\/\/www.ebg.de\/wp-content\/uploads\/2019\/01\/csm_Chance-Logo_RGB_transparent_e709bccc7f.png","datePublished":"2019-01-08T08:22:03+00:00","dateModified":"2019-02-06T13:20:49+00:00","author":{"@id":"https:\/\/www.ebg.de\/#\/schema\/person\/77f2f3c6647074b70ad64b8397a8edc4"},"breadcrumb":{"@id":"https:\/\/www.ebg.de\/chance-2019-die-bildungs-job-und-gruendermesse-fuer-mitteldeutschland\/?lang=en#breadcrumb"},"inLanguage":"en-US","potentialAction":[{"@type":"ReadAction","target":["https:\/\/www.ebg.de\/chance-2019-die-bildungs-job-und-gruendermesse-fuer-mitteldeutschland\/?lang=en"]}]},{"@type":"ImageObject","inLanguage":"en-US","@id":"https:\/\/www.ebg.de\/chance-2019-die-bildungs-job-und-gruendermesse-fuer-mitteldeutschland\/?lang=en#primaryimage","url":"https:\/\/www.ebg.de\/wp-content\/uploads\/2019\/01\/csm_Chance-Logo_RGB_transparent_e709bccc7f.png","contentUrl":"https:\/\/www.ebg.de\/wp-content\/uploads\/2019\/01\/csm_Chance-Logo_RGB_transparent_e709bccc7f.png","width":208,"height":120},{"@type":"BreadcrumbList","@id":"https:\/\/www.ebg.de\/chance-2019-die-bildungs-job-und-gruendermesse-fuer-mitteldeutschland\/?lang=en#breadcrumb","itemListElement":[{"@type":"ListItem","position":1,"name":"Startseite","item":"https:\/\/www.ebg.de\/"},{"@type":"ListItem","position":2,"name":"Chance 2019 &#8211; Die Bildungs-, Job- und Gr\u00fcndermesse f\u00fcr Mitteldeutschland"}]},{"@type":"WebSite","@id":"https:\/\/www.ebg.de\/#website","url":"https:\/\/www.ebg.de\/","name":"Europ\u00e4isches Bildungswerk f\u00fcr Beruf und Gesellschaft","description":"Bildung, Ausbildung und Weiterbildung","potentialAction":[{"@type":"SearchAction","target":{"@type":"EntryPoint","urlTemplate":"https:\/\/www.ebg.de\/?s={search_term_string}"},"query-input":{"@type":"PropertyValueSpecification","valueRequired":true,"valueName":"search_term_string"}}],"inLanguage":"en-US"},{"@type":"Person","@id":"https:\/\/www.ebg.de\/#\/schema\/person\/77f2f3c6647074b70ad64b8397a8edc4","name":"Dagmar Gumbert","image":{"@type":"ImageObject","inLanguage":"en-US","@id":"https:\/\/www.ebg.de\/#\/schema\/person\/image\/","url":"https:\/\/secure.gravatar.com\/avatar\/0af05cad1f550280112950cec0ccbad0d3acc2f5f0e9ed045b6857b2c4d88d49?s=96&d=mm&r=g","contentUrl":"https:\/\/secure.gravatar.com\/avatar\/0af05cad1f550280112950cec0ccbad0d3acc2f5f0e9ed045b6857b2c4d88d49?s=96&d=mm&r=g","caption":"Dagmar Gumbert"},"url":"https:\/\/www.ebg.de\/en\/author\/fshalle\/"}]}},"_links":{"self":[{"href":"https:\/\/www.ebg.de\/en\/wp-json\/wp\/v2\/posts\/3116","targetHints":{"allow":["GET"]}}],"collection":[{"href":"https:\/\/www.ebg.de\/en\/wp-json\/wp\/v2\/posts"}],"about":[{"href":"https:\/\/www.ebg.de\/en\/wp-json\/wp\/v2\/types\/post"}],"author":[{"embeddable":true,"href":"https:\/\/www.ebg.de\/en\/wp-json\/wp\/v2\/users\/18"}],"replies":[{"embeddable":true,"href":"https:\/\/www.ebg.de\/en\/wp-json\/wp\/v2\/comments?post=3116"}],"version-history":[{"count":5,"href":"https:\/\/www.ebg.de\/en\/wp-json\/wp\/v2\/posts\/3116\/revisions"}],"predecessor-version":[{"id":3294,"href":"https:\/\/www.ebg.de\/en\/wp-json\/wp\/v2\/posts\/3116\/revisions\/3294"}],"wp:featuredmedia":[{"embeddable":true,"href":"https:\/\/www.ebg.de\/en\/wp-json\/wp\/v2\/media\/3114"}],"wp:attachment":[{"href":"https:\/\/www.ebg.de\/en\/wp-json\/wp\/v2\/media?parent=3116"}],"wp:term":[{"taxonomy":"category","embeddable":true,"href":"https:\/\/www.ebg.de\/en\/wp-json\/wp\/v2\/categories?post=3116"},{"taxonomy":"post_tag","embeddable":true,"href":"https:\/\/www.ebg.de\/en\/wp-json\/wp\/v2\/tags?post=3116"}],"curies":[{"name":"wp","href":"https:\/\/api.w.org\/{rel}","templated":true}]}}