{"id":3106,"date":"2018-12-20T15:32:05","date_gmt":"2018-12-20T14:32:05","guid":{"rendered":"https:\/\/www.ebg.de\/?p=3106"},"modified":"2018-12-20T15:32:05","modified_gmt":"2018-12-20T14:32:05","slug":"abschlussfeier-einstieg-deutsch","status":"publish","type":"post","link":"https:\/\/www.ebg.de\/en\/abschlussfeier-einstieg-deutsch\/","title":{"rendered":"Abschlussfeier \u201eEinstieg Deutsch\u201c"},"content":{"rendered":"<p>Am Donnerstag, dem 20.12.2018 fand die Abschlussfeier f\u00fcr unseren \u201eEinstieg \u2013 Deutsch \u2013 Kurs\u201c in Torgau statt. <!--more-->Den Einladungen folgten auch Netzwerkpartner wie z. Bsp. das Jobcenter Nordsachsen, der Arbeitsmarktmentor des Landratsamtes Nordsachsen, DRK \u2013 Fl\u00fcchtlingssozialarbeiter sowie Mitarbeiter aus der freien Wirtschaft. In gemeinsamer Runde mit interkulturellem Essen klang das Jahr besonders sch\u00f6n aus.<br \/>\nVom Bildungszentrum Torgau wurden in diesem Jahr insgesamt 4 \u201eEinstieg &#8211; Deutsch \u2013 Kurse\u201c erfolgreich durchgef\u00fchrt. Unseren Fl\u00fcchtlingen und Migranten wurde die M\u00f6glichkeit gegeben, auch ohne Integrationskurs die deutsche Sprache zu erlernen.<\/p>\n<p>Wir w\u00fcnschen Allen frohe und besinnliche Weihnachten.<\/p>\n","protected":false},"excerpt":{"rendered":"<p>Am Donnerstag, dem 20.12.2018 fand die Abschlussfeier f\u00fcr unseren \u201eEinstieg \u2013 Deutsch \u2013 Kurs\u201c in Torgau statt.<\/p>\n","protected":false},"author":20,"featured_media":3107,"comment_status":"closed","ping_status":"closed","sticky":false,"template":"","format":"standard","meta":{"_acf_changed":false,"footnotes":""},"categories":[32],"tags":[],"class_list":["post-3106","post","type-post","status-publish","format-standard","has-post-thumbnail","hentry","category-news-torgau-bildungszentrum"],"acf":[],"yoast_head":"<!-- This site is optimized with the Yoast SEO plugin v26.9 - https:\/\/yoast.com\/product\/yoast-seo-wordpress\/ -->\n<title>Abschlussfeier \u201eEinstieg Deutsch\u201c - Europ\u00e4isches Bildungswerk f\u00fcr Beruf und Gesellschaft<\/title>\n<meta name=\"robots\" content=\"index, follow, max-snippet:-1, max-image-preview:large, max-video-preview:-1\" \/>\n<link rel=\"canonical\" href=\"https:\/\/www.ebg.de\/abschlussfeier-einstieg-deutsch\/\" \/>\n<meta property=\"og:locale\" content=\"en_US\" \/>\n<meta property=\"og:type\" content=\"article\" \/>\n<meta property=\"og:title\" content=\"Abschlussfeier \u201eEinstieg Deutsch\u201c - Europ\u00e4isches Bildungswerk f\u00fcr Beruf und Gesellschaft\" \/>\n<meta property=\"og:description\" content=\"Am Donnerstag, dem 20.12.2018 fand die Abschlussfeier f\u00fcr unseren \u201eEinstieg \u2013 Deutsch \u2013 Kurs\u201c in Torgau statt.\" \/>\n<meta property=\"og:url\" content=\"https:\/\/www.ebg.de\/abschlussfeier-einstieg-deutsch\/\" \/>\n<meta property=\"og:site_name\" content=\"Europ\u00e4isches Bildungswerk f\u00fcr Beruf und Gesellschaft\" \/>\n<meta property=\"article:published_time\" content=\"2018-12-20T14:32:05+00:00\" \/>\n<meta property=\"og:image\" content=\"https:\/\/www.ebg.de\/wp-content\/uploads\/2018\/12\/IMG-20181220-WA0008-e1545316080652.jpg\" \/>\n\t<meta property=\"og:image:width\" content=\"1512\" \/>\n\t<meta property=\"og:image:height\" content=\"760\" \/>\n\t<meta property=\"og:image:type\" content=\"image\/jpeg\" \/>\n<meta name=\"author\" content=\"Grit Blume\" \/>\n<meta name=\"twitter:card\" content=\"summary_large_image\" \/>\n<meta name=\"twitter:label1\" content=\"Written by\" \/>\n\t<meta name=\"twitter:data1\" content=\"Grit Blume\" \/>\n<!-- \/ Yoast SEO plugin. -->","yoast_head_json":{"title":"Abschlussfeier \u201eEinstieg Deutsch\u201c - Europ\u00e4isches Bildungswerk f\u00fcr Beruf und Gesellschaft","robots":{"index":"index","follow":"follow","max-snippet":"max-snippet:-1","max-image-preview":"max-image-preview:large","max-video-preview":"max-video-preview:-1"},"canonical":"https:\/\/www.ebg.de\/abschlussfeier-einstieg-deutsch\/","og_locale":"en_US","og_type":"article","og_title":"Abschlussfeier \u201eEinstieg Deutsch\u201c - Europ\u00e4isches Bildungswerk f\u00fcr Beruf und Gesellschaft","og_description":"Am Donnerstag, dem 20.12.2018 fand die Abschlussfeier f\u00fcr unseren \u201eEinstieg \u2013 Deutsch \u2013 Kurs\u201c in Torgau statt.","og_url":"https:\/\/www.ebg.de\/abschlussfeier-einstieg-deutsch\/","og_site_name":"Europ\u00e4isches Bildungswerk f\u00fcr Beruf und Gesellschaft","article_published_time":"2018-12-20T14:32:05+00:00","og_image":[{"width":1512,"height":760,"url":"https:\/\/www.ebg.de\/wp-content\/uploads\/2018\/12\/IMG-20181220-WA0008-e1545316080652.jpg","type":"image\/jpeg"}],"author":"Grit Blume","twitter_card":"summary_large_image","twitter_misc":{"Written by":"Grit Blume"},"schema":{"@context":"https:\/\/schema.org","@graph":[{"@type":"Article","@id":"https:\/\/www.ebg.de\/abschlussfeier-einstieg-deutsch\/#article","isPartOf":{"@id":"https:\/\/www.ebg.de\/abschlussfeier-einstieg-deutsch\/"},"author":{"name":"Grit Blume","@id":"https:\/\/www.ebg.de\/#\/schema\/person\/23cdca1fa5d4b3d5d1ce302c0227de63"},"headline":"Abschlussfeier \u201eEinstieg Deutsch\u201c","datePublished":"2018-12-20T14:32:05+00:00","mainEntityOfPage":{"@id":"https:\/\/www.ebg.de\/abschlussfeier-einstieg-deutsch\/"},"wordCount":97,"image":{"@id":"https:\/\/www.ebg.de\/abschlussfeier-einstieg-deutsch\/#primaryimage"},"thumbnailUrl":"https:\/\/www.ebg.de\/wp-content\/uploads\/2018\/12\/IMG-20181220-WA0008-e1545316080652.jpg","articleSection":["News - Torgau BZ"],"inLanguage":"en-US"},{"@type":"WebPage","@id":"https:\/\/www.ebg.de\/abschlussfeier-einstieg-deutsch\/","url":"https:\/\/www.ebg.de\/abschlussfeier-einstieg-deutsch\/","name":"Abschlussfeier \u201eEinstieg Deutsch\u201c - Europ\u00e4isches Bildungswerk f\u00fcr Beruf und Gesellschaft","isPartOf":{"@id":"https:\/\/www.ebg.de\/#website"},"primaryImageOfPage":{"@id":"https:\/\/www.ebg.de\/abschlussfeier-einstieg-deutsch\/#primaryimage"},"image":{"@id":"https:\/\/www.ebg.de\/abschlussfeier-einstieg-deutsch\/#primaryimage"},"thumbnailUrl":"https:\/\/www.ebg.de\/wp-content\/uploads\/2018\/12\/IMG-20181220-WA0008-e1545316080652.jpg","datePublished":"2018-12-20T14:32:05+00:00","author":{"@id":"https:\/\/www.ebg.de\/#\/schema\/person\/23cdca1fa5d4b3d5d1ce302c0227de63"},"breadcrumb":{"@id":"https:\/\/www.ebg.de\/abschlussfeier-einstieg-deutsch\/#breadcrumb"},"inLanguage":"en-US","potentialAction":[{"@type":"ReadAction","target":["https:\/\/www.ebg.de\/abschlussfeier-einstieg-deutsch\/"]}]},{"@type":"ImageObject","inLanguage":"en-US","@id":"https:\/\/www.ebg.de\/abschlussfeier-einstieg-deutsch\/#primaryimage","url":"https:\/\/www.ebg.de\/wp-content\/uploads\/2018\/12\/IMG-20181220-WA0008-e1545316080652.jpg","contentUrl":"https:\/\/www.ebg.de\/wp-content\/uploads\/2018\/12\/IMG-20181220-WA0008-e1545316080652.jpg","width":1512,"height":760},{"@type":"BreadcrumbList","@id":"https:\/\/www.ebg.de\/abschlussfeier-einstieg-deutsch\/#breadcrumb","itemListElement":[{"@type":"ListItem","position":1,"name":"Startseite","item":"https:\/\/www.ebg.de\/"},{"@type":"ListItem","position":2,"name":"Abschlussfeier \u201eEinstieg Deutsch\u201c"}]},{"@type":"WebSite","@id":"https:\/\/www.ebg.de\/#website","url":"https:\/\/www.ebg.de\/","name":"Europ\u00e4isches Bildungswerk f\u00fcr Beruf und Gesellschaft","description":"Bildung, Ausbildung und Weiterbildung","potentialAction":[{"@type":"SearchAction","target":{"@type":"EntryPoint","urlTemplate":"https:\/\/www.ebg.de\/?s={search_term_string}"},"query-input":{"@type":"PropertyValueSpecification","valueRequired":true,"valueName":"search_term_string"}}],"inLanguage":"en-US"},{"@type":"Person","@id":"https:\/\/www.ebg.de\/#\/schema\/person\/23cdca1fa5d4b3d5d1ce302c0227de63","name":"Grit Blume","image":{"@type":"ImageObject","inLanguage":"en-US","@id":"https:\/\/www.ebg.de\/#\/schema\/person\/image\/","url":"https:\/\/secure.gravatar.com\/avatar\/346a491a00b4609cac6219fdc36a0d20cadfc9895411a9f5b727dd121ed91746?s=96&d=mm&r=g","contentUrl":"https:\/\/secure.gravatar.com\/avatar\/346a491a00b4609cac6219fdc36a0d20cadfc9895411a9f5b727dd121ed91746?s=96&d=mm&r=g","caption":"Grit Blume"},"url":"https:\/\/www.ebg.de\/en\/author\/bztorgau\/"}]}},"_links":{"self":[{"href":"https:\/\/www.ebg.de\/en\/wp-json\/wp\/v2\/posts\/3106","targetHints":{"allow":["GET"]}}],"collection":[{"href":"https:\/\/www.ebg.de\/en\/wp-json\/wp\/v2\/posts"}],"about":[{"href":"https:\/\/www.ebg.de\/en\/wp-json\/wp\/v2\/types\/post"}],"author":[{"embeddable":true,"href":"https:\/\/www.ebg.de\/en\/wp-json\/wp\/v2\/users\/20"}],"replies":[{"embeddable":true,"href":"https:\/\/www.ebg.de\/en\/wp-json\/wp\/v2\/comments?post=3106"}],"version-history":[{"count":2,"href":"https:\/\/www.ebg.de\/en\/wp-json\/wp\/v2\/posts\/3106\/revisions"}],"predecessor-version":[{"id":3110,"href":"https:\/\/www.ebg.de\/en\/wp-json\/wp\/v2\/posts\/3106\/revisions\/3110"}],"wp:featuredmedia":[{"embeddable":true,"href":"https:\/\/www.ebg.de\/en\/wp-json\/wp\/v2\/media\/3107"}],"wp:attachment":[{"href":"https:\/\/www.ebg.de\/en\/wp-json\/wp\/v2\/media?parent=3106"}],"wp:term":[{"taxonomy":"category","embeddable":true,"href":"https:\/\/www.ebg.de\/en\/wp-json\/wp\/v2\/categories?post=3106"},{"taxonomy":"post_tag","embeddable":true,"href":"https:\/\/www.ebg.de\/en\/wp-json\/wp\/v2\/tags?post=3106"}],"curies":[{"name":"wp","href":"https:\/\/api.w.org\/{rel}","templated":true}]}}