{"id":30892,"date":"2023-07-11T10:02:58","date_gmt":"2023-07-11T08:02:58","guid":{"rendered":"https:\/\/www.ebg.de\/?p=30892"},"modified":"2023-07-11T10:03:07","modified_gmt":"2023-07-11T08:03:07","slug":"firmenstaffel-in-magdeburg","status":"publish","type":"post","link":"https:\/\/www.ebg.de\/en\/firmenstaffel-in-magdeburg\/","title":{"rendered":"Firmenstaffel &#038; Event am Elbauenpark"},"content":{"rendered":"\n<p>Dieses Jahr fand wieder die Firmenstaffel in Magdeburg statt. Das FBZ Magdeburg des EBG beteiligte sich zum vierten Mal von April bis Juni an der digitalen Form und konnte mit den 25 L\u00e4ufer*innen, bestehend aus Sch\u00fcler*innen und Lehrkr\u00e4ften, mit 3675 km Platz 58 von 182 erreichen. Unsere Sch\u00fclerin Sandy gewann dabei sogar die Azubinen-Sonderwertung.&nbsp;<\/p>\n\n\n\n<p>Zum ersten Mal nahm das FBZ Magdeburg auch am Event der Firmenstaffel am 06.07.2023 im Elbauenpark teil. F\u00fcnf L\u00e4ufer und L\u00e4uferinnen, bestehend aus vier Sch\u00fcler und Sch\u00fclerinnen und einer Lehrkraft, konnten Platz 87 von 496 Mannschaften unter den Mixed-Teams erk\u00e4mpfen.<\/p>\n\n\n\n<div class=\"wp-block-columns is-layout-flex wp-container-core-columns-is-layout-9d6595d7 wp-block-columns-is-layout-flex\">\n<div class=\"wp-block-column is-layout-flow wp-block-column-is-layout-flow\" style=\"flex-basis:100%\">\n<figure class=\"wp-block-gallery has-nested-images columns-default is-cropped wp-block-gallery-1 is-layout-flex wp-block-gallery-is-layout-flex\"><\/figure>\n<\/div>\n<\/div>\n\n\n\n<p><\/p>\n\n\n\n<p><\/p>\n","protected":false},"excerpt":{"rendered":"<p>Dieses Jahr fand wieder die Firmenstaffel in Magdeburg statt.<\/p>\n","protected":false},"author":8,"featured_media":30893,"comment_status":"closed","ping_status":"closed","sticky":false,"template":"","format":"standard","meta":{"_acf_changed":false,"footnotes":""},"categories":[19],"tags":[98,80,107,82,97],"class_list":["post-30892","post","type-post","status-publish","format-standard","has-post-thumbnail","hentry","category-news-magdeburg-schulen","tag-ergotherapie","tag-erzieher","tag-europaeisches-bildungswerk","tag-heilerziehungspfleger","tag-heilpaedagogik"],"acf":[],"yoast_head":"<!-- This site is optimized with the Yoast SEO plugin v26.9 - https:\/\/yoast.com\/product\/yoast-seo-wordpress\/ -->\n<title>Firmenstaffel in Magdeburg<\/title>\n<meta name=\"description\" content=\"Das Fach- und Berufsfachschulzentrum Magdeburg beteiligte sich an der Firmenstaffel.\" \/>\n<meta name=\"robots\" content=\"index, follow, max-snippet:-1, max-image-preview:large, max-video-preview:-1\" \/>\n<link rel=\"canonical\" href=\"https:\/\/www.ebg.de\/firmenstaffel-in-magdeburg\/\" \/>\n<meta property=\"og:locale\" content=\"en_US\" \/>\n<meta property=\"og:type\" content=\"article\" \/>\n<meta property=\"og:title\" content=\"Firmenstaffel in Magdeburg\" \/>\n<meta property=\"og:description\" content=\"Das Fach- und Berufsfachschulzentrum Magdeburg beteiligte sich an der Firmenstaffel.\" \/>\n<meta property=\"og:url\" content=\"https:\/\/www.ebg.de\/firmenstaffel-in-magdeburg\/\" \/>\n<meta property=\"og:site_name\" content=\"Europ\u00e4isches Bildungswerk f\u00fcr Beruf und Gesellschaft\" \/>\n<meta property=\"article:published_time\" content=\"2023-07-11T08:02:58+00:00\" \/>\n<meta property=\"article:modified_time\" content=\"2023-07-11T08:03:07+00:00\" \/>\n<meta property=\"og:image\" content=\"https:\/\/www.ebg.de\/wp-content\/uploads\/2023\/07\/firmenstaffel-fbz-magdeburg.jpg\" \/>\n\t<meta property=\"og:image:width\" content=\"500\" \/>\n\t<meta property=\"og:image:height\" content=\"281\" \/>\n\t<meta property=\"og:image:type\" content=\"image\/jpeg\" \/>\n<meta name=\"author\" content=\"Christiane Selbig\" \/>\n<meta name=\"twitter:card\" content=\"summary_large_image\" \/>\n<meta name=\"twitter:label1\" content=\"Written by\" \/>\n\t<meta name=\"twitter:data1\" content=\"Christiane Selbig\" \/>\n\t<meta name=\"twitter:label2\" content=\"Est. reading time\" \/>\n\t<meta name=\"twitter:data2\" content=\"1 minute\" \/>\n<!-- \/ Yoast SEO plugin. -->","yoast_head_json":{"title":"Firmenstaffel in Magdeburg","description":"Das Fach- und Berufsfachschulzentrum Magdeburg beteiligte sich an der Firmenstaffel.","robots":{"index":"index","follow":"follow","max-snippet":"max-snippet:-1","max-image-preview":"max-image-preview:large","max-video-preview":"max-video-preview:-1"},"canonical":"https:\/\/www.ebg.de\/firmenstaffel-in-magdeburg\/","og_locale":"en_US","og_type":"article","og_title":"Firmenstaffel in Magdeburg","og_description":"Das Fach- und Berufsfachschulzentrum Magdeburg beteiligte sich an der Firmenstaffel.","og_url":"https:\/\/www.ebg.de\/firmenstaffel-in-magdeburg\/","og_site_name":"Europ\u00e4isches Bildungswerk f\u00fcr Beruf und Gesellschaft","article_published_time":"2023-07-11T08:02:58+00:00","article_modified_time":"2023-07-11T08:03:07+00:00","og_image":[{"width":500,"height":281,"url":"https:\/\/www.ebg.de\/wp-content\/uploads\/2023\/07\/firmenstaffel-fbz-magdeburg.jpg","type":"image\/jpeg"}],"author":"Christiane Selbig","twitter_card":"summary_large_image","twitter_misc":{"Written by":"Christiane Selbig","Est. reading time":"1 minute"},"schema":{"@context":"https:\/\/schema.org","@graph":[{"@type":"Article","@id":"https:\/\/www.ebg.de\/firmenstaffel-in-magdeburg\/#article","isPartOf":{"@id":"https:\/\/www.ebg.de\/firmenstaffel-in-magdeburg\/"},"author":{"name":"Christiane Selbig","@id":"https:\/\/www.ebg.de\/#\/schema\/person\/841de16928f485ad75bab4e688fe3436"},"headline":"Firmenstaffel &#038; Event am Elbauenpark","datePublished":"2023-07-11T08:02:58+00:00","dateModified":"2023-07-11T08:03:07+00:00","mainEntityOfPage":{"@id":"https:\/\/www.ebg.de\/firmenstaffel-in-magdeburg\/"},"wordCount":104,"image":{"@id":"https:\/\/www.ebg.de\/firmenstaffel-in-magdeburg\/#primaryimage"},"thumbnailUrl":"https:\/\/www.ebg.de\/wp-content\/uploads\/2023\/07\/firmenstaffel-fbz-magdeburg.jpg","keywords":["Ergotherapie","Erzieher","Europ\u00e4isches Bildungswerk","Heilerziehungspfleger","Heilp\u00e4dagogik"],"articleSection":["News - Magdeburg Schulen"],"inLanguage":"en-US"},{"@type":"WebPage","@id":"https:\/\/www.ebg.de\/firmenstaffel-in-magdeburg\/","url":"https:\/\/www.ebg.de\/firmenstaffel-in-magdeburg\/","name":"Firmenstaffel in Magdeburg","isPartOf":{"@id":"https:\/\/www.ebg.de\/#website"},"primaryImageOfPage":{"@id":"https:\/\/www.ebg.de\/firmenstaffel-in-magdeburg\/#primaryimage"},"image":{"@id":"https:\/\/www.ebg.de\/firmenstaffel-in-magdeburg\/#primaryimage"},"thumbnailUrl":"https:\/\/www.ebg.de\/wp-content\/uploads\/2023\/07\/firmenstaffel-fbz-magdeburg.jpg","datePublished":"2023-07-11T08:02:58+00:00","dateModified":"2023-07-11T08:03:07+00:00","author":{"@id":"https:\/\/www.ebg.de\/#\/schema\/person\/841de16928f485ad75bab4e688fe3436"},"description":"Das Fach- und Berufsfachschulzentrum Magdeburg beteiligte sich an der Firmenstaffel.","breadcrumb":{"@id":"https:\/\/www.ebg.de\/firmenstaffel-in-magdeburg\/#breadcrumb"},"inLanguage":"en-US","potentialAction":[{"@type":"ReadAction","target":["https:\/\/www.ebg.de\/firmenstaffel-in-magdeburg\/"]}]},{"@type":"ImageObject","inLanguage":"en-US","@id":"https:\/\/www.ebg.de\/firmenstaffel-in-magdeburg\/#primaryimage","url":"https:\/\/www.ebg.de\/wp-content\/uploads\/2023\/07\/firmenstaffel-fbz-magdeburg.jpg","contentUrl":"https:\/\/www.ebg.de\/wp-content\/uploads\/2023\/07\/firmenstaffel-fbz-magdeburg.jpg","width":500,"height":281,"caption":"Team des Fach- und Berufsfachschulzentrums Magdeburg nach der absolvierten Firmenstaffel"},{"@type":"BreadcrumbList","@id":"https:\/\/www.ebg.de\/firmenstaffel-in-magdeburg\/#breadcrumb","itemListElement":[{"@type":"ListItem","position":1,"name":"Startseite","item":"https:\/\/www.ebg.de\/"},{"@type":"ListItem","position":2,"name":"Firmenstaffel &#038; Event am Elbauenpark"}]},{"@type":"WebSite","@id":"https:\/\/www.ebg.de\/#website","url":"https:\/\/www.ebg.de\/","name":"Europ\u00e4isches Bildungswerk f\u00fcr Beruf und Gesellschaft","description":"Bildung, Ausbildung und Weiterbildung","potentialAction":[{"@type":"SearchAction","target":{"@type":"EntryPoint","urlTemplate":"https:\/\/www.ebg.de\/?s={search_term_string}"},"query-input":{"@type":"PropertyValueSpecification","valueRequired":true,"valueName":"search_term_string"}}],"inLanguage":"en-US"},{"@type":"Person","@id":"https:\/\/www.ebg.de\/#\/schema\/person\/841de16928f485ad75bab4e688fe3436","name":"Christiane Selbig","image":{"@type":"ImageObject","inLanguage":"en-US","@id":"https:\/\/www.ebg.de\/#\/schema\/person\/image\/","url":"https:\/\/secure.gravatar.com\/avatar\/2cc1d2ea88bd46e448d57ac18ac9f028486b7c08a90951b9d99326eeec001739?s=96&d=mm&r=g","contentUrl":"https:\/\/secure.gravatar.com\/avatar\/2cc1d2ea88bd46e448d57ac18ac9f028486b7c08a90951b9d99326eeec001739?s=96&d=mm&r=g","caption":"Christiane Selbig"},"url":"https:\/\/www.ebg.de\/en\/author\/cselbig\/"}]}},"_links":{"self":[{"href":"https:\/\/www.ebg.de\/en\/wp-json\/wp\/v2\/posts\/30892","targetHints":{"allow":["GET"]}}],"collection":[{"href":"https:\/\/www.ebg.de\/en\/wp-json\/wp\/v2\/posts"}],"about":[{"href":"https:\/\/www.ebg.de\/en\/wp-json\/wp\/v2\/types\/post"}],"author":[{"embeddable":true,"href":"https:\/\/www.ebg.de\/en\/wp-json\/wp\/v2\/users\/8"}],"replies":[{"embeddable":true,"href":"https:\/\/www.ebg.de\/en\/wp-json\/wp\/v2\/comments?post=30892"}],"version-history":[{"count":2,"href":"https:\/\/www.ebg.de\/en\/wp-json\/wp\/v2\/posts\/30892\/revisions"}],"predecessor-version":[{"id":30896,"href":"https:\/\/www.ebg.de\/en\/wp-json\/wp\/v2\/posts\/30892\/revisions\/30896"}],"wp:featuredmedia":[{"embeddable":true,"href":"https:\/\/www.ebg.de\/en\/wp-json\/wp\/v2\/media\/30893"}],"wp:attachment":[{"href":"https:\/\/www.ebg.de\/en\/wp-json\/wp\/v2\/media?parent=30892"}],"wp:term":[{"taxonomy":"category","embeddable":true,"href":"https:\/\/www.ebg.de\/en\/wp-json\/wp\/v2\/categories?post=30892"},{"taxonomy":"post_tag","embeddable":true,"href":"https:\/\/www.ebg.de\/en\/wp-json\/wp\/v2\/tags?post=30892"}],"curies":[{"name":"wp","href":"https:\/\/api.w.org\/{rel}","templated":true}]}}