{"id":30659,"date":"2023-07-05T10:19:02","date_gmt":"2023-07-05T08:19:02","guid":{"rendered":"https:\/\/www.ebg.de\/?p=30659"},"modified":"2023-07-05T10:22:46","modified_gmt":"2023-07-05T08:22:46","slug":"erfahrungsaustausch-am-tag-der-offenen-tuer","status":"publish","type":"post","link":"https:\/\/www.ebg.de\/en\/erfahrungsaustausch-am-tag-der-offenen-tuer\/","title":{"rendered":"Erfahrungsaustausch am Tag der offenen T\u00fcr"},"content":{"rendered":"\n<p>Am 06. Mai 2023 haben wir zum Alumni-Treffen und zum Tag der offenen T\u00fcr geladen.<br>Interessierte Besucher kamen mit ehemaligen Sch\u00fclern und Sch\u00fclerinnen ins Gespr\u00e4ch. Sch\u00f6n war es f\u00fcr die \u201eEhemaligen\u201c mit den Kollegen und Kolleginnen in Erinnerungen zu schwelgen.<\/p>\n\n\n\n<div class=\"wp-block-columns is-layout-flex wp-container-core-columns-is-layout-9d6595d7 wp-block-columns-is-layout-flex\">\n<div class=\"wp-block-column is-layout-flow wp-block-column-is-layout-flow\" style=\"flex-basis:100%\">\n<figure class=\"wp-block-gallery has-nested-images columns-default is-cropped wp-block-gallery-1 is-layout-flex wp-block-gallery-is-layout-flex\"><\/figure>\n<\/div>\n<\/div>\n\n\n\n<p><\/p>\n\n\n\n<p><\/p>\n","protected":false},"excerpt":{"rendered":"<p>Erfahrungsaustausch am Tag der offenen T\u00fcr zwischen interessierten und ehemaligen Sch\u00fclern\/Sch\u00fclerinnen \u2026 <\/p>\n","protected":false},"author":8,"featured_media":30660,"comment_status":"closed","ping_status":"closed","sticky":false,"template":"","format":"standard","meta":{"_acf_changed":false,"footnotes":""},"categories":[19],"tags":[98,80,107,82,97],"class_list":["post-30659","post","type-post","status-publish","format-standard","has-post-thumbnail","hentry","category-news-magdeburg-schulen","tag-ergotherapie","tag-erzieher","tag-europaeisches-bildungswerk","tag-heilerziehungspfleger","tag-heilpaedagogik"],"acf":[],"yoast_head":"<!-- This site is optimized with the Yoast SEO plugin v26.9 - https:\/\/yoast.com\/product\/yoast-seo-wordpress\/ -->\n<title>Erfahrungsaustausch zwischen Sch\u00fclern<\/title>\n<meta name=\"description\" content=\"Erfahrungsaustausch zwischen interessierten Sch\u00fclern und ehemaligen Sch\u00fclern\" \/>\n<meta name=\"robots\" content=\"index, follow, max-snippet:-1, max-image-preview:large, max-video-preview:-1\" \/>\n<link rel=\"canonical\" href=\"https:\/\/www.ebg.de\/erfahrungsaustausch-am-tag-der-offenen-tuer\/\" \/>\n<meta property=\"og:locale\" content=\"en_US\" \/>\n<meta property=\"og:type\" content=\"article\" \/>\n<meta property=\"og:title\" content=\"Erfahrungsaustausch zwischen Sch\u00fclern\" \/>\n<meta property=\"og:description\" content=\"Erfahrungsaustausch zwischen interessierten Sch\u00fclern und ehemaligen Sch\u00fclern\" \/>\n<meta property=\"og:url\" content=\"https:\/\/www.ebg.de\/erfahrungsaustausch-am-tag-der-offenen-tuer\/\" \/>\n<meta property=\"og:site_name\" content=\"Europ\u00e4isches Bildungswerk f\u00fcr Beruf und Gesellschaft\" \/>\n<meta property=\"article:published_time\" content=\"2023-07-05T08:19:02+00:00\" \/>\n<meta property=\"article:modified_time\" content=\"2023-07-05T08:22:46+00:00\" \/>\n<meta property=\"og:image\" content=\"https:\/\/www.ebg.de\/wp-content\/uploads\/2023\/07\/tag-der-offenen-tuer-magdeburg-1.jpg\" \/>\n\t<meta property=\"og:image:width\" content=\"500\" \/>\n\t<meta property=\"og:image:height\" content=\"281\" \/>\n\t<meta property=\"og:image:type\" content=\"image\/jpeg\" \/>\n<meta name=\"author\" content=\"Christiane Selbig\" \/>\n<meta name=\"twitter:card\" content=\"summary_large_image\" \/>\n<meta name=\"twitter:label1\" content=\"Written by\" \/>\n\t<meta name=\"twitter:data1\" content=\"Christiane Selbig\" \/>\n\t<meta name=\"twitter:label2\" content=\"Est. reading time\" \/>\n\t<meta name=\"twitter:data2\" content=\"1 minute\" \/>\n<!-- \/ Yoast SEO plugin. -->","yoast_head_json":{"title":"Erfahrungsaustausch zwischen Sch\u00fclern","description":"Erfahrungsaustausch zwischen interessierten Sch\u00fclern und ehemaligen Sch\u00fclern","robots":{"index":"index","follow":"follow","max-snippet":"max-snippet:-1","max-image-preview":"max-image-preview:large","max-video-preview":"max-video-preview:-1"},"canonical":"https:\/\/www.ebg.de\/erfahrungsaustausch-am-tag-der-offenen-tuer\/","og_locale":"en_US","og_type":"article","og_title":"Erfahrungsaustausch zwischen Sch\u00fclern","og_description":"Erfahrungsaustausch zwischen interessierten Sch\u00fclern und ehemaligen Sch\u00fclern","og_url":"https:\/\/www.ebg.de\/erfahrungsaustausch-am-tag-der-offenen-tuer\/","og_site_name":"Europ\u00e4isches Bildungswerk f\u00fcr Beruf und Gesellschaft","article_published_time":"2023-07-05T08:19:02+00:00","article_modified_time":"2023-07-05T08:22:46+00:00","og_image":[{"width":500,"height":281,"url":"https:\/\/www.ebg.de\/wp-content\/uploads\/2023\/07\/tag-der-offenen-tuer-magdeburg-1.jpg","type":"image\/jpeg"}],"author":"Christiane Selbig","twitter_card":"summary_large_image","twitter_misc":{"Written by":"Christiane Selbig","Est. reading time":"1 minute"},"schema":{"@context":"https:\/\/schema.org","@graph":[{"@type":"Article","@id":"https:\/\/www.ebg.de\/erfahrungsaustausch-am-tag-der-offenen-tuer\/#article","isPartOf":{"@id":"https:\/\/www.ebg.de\/erfahrungsaustausch-am-tag-der-offenen-tuer\/"},"author":{"name":"Christiane Selbig","@id":"https:\/\/www.ebg.de\/#\/schema\/person\/841de16928f485ad75bab4e688fe3436"},"headline":"Erfahrungsaustausch am Tag der offenen T\u00fcr","datePublished":"2023-07-05T08:19:02+00:00","dateModified":"2023-07-05T08:22:46+00:00","mainEntityOfPage":{"@id":"https:\/\/www.ebg.de\/erfahrungsaustausch-am-tag-der-offenen-tuer\/"},"wordCount":51,"image":{"@id":"https:\/\/www.ebg.de\/erfahrungsaustausch-am-tag-der-offenen-tuer\/#primaryimage"},"thumbnailUrl":"https:\/\/www.ebg.de\/wp-content\/uploads\/2023\/07\/tag-der-offenen-tuer-magdeburg-1.jpg","keywords":["Ergotherapie","Erzieher","Europ\u00e4isches Bildungswerk","Heilerziehungspfleger","Heilp\u00e4dagogik"],"articleSection":["News - Magdeburg Schulen"],"inLanguage":"en-US"},{"@type":"WebPage","@id":"https:\/\/www.ebg.de\/erfahrungsaustausch-am-tag-der-offenen-tuer\/","url":"https:\/\/www.ebg.de\/erfahrungsaustausch-am-tag-der-offenen-tuer\/","name":"Erfahrungsaustausch zwischen Sch\u00fclern","isPartOf":{"@id":"https:\/\/www.ebg.de\/#website"},"primaryImageOfPage":{"@id":"https:\/\/www.ebg.de\/erfahrungsaustausch-am-tag-der-offenen-tuer\/#primaryimage"},"image":{"@id":"https:\/\/www.ebg.de\/erfahrungsaustausch-am-tag-der-offenen-tuer\/#primaryimage"},"thumbnailUrl":"https:\/\/www.ebg.de\/wp-content\/uploads\/2023\/07\/tag-der-offenen-tuer-magdeburg-1.jpg","datePublished":"2023-07-05T08:19:02+00:00","dateModified":"2023-07-05T08:22:46+00:00","author":{"@id":"https:\/\/www.ebg.de\/#\/schema\/person\/841de16928f485ad75bab4e688fe3436"},"description":"Erfahrungsaustausch zwischen interessierten Sch\u00fclern und ehemaligen Sch\u00fclern","breadcrumb":{"@id":"https:\/\/www.ebg.de\/erfahrungsaustausch-am-tag-der-offenen-tuer\/#breadcrumb"},"inLanguage":"en-US","potentialAction":[{"@type":"ReadAction","target":["https:\/\/www.ebg.de\/erfahrungsaustausch-am-tag-der-offenen-tuer\/"]}]},{"@type":"ImageObject","inLanguage":"en-US","@id":"https:\/\/www.ebg.de\/erfahrungsaustausch-am-tag-der-offenen-tuer\/#primaryimage","url":"https:\/\/www.ebg.de\/wp-content\/uploads\/2023\/07\/tag-der-offenen-tuer-magdeburg-1.jpg","contentUrl":"https:\/\/www.ebg.de\/wp-content\/uploads\/2023\/07\/tag-der-offenen-tuer-magdeburg-1.jpg","width":500,"height":281,"caption":"Schulleiterin Sabine Moch beim Tag der offenen T\u00fcr"},{"@type":"BreadcrumbList","@id":"https:\/\/www.ebg.de\/erfahrungsaustausch-am-tag-der-offenen-tuer\/#breadcrumb","itemListElement":[{"@type":"ListItem","position":1,"name":"Startseite","item":"https:\/\/www.ebg.de\/"},{"@type":"ListItem","position":2,"name":"Erfahrungsaustausch am Tag der offenen T\u00fcr"}]},{"@type":"WebSite","@id":"https:\/\/www.ebg.de\/#website","url":"https:\/\/www.ebg.de\/","name":"Europ\u00e4isches Bildungswerk f\u00fcr Beruf und Gesellschaft","description":"Bildung, Ausbildung und Weiterbildung","potentialAction":[{"@type":"SearchAction","target":{"@type":"EntryPoint","urlTemplate":"https:\/\/www.ebg.de\/?s={search_term_string}"},"query-input":{"@type":"PropertyValueSpecification","valueRequired":true,"valueName":"search_term_string"}}],"inLanguage":"en-US"},{"@type":"Person","@id":"https:\/\/www.ebg.de\/#\/schema\/person\/841de16928f485ad75bab4e688fe3436","name":"Christiane Selbig","image":{"@type":"ImageObject","inLanguage":"en-US","@id":"https:\/\/www.ebg.de\/#\/schema\/person\/image\/","url":"https:\/\/secure.gravatar.com\/avatar\/2cc1d2ea88bd46e448d57ac18ac9f028486b7c08a90951b9d99326eeec001739?s=96&d=mm&r=g","contentUrl":"https:\/\/secure.gravatar.com\/avatar\/2cc1d2ea88bd46e448d57ac18ac9f028486b7c08a90951b9d99326eeec001739?s=96&d=mm&r=g","caption":"Christiane Selbig"},"url":"https:\/\/www.ebg.de\/en\/author\/cselbig\/"}]}},"_links":{"self":[{"href":"https:\/\/www.ebg.de\/en\/wp-json\/wp\/v2\/posts\/30659","targetHints":{"allow":["GET"]}}],"collection":[{"href":"https:\/\/www.ebg.de\/en\/wp-json\/wp\/v2\/posts"}],"about":[{"href":"https:\/\/www.ebg.de\/en\/wp-json\/wp\/v2\/types\/post"}],"author":[{"embeddable":true,"href":"https:\/\/www.ebg.de\/en\/wp-json\/wp\/v2\/users\/8"}],"replies":[{"embeddable":true,"href":"https:\/\/www.ebg.de\/en\/wp-json\/wp\/v2\/comments?post=30659"}],"version-history":[{"count":3,"href":"https:\/\/www.ebg.de\/en\/wp-json\/wp\/v2\/posts\/30659\/revisions"}],"predecessor-version":[{"id":30665,"href":"https:\/\/www.ebg.de\/en\/wp-json\/wp\/v2\/posts\/30659\/revisions\/30665"}],"wp:featuredmedia":[{"embeddable":true,"href":"https:\/\/www.ebg.de\/en\/wp-json\/wp\/v2\/media\/30660"}],"wp:attachment":[{"href":"https:\/\/www.ebg.de\/en\/wp-json\/wp\/v2\/media?parent=30659"}],"wp:term":[{"taxonomy":"category","embeddable":true,"href":"https:\/\/www.ebg.de\/en\/wp-json\/wp\/v2\/categories?post=30659"},{"taxonomy":"post_tag","embeddable":true,"href":"https:\/\/www.ebg.de\/en\/wp-json\/wp\/v2\/tags?post=30659"}],"curies":[{"name":"wp","href":"https:\/\/api.w.org\/{rel}","templated":true}]}}