{"id":30397,"date":"2023-06-27T08:14:38","date_gmt":"2023-06-27T06:14:38","guid":{"rendered":"https:\/\/www.ebg.de\/?p=30397"},"modified":"2023-06-27T08:15:45","modified_gmt":"2023-06-27T06:15:45","slug":"evbb-konferenz-zu-innovativen-methoden-beruflicher-bildung","status":"publish","type":"post","link":"https:\/\/www.ebg.de\/en\/evbb-konferenz-zu-innovativen-methoden-beruflicher-bildung\/","title":{"rendered":"EVBB-Konferenz zu innovativen Methoden beruflicher Bildung"},"content":{"rendered":"\n<p>Als Gr\u00fcndungsmitglied des Europ\u00e4ischen Verbandes Beruflicher Bildungstr\u00e4ger (EVBB) e. V. nahm das Europ\u00e4ische Bildungswerk f\u00fcr Beruf und Gesellschaft auch in diesem Jahr an der internationalen Konferenz des EVBB teil und informierte sich \u00fcber neue Trends und Entwicklungen der beruflichen Bildung.<\/p>\n\n\n\n<figure class=\"wp-block-gallery has-nested-images columns-default is-cropped wp-block-gallery-1 is-layout-flex wp-block-gallery-is-layout-flex\">\n<figure class=\"wp-block-image size-large\"><img loading=\"lazy\" decoding=\"async\" width=\"2016\" height=\"1134\" data-id=\"30398\" src=\"https:\/\/www.ebg.de\/wp-content\/uploads\/2023\/06\/6-1024x576.jpg\" alt=\"\" class=\"wp-image-30398\" srcset=\"https:\/\/www.ebg.de\/wp-content\/uploads\/2023\/06\/6-1024x576.jpg 1024w, https:\/\/www.ebg.de\/wp-content\/uploads\/2023\/06\/6-300x169.jpg 300w, https:\/\/www.ebg.de\/wp-content\/uploads\/2023\/06\/6-768x432.jpg 768w, https:\/\/www.ebg.de\/wp-content\/uploads\/2023\/06\/6-1536x864.jpg 1536w, https:\/\/www.ebg.de\/wp-content\/uploads\/2023\/06\/6-900x506.jpg 900w, https:\/\/www.ebg.de\/wp-content\/uploads\/2023\/06\/6-1200x675.jpg 1200w, https:\/\/www.ebg.de\/wp-content\/uploads\/2023\/06\/6.jpg 2016w\" sizes=\"auto, (max-width: 2016px) 100vw, 2016px\" \/><\/figure>\n<\/figure>\n\n\n\n<p><\/p>\n\n\n\n<p>Die Konferenz fand vom 8. bis 10. Juni im schwedischen Uppsala statt. Partner bei der Durchf\u00fchrung war die renommierte &#8220;Folkuniversitetet Uppsala&#8221;.<\/p>\n\n\n\n<p><\/p>\n\n\n\n<p><\/p>\n\n\n\n<figure class=\"wp-block-gallery has-nested-images columns-default is-cropped wp-block-gallery-2 is-layout-flex wp-block-gallery-is-layout-flex\">\n<figure class=\"wp-block-image size-large\"><img loading=\"lazy\" decoding=\"async\" width=\"1024\" height=\"768\" data-id=\"30459\" src=\"https:\/\/www.ebg.de\/wp-content\/uploads\/2023\/06\/5-1024x768.jpg\" alt=\"St\u00e4rkung in Uppsala\" class=\"wp-image-30459\" srcset=\"https:\/\/www.ebg.de\/wp-content\/uploads\/2023\/06\/5-1024x768.jpg 1024w, https:\/\/www.ebg.de\/wp-content\/uploads\/2023\/06\/5-300x225.jpg 300w, https:\/\/www.ebg.de\/wp-content\/uploads\/2023\/06\/5-768x576.jpg 768w, https:\/\/www.ebg.de\/wp-content\/uploads\/2023\/06\/5-1536x1152.jpg 1536w, https:\/\/www.ebg.de\/wp-content\/uploads\/2023\/06\/5-900x675.jpg 900w, https:\/\/www.ebg.de\/wp-content\/uploads\/2023\/06\/5-1200x900.jpg 1200w, https:\/\/www.ebg.de\/wp-content\/uploads\/2023\/06\/5-rotated.jpg 2016w\" sizes=\"auto, (max-width: 1024px) 100vw, 1024px\" \/><\/figure>\n\n\n\n<figure class=\"wp-block-image size-large\"><img loading=\"lazy\" decoding=\"async\" width=\"1024\" height=\"577\" data-id=\"30455\" src=\"https:\/\/www.ebg.de\/wp-content\/uploads\/2023\/06\/IMG-20230616-WA0001-1024x577.jpg\" alt=\"\" class=\"wp-image-30455\" srcset=\"https:\/\/www.ebg.de\/wp-content\/uploads\/2023\/06\/IMG-20230616-WA0001-1024x577.jpg 1024w, https:\/\/www.ebg.de\/wp-content\/uploads\/2023\/06\/IMG-20230616-WA0001-300x169.jpg 300w, https:\/\/www.ebg.de\/wp-content\/uploads\/2023\/06\/IMG-20230616-WA0001-768x433.jpg 768w, https:\/\/www.ebg.de\/wp-content\/uploads\/2023\/06\/IMG-20230616-WA0001-1536x866.jpg 1536w, https:\/\/www.ebg.de\/wp-content\/uploads\/2023\/06\/IMG-20230616-WA0001-900x507.jpg 900w, https:\/\/www.ebg.de\/wp-content\/uploads\/2023\/06\/IMG-20230616-WA0001-1200x677.jpg 1200w, https:\/\/www.ebg.de\/wp-content\/uploads\/2023\/06\/IMG-20230616-WA0001.jpg 1600w\" sizes=\"auto, (max-width: 1024px) 100vw, 1024px\" \/><\/figure>\n\n\n\n<figure class=\"wp-block-image size-large\"><img loading=\"lazy\" decoding=\"async\" width=\"1024\" height=\"576\" data-id=\"30449\" src=\"https:\/\/www.ebg.de\/wp-content\/uploads\/2023\/06\/IMG-20230616-WA0003-1024x576.jpg\" alt=\"\" class=\"wp-image-30449\" srcset=\"https:\/\/www.ebg.de\/wp-content\/uploads\/2023\/06\/IMG-20230616-WA0003-1024x576.jpg 1024w, https:\/\/www.ebg.de\/wp-content\/uploads\/2023\/06\/IMG-20230616-WA0003-300x169.jpg 300w, https:\/\/www.ebg.de\/wp-content\/uploads\/2023\/06\/IMG-20230616-WA0003-768x432.jpg 768w, https:\/\/www.ebg.de\/wp-content\/uploads\/2023\/06\/IMG-20230616-WA0003-1536x864.jpg 1536w, https:\/\/www.ebg.de\/wp-content\/uploads\/2023\/06\/IMG-20230616-WA0003-900x506.jpg 900w, https:\/\/www.ebg.de\/wp-content\/uploads\/2023\/06\/IMG-20230616-WA0003-1200x675.jpg 1200w, https:\/\/www.ebg.de\/wp-content\/uploads\/2023\/06\/IMG-20230616-WA0003.jpg 1600w\" sizes=\"auto, (max-width: 1024px) 100vw, 1024px\" \/><\/figure>\n\n\n\n<figure class=\"wp-block-image size-large\"><img loading=\"lazy\" decoding=\"async\" width=\"1024\" height=\"576\" data-id=\"30453\" src=\"https:\/\/www.ebg.de\/wp-content\/uploads\/2023\/06\/IMG-20230616-WA0000-1024x576.jpg\" alt=\"\" class=\"wp-image-30453\" srcset=\"https:\/\/www.ebg.de\/wp-content\/uploads\/2023\/06\/IMG-20230616-WA0000-1024x576.jpg 1024w, https:\/\/www.ebg.de\/wp-content\/uploads\/2023\/06\/IMG-20230616-WA0000-300x169.jpg 300w, https:\/\/www.ebg.de\/wp-content\/uploads\/2023\/06\/IMG-20230616-WA0000-768x432.jpg 768w, https:\/\/www.ebg.de\/wp-content\/uploads\/2023\/06\/IMG-20230616-WA0000-1536x864.jpg 1536w, https:\/\/www.ebg.de\/wp-content\/uploads\/2023\/06\/IMG-20230616-WA0000-900x506.jpg 900w, https:\/\/www.ebg.de\/wp-content\/uploads\/2023\/06\/IMG-20230616-WA0000-1200x675.jpg 1200w, https:\/\/www.ebg.de\/wp-content\/uploads\/2023\/06\/IMG-20230616-WA0000.jpg 1600w\" sizes=\"auto, (max-width: 1024px) 100vw, 1024px\" \/><\/figure>\n\n\n\n<figure class=\"wp-block-image size-large\"><img loading=\"lazy\" decoding=\"async\" width=\"576\" height=\"1024\" data-id=\"30451\" src=\"https:\/\/www.ebg.de\/wp-content\/uploads\/2023\/06\/IMG-20230616-WA0006-576x1024.jpg\" alt=\"Prof. Dr. Beckmann\" class=\"wp-image-30451\" srcset=\"https:\/\/www.ebg.de\/wp-content\/uploads\/2023\/06\/IMG-20230616-WA0006-576x1024.jpg 576w, https:\/\/www.ebg.de\/wp-content\/uploads\/2023\/06\/IMG-20230616-WA0006-169x300.jpg 169w, https:\/\/www.ebg.de\/wp-content\/uploads\/2023\/06\/IMG-20230616-WA0006-768x1365.jpg 768w, https:\/\/www.ebg.de\/wp-content\/uploads\/2023\/06\/IMG-20230616-WA0006-864x1536.jpg 864w, https:\/\/www.ebg.de\/wp-content\/uploads\/2023\/06\/IMG-20230616-WA0006-900x1600.jpg 900w, https:\/\/www.ebg.de\/wp-content\/uploads\/2023\/06\/IMG-20230616-WA0006.jpg 1134w\" sizes=\"auto, (max-width: 576px) 100vw, 576px\" \/><\/figure>\n<\/figure>\n\n\n\n<p><\/p>\n\n\n\n<p><\/p>\n\n\n\n<p>Wir freuten uns, in Uppsala Gast sein zu d\u00fcrfen und \u00fcber die M\u00f6glichkeit, mit Branchenf\u00fchrern in Kontakt zu treten und Einblicke in neue technologische Fortschritte und innovative Strategien f\u00fcr die Integration von IKT-L\u00f6sungen in unser Berufsbildungsangebot zu erkunden.<\/p>\n\n\n\n<p><\/p>\n\n\n\n<p><\/p>\n\n\n\n<figure class=\"wp-block-gallery has-nested-images columns-default is-cropped wp-block-gallery-3 is-layout-flex wp-block-gallery-is-layout-flex\"><div class=\"wp-block-image\">\n<figure class=\"aligncenter size-large\"><img loading=\"lazy\" decoding=\"async\" width=\"1024\" height=\"577\" data-id=\"30478\" src=\"https:\/\/www.ebg.de\/wp-content\/uploads\/2023\/06\/IMG-20230616-WA0005-2-1024x577.jpg\" alt=\"\" class=\"wp-image-30478\" srcset=\"https:\/\/www.ebg.de\/wp-content\/uploads\/2023\/06\/IMG-20230616-WA0005-2-1024x577.jpg 1024w, https:\/\/www.ebg.de\/wp-content\/uploads\/2023\/06\/IMG-20230616-WA0005-2-300x169.jpg 300w, https:\/\/www.ebg.de\/wp-content\/uploads\/2023\/06\/IMG-20230616-WA0005-2-768x433.jpg 768w, https:\/\/www.ebg.de\/wp-content\/uploads\/2023\/06\/IMG-20230616-WA0005-2-1536x866.jpg 1536w, https:\/\/www.ebg.de\/wp-content\/uploads\/2023\/06\/IMG-20230616-WA0005-2-900x507.jpg 900w, https:\/\/www.ebg.de\/wp-content\/uploads\/2023\/06\/IMG-20230616-WA0005-2-1200x677.jpg 1200w, https:\/\/www.ebg.de\/wp-content\/uploads\/2023\/06\/IMG-20230616-WA0005-2.jpg 1600w\" sizes=\"auto, (max-width: 1024px) 100vw, 1024px\" \/><\/figure>\n<\/div><\/figure>\n","protected":false},"excerpt":{"rendered":"<p>Die Konferenz fand vom 8. bis 10. Juni im schwedischen Uppsala statt.<\/p>\n","protected":false},"author":22,"featured_media":30449,"comment_status":"closed","ping_status":"closed","sticky":false,"template":"","format":"standard","meta":{"_acf_changed":false,"footnotes":""},"categories":[22],"tags":[78,107,182,181],"class_list":["post-30397","post","type-post","status-publish","format-standard","has-post-thumbnail","hentry","category-news-gf","tag-ebg","tag-europaeisches-bildungswerk","tag-evbb","tag-uppsala"],"acf":[],"yoast_head":"<!-- This site is optimized with the Yoast SEO plugin v26.9 - https:\/\/yoast.com\/product\/yoast-seo-wordpress\/ -->\n<title>EVBB-Konferenz zu innovativen Methoden beruflicher Bildung<\/title>\n<meta name=\"description\" content=\"Die Konferenz fand vom 8. bis 10. Juni im schwedischen Uppsala statt. Partner der Durchf\u00fchrung war die renommierte &quot;Folkuniversitetet Uppsala&quot;.\" \/>\n<meta name=\"robots\" content=\"index, follow, max-snippet:-1, max-image-preview:large, max-video-preview:-1\" \/>\n<link rel=\"canonical\" href=\"https:\/\/www.ebg.de\/evbb-konferenz-zu-innovativen-methoden-beruflicher-bildung\/\" \/>\n<meta property=\"og:locale\" content=\"en_US\" \/>\n<meta property=\"og:type\" content=\"article\" \/>\n<meta property=\"og:title\" content=\"EVBB-Konferenz zu innovativen Methoden beruflicher Bildung\" \/>\n<meta property=\"og:description\" content=\"Die Konferenz fand vom 8. bis 10. Juni im schwedischen Uppsala statt. Partner der Durchf\u00fchrung war die renommierte &quot;Folkuniversitetet Uppsala&quot;.\" \/>\n<meta property=\"og:url\" content=\"https:\/\/www.ebg.de\/evbb-konferenz-zu-innovativen-methoden-beruflicher-bildung\/\" \/>\n<meta property=\"og:site_name\" content=\"Europ\u00e4isches Bildungswerk f\u00fcr Beruf und Gesellschaft\" \/>\n<meta property=\"article:published_time\" content=\"2023-06-27T06:14:38+00:00\" \/>\n<meta property=\"article:modified_time\" content=\"2023-06-27T06:15:45+00:00\" \/>\n<meta property=\"og:image\" content=\"https:\/\/www.ebg.de\/wp-content\/uploads\/2023\/06\/IMG-20230616-WA0003.jpg\" \/>\n\t<meta property=\"og:image:width\" content=\"1600\" \/>\n\t<meta property=\"og:image:height\" content=\"900\" \/>\n\t<meta property=\"og:image:type\" content=\"image\/jpeg\" \/>\n<meta name=\"author\" content=\"Stephan Deubner\" \/>\n<meta name=\"twitter:card\" content=\"summary_large_image\" \/>\n<meta name=\"twitter:label1\" content=\"Written by\" \/>\n\t<meta name=\"twitter:data1\" content=\"Stephan Deubner\" \/>\n\t<meta name=\"twitter:label2\" content=\"Est. reading time\" \/>\n\t<meta name=\"twitter:data2\" content=\"2 minutes\" \/>\n<!-- \/ Yoast SEO plugin. -->","yoast_head_json":{"title":"EVBB-Konferenz zu innovativen Methoden beruflicher Bildung","description":"Die Konferenz fand vom 8. bis 10. Juni im schwedischen Uppsala statt. Partner der Durchf\u00fchrung war die renommierte \"Folkuniversitetet Uppsala\".","robots":{"index":"index","follow":"follow","max-snippet":"max-snippet:-1","max-image-preview":"max-image-preview:large","max-video-preview":"max-video-preview:-1"},"canonical":"https:\/\/www.ebg.de\/evbb-konferenz-zu-innovativen-methoden-beruflicher-bildung\/","og_locale":"en_US","og_type":"article","og_title":"EVBB-Konferenz zu innovativen Methoden beruflicher Bildung","og_description":"Die Konferenz fand vom 8. bis 10. Juni im schwedischen Uppsala statt. Partner der Durchf\u00fchrung war die renommierte \"Folkuniversitetet Uppsala\".","og_url":"https:\/\/www.ebg.de\/evbb-konferenz-zu-innovativen-methoden-beruflicher-bildung\/","og_site_name":"Europ\u00e4isches Bildungswerk f\u00fcr Beruf und Gesellschaft","article_published_time":"2023-06-27T06:14:38+00:00","article_modified_time":"2023-06-27T06:15:45+00:00","og_image":[{"width":1600,"height":900,"url":"https:\/\/www.ebg.de\/wp-content\/uploads\/2023\/06\/IMG-20230616-WA0003.jpg","type":"image\/jpeg"}],"author":"Stephan Deubner","twitter_card":"summary_large_image","twitter_misc":{"Written by":"Stephan Deubner","Est. reading time":"2 minutes"},"schema":{"@context":"https:\/\/schema.org","@graph":[{"@type":"Article","@id":"https:\/\/www.ebg.de\/evbb-konferenz-zu-innovativen-methoden-beruflicher-bildung\/#article","isPartOf":{"@id":"https:\/\/www.ebg.de\/evbb-konferenz-zu-innovativen-methoden-beruflicher-bildung\/"},"author":{"name":"Stephan Deubner","@id":"https:\/\/www.ebg.de\/#\/schema\/person\/af645ea1741029d9a44ae532ceb268bc"},"headline":"EVBB-Konferenz zu innovativen Methoden beruflicher Bildung","datePublished":"2023-06-27T06:14:38+00:00","dateModified":"2023-06-27T06:15:45+00:00","mainEntityOfPage":{"@id":"https:\/\/www.ebg.de\/evbb-konferenz-zu-innovativen-methoden-beruflicher-bildung\/"},"wordCount":114,"image":{"@id":"https:\/\/www.ebg.de\/evbb-konferenz-zu-innovativen-methoden-beruflicher-bildung\/#primaryimage"},"thumbnailUrl":"https:\/\/www.ebg.de\/wp-content\/uploads\/2023\/06\/IMG-20230616-WA0003.jpg","keywords":["EBG","Europ\u00e4isches Bildungswerk","EVBB","Uppsala"],"articleSection":["News-GF"],"inLanguage":"en-US"},{"@type":"WebPage","@id":"https:\/\/www.ebg.de\/evbb-konferenz-zu-innovativen-methoden-beruflicher-bildung\/","url":"https:\/\/www.ebg.de\/evbb-konferenz-zu-innovativen-methoden-beruflicher-bildung\/","name":"EVBB-Konferenz zu innovativen Methoden beruflicher Bildung","isPartOf":{"@id":"https:\/\/www.ebg.de\/#website"},"primaryImageOfPage":{"@id":"https:\/\/www.ebg.de\/evbb-konferenz-zu-innovativen-methoden-beruflicher-bildung\/#primaryimage"},"image":{"@id":"https:\/\/www.ebg.de\/evbb-konferenz-zu-innovativen-methoden-beruflicher-bildung\/#primaryimage"},"thumbnailUrl":"https:\/\/www.ebg.de\/wp-content\/uploads\/2023\/06\/IMG-20230616-WA0003.jpg","datePublished":"2023-06-27T06:14:38+00:00","dateModified":"2023-06-27T06:15:45+00:00","author":{"@id":"https:\/\/www.ebg.de\/#\/schema\/person\/af645ea1741029d9a44ae532ceb268bc"},"description":"Die Konferenz fand vom 8. bis 10. Juni im schwedischen Uppsala statt. Partner der Durchf\u00fchrung war die renommierte \"Folkuniversitetet Uppsala\".","breadcrumb":{"@id":"https:\/\/www.ebg.de\/evbb-konferenz-zu-innovativen-methoden-beruflicher-bildung\/#breadcrumb"},"inLanguage":"en-US","potentialAction":[{"@type":"ReadAction","target":["https:\/\/www.ebg.de\/evbb-konferenz-zu-innovativen-methoden-beruflicher-bildung\/"]}]},{"@type":"ImageObject","inLanguage":"en-US","@id":"https:\/\/www.ebg.de\/evbb-konferenz-zu-innovativen-methoden-beruflicher-bildung\/#primaryimage","url":"https:\/\/www.ebg.de\/wp-content\/uploads\/2023\/06\/IMG-20230616-WA0003.jpg","contentUrl":"https:\/\/www.ebg.de\/wp-content\/uploads\/2023\/06\/IMG-20230616-WA0003.jpg","width":1600,"height":900,"caption":"Uppsala, EVBB"},{"@type":"BreadcrumbList","@id":"https:\/\/www.ebg.de\/evbb-konferenz-zu-innovativen-methoden-beruflicher-bildung\/#breadcrumb","itemListElement":[{"@type":"ListItem","position":1,"name":"Startseite","item":"https:\/\/www.ebg.de\/"},{"@type":"ListItem","position":2,"name":"EVBB-Konferenz zu innovativen Methoden beruflicher Bildung"}]},{"@type":"WebSite","@id":"https:\/\/www.ebg.de\/#website","url":"https:\/\/www.ebg.de\/","name":"Europ\u00e4isches Bildungswerk f\u00fcr Beruf und Gesellschaft","description":"Bildung, Ausbildung und Weiterbildung","potentialAction":[{"@type":"SearchAction","target":{"@type":"EntryPoint","urlTemplate":"https:\/\/www.ebg.de\/?s={search_term_string}"},"query-input":{"@type":"PropertyValueSpecification","valueRequired":true,"valueName":"search_term_string"}}],"inLanguage":"en-US"},{"@type":"Person","@id":"https:\/\/www.ebg.de\/#\/schema\/person\/af645ea1741029d9a44ae532ceb268bc","name":"Stephan Deubner","image":{"@type":"ImageObject","inLanguage":"en-US","@id":"https:\/\/www.ebg.de\/#\/schema\/person\/image\/","url":"https:\/\/secure.gravatar.com\/avatar\/35731f6a08afa0518c45f153077f6135c0f41aa2ae0b76e850ef9508976a7bbe?s=96&d=mm&r=g","contentUrl":"https:\/\/secure.gravatar.com\/avatar\/35731f6a08afa0518c45f153077f6135c0f41aa2ae0b76e850ef9508976a7bbe?s=96&d=mm&r=g","caption":"Stephan Deubner"},"url":"https:\/\/www.ebg.de\/en\/author\/sdeubner\/"}]}},"_links":{"self":[{"href":"https:\/\/www.ebg.de\/en\/wp-json\/wp\/v2\/posts\/30397","targetHints":{"allow":["GET"]}}],"collection":[{"href":"https:\/\/www.ebg.de\/en\/wp-json\/wp\/v2\/posts"}],"about":[{"href":"https:\/\/www.ebg.de\/en\/wp-json\/wp\/v2\/types\/post"}],"author":[{"embeddable":true,"href":"https:\/\/www.ebg.de\/en\/wp-json\/wp\/v2\/users\/22"}],"replies":[{"embeddable":true,"href":"https:\/\/www.ebg.de\/en\/wp-json\/wp\/v2\/comments?post=30397"}],"version-history":[{"count":2,"href":"https:\/\/www.ebg.de\/en\/wp-json\/wp\/v2\/posts\/30397\/revisions"}],"predecessor-version":[{"id":30485,"href":"https:\/\/www.ebg.de\/en\/wp-json\/wp\/v2\/posts\/30397\/revisions\/30485"}],"wp:featuredmedia":[{"embeddable":true,"href":"https:\/\/www.ebg.de\/en\/wp-json\/wp\/v2\/media\/30449"}],"wp:attachment":[{"href":"https:\/\/www.ebg.de\/en\/wp-json\/wp\/v2\/media?parent=30397"}],"wp:term":[{"taxonomy":"category","embeddable":true,"href":"https:\/\/www.ebg.de\/en\/wp-json\/wp\/v2\/categories?post=30397"},{"taxonomy":"post_tag","embeddable":true,"href":"https:\/\/www.ebg.de\/en\/wp-json\/wp\/v2\/tags?post=30397"}],"curies":[{"name":"wp","href":"https:\/\/api.w.org\/{rel}","templated":true}]}}