{"id":3024,"date":"2018-12-18T10:53:19","date_gmt":"2018-12-18T09:53:19","guid":{"rendered":"https:\/\/www.ebg.de\/?p=3024"},"modified":"2018-12-18T12:18:34","modified_gmt":"2018-12-18T11:18:34","slug":"paedagogischer-werkstatttag-2","status":"publish","type":"post","link":"https:\/\/www.ebg.de\/en\/paedagogischer-werkstatttag-2\/","title":{"rendered":"P\u00e4dagogischer Werkstatttag"},"content":{"rendered":"<p>Migration im Blick<\/p>\n<p>geschrieben von Nathalie Barthels und Christine Michellitz Klasse VZ 16\/6<!--more--><\/p>\n<p class=\"Standard1\">Das Thema unserer diesj\u00e4hrigen Werkstatttages am 3.12.18 \u00a0hie\u00df<\/p>\n<p class=\"Standard1\"><em>\u00a0 \u00a0 \u00a0 \u00a0 \u00a0 \u00a0 \u00a0 \u00a0 \u00a0 \u00a0 \u00a0 \u00a0 \u00a0 \u00a0 \u00a0 \u00a0 \u00a0 \u00a0 \u00a0 \u00a0 \u00a0 \u00a0 \u00a0 MIGRATION IM BLICK<\/em>.<\/p>\n<p class=\"Standard1\">\u00a0 \u00a0 \u00a0 \u00a0 \u00a0 \u00a0 \u00a0 \u00a0 \u00a0 \u00a0 \u00a0 \u00a0 \u00a0 \u00a0 \u00a0 \u00a0 \u00a0 \u00a0 \u00a0 \u00a0<img loading=\"lazy\" decoding=\"async\" class=\"alignnone size-medium wp-image-3027\" src=\"https:\/\/www.ebg.de\/wp-content\/uploads\/2018\/12\/pixlr_20181218103439145-300x300.jpg\" alt=\"\" width=\"300\" height=\"300\" srcset=\"https:\/\/www.ebg.de\/wp-content\/uploads\/2018\/12\/pixlr_20181218103439145-300x300.jpg 300w, https:\/\/www.ebg.de\/wp-content\/uploads\/2018\/12\/pixlr_20181218103439145-150x150.jpg 150w, https:\/\/www.ebg.de\/wp-content\/uploads\/2018\/12\/pixlr_20181218103439145-400x400.jpg 400w, https:\/\/www.ebg.de\/wp-content\/uploads\/2018\/12\/pixlr_20181218103439145.jpg 640w\" sizes=\"auto, (max-width: 300px) 100vw, 300px\" \/><\/p>\n<p>Die Begr\u00fc\u00dfung fand auf albanisch statt und vermittelte uns Sch\u00fclern ein Gef\u00fchl der Isolation , des Fremdseins und stimmte uns somit thematisch auf diesen Tag ein.<\/p>\n<p class=\"Standard1\">Danach wurden wir per Los den Werkst\u00e4tten zugeteilt .<\/p>\n<p class=\"Standard1\">Auf diesem Los war eines der sieben verschiedenen Symbole. Jedes Symbol stand f\u00fcr eine Werkstatt und nach der Er\u00f6ffnung von Frau Jebauer, sollten sich die Sch\u00fcler in ihren Werkst\u00e4tten (die in der ganzen Schule verteilt waren) einfinden.<\/p>\n<p class=\"Standard1\"><em>\u201eMensch sein, ganz nah dran!\u201c<\/em> (Referent: HerrFitzke, 13 Teilnehmer)<\/p>\n<p class=\"Standard1\">Jeder von uns ist Mensch. Egal welcher Herkunft oder Glauben. Viele Fragen bewegen uns(Wieso? Weshalb? Warum?) oder auch anders gefragt: Warum fliehen Menschen? Was sind ihre Motive? Was erleben oder erleiden Sie auf ihrer Flucht? Was erwartet Sie im neuen Leben, im neuen Land?<\/p>\n<p class=\"Standard1\">Die Antworten daf\u00fcr sind vielf\u00e4ltig. Doch meist ersch\u00fctternd und erschreckend zugleich. Unz\u00e4hlige Tote auf der Flucht, auf ihrer Reise ins vermeintlich sichere Zielland.\u00a0Folter, Vergewaltigung usw. sind die harte Realit\u00e4t.<\/p>\n<p class=\"Standard1\"><em>\u00a0\u00a0 \u00a0<img loading=\"lazy\" decoding=\"async\" class=\"alignnone size-medium wp-image-3029\" src=\"https:\/\/www.ebg.de\/wp-content\/uploads\/2018\/12\/pixlr_20181218104024493-300x300.jpg\" alt=\"\" width=\"300\" height=\"300\" srcset=\"https:\/\/www.ebg.de\/wp-content\/uploads\/2018\/12\/pixlr_20181218104024493-300x300.jpg 300w, https:\/\/www.ebg.de\/wp-content\/uploads\/2018\/12\/pixlr_20181218104024493-150x150.jpg 150w, https:\/\/www.ebg.de\/wp-content\/uploads\/2018\/12\/pixlr_20181218104024493-400x400.jpg 400w, https:\/\/www.ebg.de\/wp-content\/uploads\/2018\/12\/pixlr_20181218104024493.jpg 640w\" sizes=\"auto, (max-width: 300px) 100vw, 300px\" \/><\/em><\/p>\n<p class=\"Standard1\"><em>\u201eMigrationsprojekt\u201c<\/em> (mit Malli und Hafez, 16 Teilnehmer)<\/p>\n<p class=\"Standard1\">Jeder Mensch hat das Recht, sich sicher zu f\u00fchlen. Migration ist Teil einer Geschichte von Flucht. Vor Krieg, Verfolgung und all dem Elend, welches Menschen anderen Menschen antun k\u00f6nnen.<\/p>\n<p class=\"Standard1\">Migration beginnt da, wo Hoffnung, W\u00fcnsche und Tr\u00e4ume eine Zukunft haben. Migration ist im Hier und Jetzt allgegenwertig.<\/p>\n<p class=\"Standard1\"><em>\u201eWas ist fremd?\u201c<\/em>\u00a0(Referent: Frau Rademacher, 13 Teilnehmer)<\/p>\n<p class=\"Standard1\">Es gibt fremde Kulturen und Sprachen. Meist macht alles Fremde dem Menschen Angst. Umso wichtiger ist es, sich auch mit diesen Dingen zu besch\u00e4ftigen. Fremde Sprachen, meist h\u00f6ren sie sich nicht nur anders an. Nein! Viele haben auch ein anders geschriebenes Alphabet. Veranschaulicht durch das Schreiben des eigenen Namens in Spiegelschrift.<\/p>\n<p>Was bedeutet der Begriff &#8220;Asyl&#8221;? All diese so gebr\u00e4uchlichen Begriffe wurden erkl\u00e4rt.<\/p>\n<p class=\"Standard1\"><em>\u201eSprache ist mehr als nur ein Wort!\u201c<\/em> (Referent: Nicole Pflug, 15 Teilnehmer)<\/p>\n<p class=\"Standard1\">Angefangen bei der Sprache, die die Grundlage bildet. Diese als Mittel in all ihren Facetten. Vermittlung von Gef\u00fchlen, Emotionen, Gedanken, Meinungen usw. \u201eMan kann nicht nicht kommunizieren!\u201c Unser gesamter K\u00f6rper ist Mittel f\u00fcr Kommunikation. Gestik, Mimik und das gesprochene Wort.<\/p>\n<p class=\"Standard1\"><em>\u201eHeute schon entspannt?\u201c<\/em> (Referent: Frau Koberling, 9 Teilnehmer)<\/p>\n<p class=\"Standard1\">Eine Reise in die Gemeinschaft. Als Zeichen, dass Sport verbindet, Menschen vereint und zusammenbringt. Ein zentraler Schwerpunkt, den es gilt auch den Kindern zu vermitteln. Der Sportgeist, die Musik, der Rhythmus und vieles mehr verbindet uns.<\/p>\n<p class=\"Standard1\"><em>\u201eWas sagen deine H\u00e4nde?\u201c<\/em> (Referent: Frau Becker, 13 Teilnehmer)<\/p>\n<p class=\"Standard1\">Kein Mensch sollte Isolation erfahren. Mit den H\u00e4nden zu geb\u00e4rden, bringt Menschen zueinander. Denn jedem ist die Gabe gegeben ohne Worte zu kommunizieren.<\/p>\n<p class=\"Standard1\"><em>\u201eFarben der Welt\u201c<\/em> (Referent: Herr Subramaniam, 15 Teilnehmer)<\/p>\n<p class=\"Standard1\">Die Welt ist bunt, in jedem Winkel lassen sich die verschiedensten Farben finden. Gasteltet von Menschen, Tieren und der Natur. Die Farben der Welt sind einzigartig. Vielseitig lassen sie sich verwenden mit Materialien, Formen und Strukturen. Farben sind wandelbar.<\/p>\n<p>Herr Subramaniam ,ein indischer K\u00fcnstler, \u00a0erz\u00e4hlte von seinen Erfahrungen mit Migration und gab Einblicke in seine \u00a0Kindheit, der Rolle der Frau in Indien und sprach \u00fcber Hinduismus.<\/p>\n<p>Im Namen aller Sch\u00fcler bedanken wir uns bei den Referenten f\u00fcr diesen gelungenen Tag.<\/p>\n<p>&nbsp;<\/p>\n<p>&nbsp;<\/p>\n<p class=\"Standard1\">\n","protected":false},"excerpt":{"rendered":"<p>Migration im Blick geschrieben von Nathalie Barthels und Christine Michellitz Klasse VZ 16\/6<\/p>\n","protected":false},"author":19,"featured_media":3043,"comment_status":"closed","ping_status":"closed","sticky":false,"template":"","format":"standard","meta":{"_acf_changed":false,"footnotes":""},"categories":[28],"tags":[],"class_list":["post-3024","post","type-post","status-publish","format-standard","has-post-thumbnail","hentry","category-news-halberstadt-schulen"],"acf":[],"yoast_head":"<!-- This site is optimized with the Yoast SEO plugin v26.9 - https:\/\/yoast.com\/product\/yoast-seo-wordpress\/ -->\n<title>P\u00e4dagogischer Werkstatttag - Europ\u00e4isches Bildungswerk f\u00fcr Beruf und Gesellschaft<\/title>\n<meta name=\"robots\" content=\"index, follow, max-snippet:-1, max-image-preview:large, max-video-preview:-1\" \/>\n<link rel=\"canonical\" href=\"https:\/\/www.ebg.de\/paedagogischer-werkstatttag-2\/\" \/>\n<meta property=\"og:locale\" content=\"en_US\" \/>\n<meta property=\"og:type\" content=\"article\" \/>\n<meta property=\"og:title\" content=\"P\u00e4dagogischer Werkstatttag - Europ\u00e4isches Bildungswerk f\u00fcr Beruf und Gesellschaft\" \/>\n<meta property=\"og:description\" content=\"Migration im Blick geschrieben von Nathalie Barthels und Christine Michellitz Klasse VZ 16\/6\" \/>\n<meta property=\"og:url\" content=\"https:\/\/www.ebg.de\/paedagogischer-werkstatttag-2\/\" \/>\n<meta property=\"og:site_name\" content=\"Europ\u00e4isches Bildungswerk f\u00fcr Beruf und Gesellschaft\" \/>\n<meta property=\"article:published_time\" content=\"2018-12-18T09:53:19+00:00\" \/>\n<meta property=\"article:modified_time\" content=\"2018-12-18T11:18:34+00:00\" \/>\n<meta property=\"og:image\" content=\"https:\/\/www.ebg.de\/wp-content\/uploads\/2018\/12\/IMG_20181218_122109.jpg\" \/>\n\t<meta property=\"og:image:width\" content=\"1416\" \/>\n\t<meta property=\"og:image:height\" content=\"855\" \/>\n\t<meta property=\"og:image:type\" content=\"image\/jpeg\" \/>\n<meta name=\"author\" content=\"Nicole Jebauer\" \/>\n<meta name=\"twitter:card\" content=\"summary_large_image\" \/>\n<meta name=\"twitter:label1\" content=\"Written by\" \/>\n\t<meta name=\"twitter:data1\" content=\"Nicole Jebauer\" \/>\n\t<meta name=\"twitter:label2\" content=\"Est. reading time\" \/>\n\t<meta name=\"twitter:data2\" content=\"3 minutes\" \/>\n<!-- \/ Yoast SEO plugin. -->","yoast_head_json":{"title":"P\u00e4dagogischer Werkstatttag - Europ\u00e4isches Bildungswerk f\u00fcr Beruf und Gesellschaft","robots":{"index":"index","follow":"follow","max-snippet":"max-snippet:-1","max-image-preview":"max-image-preview:large","max-video-preview":"max-video-preview:-1"},"canonical":"https:\/\/www.ebg.de\/paedagogischer-werkstatttag-2\/","og_locale":"en_US","og_type":"article","og_title":"P\u00e4dagogischer Werkstatttag - Europ\u00e4isches Bildungswerk f\u00fcr Beruf und Gesellschaft","og_description":"Migration im Blick geschrieben von Nathalie Barthels und Christine Michellitz Klasse VZ 16\/6","og_url":"https:\/\/www.ebg.de\/paedagogischer-werkstatttag-2\/","og_site_name":"Europ\u00e4isches Bildungswerk f\u00fcr Beruf und Gesellschaft","article_published_time":"2018-12-18T09:53:19+00:00","article_modified_time":"2018-12-18T11:18:34+00:00","og_image":[{"width":1416,"height":855,"url":"https:\/\/www.ebg.de\/wp-content\/uploads\/2018\/12\/IMG_20181218_122109.jpg","type":"image\/jpeg"}],"author":"Nicole Jebauer","twitter_card":"summary_large_image","twitter_misc":{"Written by":"Nicole Jebauer","Est. reading time":"3 minutes"},"schema":{"@context":"https:\/\/schema.org","@graph":[{"@type":"Article","@id":"https:\/\/www.ebg.de\/paedagogischer-werkstatttag-2\/#article","isPartOf":{"@id":"https:\/\/www.ebg.de\/paedagogischer-werkstatttag-2\/"},"author":{"name":"Nicole Jebauer","@id":"https:\/\/www.ebg.de\/#\/schema\/person\/683a730993574c6987355ff28e65a040"},"headline":"P\u00e4dagogischer Werkstatttag","datePublished":"2018-12-18T09:53:19+00:00","dateModified":"2018-12-18T11:18:34+00:00","mainEntityOfPage":{"@id":"https:\/\/www.ebg.de\/paedagogischer-werkstatttag-2\/"},"wordCount":547,"image":{"@id":"https:\/\/www.ebg.de\/paedagogischer-werkstatttag-2\/#primaryimage"},"thumbnailUrl":"https:\/\/www.ebg.de\/wp-content\/uploads\/2018\/12\/IMG_20181218_122109.jpg","articleSection":["News - Halberstadt Schulen"],"inLanguage":"en-US"},{"@type":"WebPage","@id":"https:\/\/www.ebg.de\/paedagogischer-werkstatttag-2\/","url":"https:\/\/www.ebg.de\/paedagogischer-werkstatttag-2\/","name":"P\u00e4dagogischer Werkstatttag - Europ\u00e4isches Bildungswerk f\u00fcr Beruf und Gesellschaft","isPartOf":{"@id":"https:\/\/www.ebg.de\/#website"},"primaryImageOfPage":{"@id":"https:\/\/www.ebg.de\/paedagogischer-werkstatttag-2\/#primaryimage"},"image":{"@id":"https:\/\/www.ebg.de\/paedagogischer-werkstatttag-2\/#primaryimage"},"thumbnailUrl":"https:\/\/www.ebg.de\/wp-content\/uploads\/2018\/12\/IMG_20181218_122109.jpg","datePublished":"2018-12-18T09:53:19+00:00","dateModified":"2018-12-18T11:18:34+00:00","author":{"@id":"https:\/\/www.ebg.de\/#\/schema\/person\/683a730993574c6987355ff28e65a040"},"breadcrumb":{"@id":"https:\/\/www.ebg.de\/paedagogischer-werkstatttag-2\/#breadcrumb"},"inLanguage":"en-US","potentialAction":[{"@type":"ReadAction","target":["https:\/\/www.ebg.de\/paedagogischer-werkstatttag-2\/"]}]},{"@type":"ImageObject","inLanguage":"en-US","@id":"https:\/\/www.ebg.de\/paedagogischer-werkstatttag-2\/#primaryimage","url":"https:\/\/www.ebg.de\/wp-content\/uploads\/2018\/12\/IMG_20181218_122109.jpg","contentUrl":"https:\/\/www.ebg.de\/wp-content\/uploads\/2018\/12\/IMG_20181218_122109.jpg","width":1416,"height":855},{"@type":"BreadcrumbList","@id":"https:\/\/www.ebg.de\/paedagogischer-werkstatttag-2\/#breadcrumb","itemListElement":[{"@type":"ListItem","position":1,"name":"Startseite","item":"https:\/\/www.ebg.de\/"},{"@type":"ListItem","position":2,"name":"P\u00e4dagogischer Werkstatttag"}]},{"@type":"WebSite","@id":"https:\/\/www.ebg.de\/#website","url":"https:\/\/www.ebg.de\/","name":"Europ\u00e4isches Bildungswerk f\u00fcr Beruf und Gesellschaft","description":"Bildung, Ausbildung und Weiterbildung","potentialAction":[{"@type":"SearchAction","target":{"@type":"EntryPoint","urlTemplate":"https:\/\/www.ebg.de\/?s={search_term_string}"},"query-input":{"@type":"PropertyValueSpecification","valueRequired":true,"valueName":"search_term_string"}}],"inLanguage":"en-US"},{"@type":"Person","@id":"https:\/\/www.ebg.de\/#\/schema\/person\/683a730993574c6987355ff28e65a040","name":"Nicole Jebauer","image":{"@type":"ImageObject","inLanguage":"en-US","@id":"https:\/\/www.ebg.de\/#\/schema\/person\/image\/","url":"https:\/\/secure.gravatar.com\/avatar\/e704d4f6221214865a929f4155d799645f194b6db7c64fbd461aa448c0d57b61?s=96&d=mm&r=g","contentUrl":"https:\/\/secure.gravatar.com\/avatar\/e704d4f6221214865a929f4155d799645f194b6db7c64fbd461aa448c0d57b61?s=96&d=mm&r=g","caption":"Nicole Jebauer"},"url":"https:\/\/www.ebg.de\/en\/author\/fshalberstadt\/"}]}},"_links":{"self":[{"href":"https:\/\/www.ebg.de\/en\/wp-json\/wp\/v2\/posts\/3024","targetHints":{"allow":["GET"]}}],"collection":[{"href":"https:\/\/www.ebg.de\/en\/wp-json\/wp\/v2\/posts"}],"about":[{"href":"https:\/\/www.ebg.de\/en\/wp-json\/wp\/v2\/types\/post"}],"author":[{"embeddable":true,"href":"https:\/\/www.ebg.de\/en\/wp-json\/wp\/v2\/users\/19"}],"replies":[{"embeddable":true,"href":"https:\/\/www.ebg.de\/en\/wp-json\/wp\/v2\/comments?post=3024"}],"version-history":[{"count":2,"href":"https:\/\/www.ebg.de\/en\/wp-json\/wp\/v2\/posts\/3024\/revisions"}],"predecessor-version":[{"id":3038,"href":"https:\/\/www.ebg.de\/en\/wp-json\/wp\/v2\/posts\/3024\/revisions\/3038"}],"wp:featuredmedia":[{"embeddable":true,"href":"https:\/\/www.ebg.de\/en\/wp-json\/wp\/v2\/media\/3043"}],"wp:attachment":[{"href":"https:\/\/www.ebg.de\/en\/wp-json\/wp\/v2\/media?parent=3024"}],"wp:term":[{"taxonomy":"category","embeddable":true,"href":"https:\/\/www.ebg.de\/en\/wp-json\/wp\/v2\/categories?post=3024"},{"taxonomy":"post_tag","embeddable":true,"href":"https:\/\/www.ebg.de\/en\/wp-json\/wp\/v2\/tags?post=3024"}],"curies":[{"name":"wp","href":"https:\/\/api.w.org\/{rel}","templated":true}]}}