{"id":2966,"date":"2018-12-10T15:13:21","date_gmt":"2018-12-10T14:13:21","guid":{"rendered":"https:\/\/www.ebg.de\/?p=2966"},"modified":"2018-12-11T10:35:00","modified_gmt":"2018-12-11T09:35:00","slug":"eine-bunte-reise-durch-die-vielfalt-der-welt","status":"publish","type":"post","link":"https:\/\/www.ebg.de\/en\/eine-bunte-reise-durch-die-vielfalt-der-welt\/","title":{"rendered":"Eine bunte Reise durch die Vielfalt der Welt"},"content":{"rendered":"<p>Auch in diesem Jahr bereiten die Erzieher\/innen und Heilerziehungspfleger\/innen des ersten Ausbildungsjahres einen Fachtag vor.<\/p>\n<p><!--more--><\/p>\n<p>Am 19.12.2018 laden die ERZ\/HEP 2018 VZ ihre Mitstudierenden aus den Vollzeitklassen und alle Lehrenden zum Fachtag mit dem Motto \u201eEine bunte Reise durch die Vielfalt der Welt\u201c ein. In der Zeit von 09.00 Uhr bis 15.00 Uhr finden in der Fachschule f\u00fcr Sozialwesen des Europ\u00e4ischen Bildungswerk f\u00fcr Beruf und Gesellschaft vielf\u00e4ltige und interessante Workshops statt. Wir erhalten \u201e\u2026 Einblicke in die verschiedenen L\u00e4nder dieser Welt, mit kulinarischem Essen, welches garantiert jedem gef\u00e4llt. Ob die Vielfalt der Kulturen oder weltweite Spiele, dies wird ein Fest voller Stimmung und Liebe!\u201c.<\/p>\n<p>Wir sind gespannt und hoffen auf gutes Gelingen!<\/p>\n","protected":false},"excerpt":{"rendered":"<p>Auch in diesem Jahr bereiten die Erzieher\/innen und Heilerziehungspfleger\/innen des ersten Ausbildungsjahres einen Fachtag vor.<\/p>\n","protected":false},"author":15,"featured_media":2964,"comment_status":"closed","ping_status":"closed","sticky":false,"template":"","format":"standard","meta":{"_acf_changed":false,"footnotes":""},"categories":[26],"tags":[],"class_list":["post-2966","post","type-post","status-publish","format-standard","has-post-thumbnail","hentry","category-news-brandenburg-schulen"],"acf":[],"yoast_head":"<!-- This site is optimized with the Yoast SEO plugin v26.9 - https:\/\/yoast.com\/product\/yoast-seo-wordpress\/ -->\n<title>Eine bunte Reise durch die Vielfalt der Welt - Europ\u00e4isches Bildungswerk f\u00fcr Beruf und Gesellschaft<\/title>\n<meta name=\"robots\" content=\"index, follow, max-snippet:-1, max-image-preview:large, max-video-preview:-1\" \/>\n<link rel=\"canonical\" href=\"https:\/\/www.ebg.de\/eine-bunte-reise-durch-die-vielfalt-der-welt\/\" \/>\n<meta property=\"og:locale\" content=\"en_US\" \/>\n<meta property=\"og:type\" content=\"article\" \/>\n<meta property=\"og:title\" content=\"Eine bunte Reise durch die Vielfalt der Welt - Europ\u00e4isches Bildungswerk f\u00fcr Beruf und Gesellschaft\" \/>\n<meta property=\"og:description\" content=\"Auch in diesem Jahr bereiten die Erzieher\/innen und Heilerziehungspfleger\/innen des ersten Ausbildungsjahres einen Fachtag vor.\" \/>\n<meta property=\"og:url\" content=\"https:\/\/www.ebg.de\/eine-bunte-reise-durch-die-vielfalt-der-welt\/\" \/>\n<meta property=\"og:site_name\" content=\"Europ\u00e4isches Bildungswerk f\u00fcr Beruf und Gesellschaft\" \/>\n<meta property=\"article:published_time\" content=\"2018-12-10T14:13:21+00:00\" \/>\n<meta property=\"article:modified_time\" content=\"2018-12-11T09:35:00+00:00\" \/>\n<meta property=\"og:image\" content=\"https:\/\/www.ebg.de\/wp-content\/uploads\/2018\/12\/Einladung-Fachtag-1.jpg\" \/>\n\t<meta property=\"og:image:width\" content=\"567\" \/>\n\t<meta property=\"og:image:height\" content=\"319\" \/>\n\t<meta property=\"og:image:type\" content=\"image\/jpeg\" \/>\n<meta name=\"author\" content=\"Ina Schubert\" \/>\n<meta name=\"twitter:card\" content=\"summary_large_image\" \/>\n<meta name=\"twitter:label1\" content=\"Written by\" \/>\n\t<meta name=\"twitter:data1\" content=\"Ina Schubert\" \/>\n\t<meta name=\"twitter:label2\" content=\"Est. reading time\" \/>\n\t<meta name=\"twitter:data2\" content=\"1 minute\" \/>\n<!-- \/ Yoast SEO plugin. -->","yoast_head_json":{"title":"Eine bunte Reise durch die Vielfalt der Welt - Europ\u00e4isches Bildungswerk f\u00fcr Beruf und Gesellschaft","robots":{"index":"index","follow":"follow","max-snippet":"max-snippet:-1","max-image-preview":"max-image-preview:large","max-video-preview":"max-video-preview:-1"},"canonical":"https:\/\/www.ebg.de\/eine-bunte-reise-durch-die-vielfalt-der-welt\/","og_locale":"en_US","og_type":"article","og_title":"Eine bunte Reise durch die Vielfalt der Welt - Europ\u00e4isches Bildungswerk f\u00fcr Beruf und Gesellschaft","og_description":"Auch in diesem Jahr bereiten die Erzieher\/innen und Heilerziehungspfleger\/innen des ersten Ausbildungsjahres einen Fachtag vor.","og_url":"https:\/\/www.ebg.de\/eine-bunte-reise-durch-die-vielfalt-der-welt\/","og_site_name":"Europ\u00e4isches Bildungswerk f\u00fcr Beruf und Gesellschaft","article_published_time":"2018-12-10T14:13:21+00:00","article_modified_time":"2018-12-11T09:35:00+00:00","og_image":[{"width":567,"height":319,"url":"https:\/\/www.ebg.de\/wp-content\/uploads\/2018\/12\/Einladung-Fachtag-1.jpg","type":"image\/jpeg"}],"author":"Ina Schubert","twitter_card":"summary_large_image","twitter_misc":{"Written by":"Ina Schubert","Est. reading time":"1 minute"},"schema":{"@context":"https:\/\/schema.org","@graph":[{"@type":"Article","@id":"https:\/\/www.ebg.de\/eine-bunte-reise-durch-die-vielfalt-der-welt\/#article","isPartOf":{"@id":"https:\/\/www.ebg.de\/eine-bunte-reise-durch-die-vielfalt-der-welt\/"},"author":{"name":"Ina Schubert","@id":"https:\/\/www.ebg.de\/#\/schema\/person\/00edc5d5868606a12c2f5e12ba5a0277"},"headline":"Eine bunte Reise durch die Vielfalt der Welt","datePublished":"2018-12-10T14:13:21+00:00","dateModified":"2018-12-11T09:35:00+00:00","mainEntityOfPage":{"@id":"https:\/\/www.ebg.de\/eine-bunte-reise-durch-die-vielfalt-der-welt\/"},"wordCount":124,"image":{"@id":"https:\/\/www.ebg.de\/eine-bunte-reise-durch-die-vielfalt-der-welt\/#primaryimage"},"thumbnailUrl":"https:\/\/www.ebg.de\/wp-content\/uploads\/2018\/12\/Einladung-Fachtag-1.jpg","articleSection":["News - Brandenburg Schulen"],"inLanguage":"en-US"},{"@type":"WebPage","@id":"https:\/\/www.ebg.de\/eine-bunte-reise-durch-die-vielfalt-der-welt\/","url":"https:\/\/www.ebg.de\/eine-bunte-reise-durch-die-vielfalt-der-welt\/","name":"Eine bunte Reise durch die Vielfalt der Welt - Europ\u00e4isches Bildungswerk f\u00fcr Beruf und Gesellschaft","isPartOf":{"@id":"https:\/\/www.ebg.de\/#website"},"primaryImageOfPage":{"@id":"https:\/\/www.ebg.de\/eine-bunte-reise-durch-die-vielfalt-der-welt\/#primaryimage"},"image":{"@id":"https:\/\/www.ebg.de\/eine-bunte-reise-durch-die-vielfalt-der-welt\/#primaryimage"},"thumbnailUrl":"https:\/\/www.ebg.de\/wp-content\/uploads\/2018\/12\/Einladung-Fachtag-1.jpg","datePublished":"2018-12-10T14:13:21+00:00","dateModified":"2018-12-11T09:35:00+00:00","author":{"@id":"https:\/\/www.ebg.de\/#\/schema\/person\/00edc5d5868606a12c2f5e12ba5a0277"},"breadcrumb":{"@id":"https:\/\/www.ebg.de\/eine-bunte-reise-durch-die-vielfalt-der-welt\/#breadcrumb"},"inLanguage":"en-US","potentialAction":[{"@type":"ReadAction","target":["https:\/\/www.ebg.de\/eine-bunte-reise-durch-die-vielfalt-der-welt\/"]}]},{"@type":"ImageObject","inLanguage":"en-US","@id":"https:\/\/www.ebg.de\/eine-bunte-reise-durch-die-vielfalt-der-welt\/#primaryimage","url":"https:\/\/www.ebg.de\/wp-content\/uploads\/2018\/12\/Einladung-Fachtag-1.jpg","contentUrl":"https:\/\/www.ebg.de\/wp-content\/uploads\/2018\/12\/Einladung-Fachtag-1.jpg","width":567,"height":319},{"@type":"BreadcrumbList","@id":"https:\/\/www.ebg.de\/eine-bunte-reise-durch-die-vielfalt-der-welt\/#breadcrumb","itemListElement":[{"@type":"ListItem","position":1,"name":"Startseite","item":"https:\/\/www.ebg.de\/"},{"@type":"ListItem","position":2,"name":"Eine bunte Reise durch die Vielfalt der Welt"}]},{"@type":"WebSite","@id":"https:\/\/www.ebg.de\/#website","url":"https:\/\/www.ebg.de\/","name":"Europ\u00e4isches Bildungswerk f\u00fcr Beruf und Gesellschaft","description":"Bildung, Ausbildung und Weiterbildung","potentialAction":[{"@type":"SearchAction","target":{"@type":"EntryPoint","urlTemplate":"https:\/\/www.ebg.de\/?s={search_term_string}"},"query-input":{"@type":"PropertyValueSpecification","valueRequired":true,"valueName":"search_term_string"}}],"inLanguage":"en-US"},{"@type":"Person","@id":"https:\/\/www.ebg.de\/#\/schema\/person\/00edc5d5868606a12c2f5e12ba5a0277","name":"Ina Schubert","image":{"@type":"ImageObject","inLanguage":"en-US","@id":"https:\/\/www.ebg.de\/#\/schema\/person\/image\/","url":"https:\/\/secure.gravatar.com\/avatar\/711e362b576ac547782ca793fe3330d5c37b80c32dfb390f08ca496d6cfc1ca0?s=96&d=mm&r=g","contentUrl":"https:\/\/secure.gravatar.com\/avatar\/711e362b576ac547782ca793fe3330d5c37b80c32dfb390f08ca496d6cfc1ca0?s=96&d=mm&r=g","caption":"Ina Schubert"},"url":"https:\/\/www.ebg.de\/en\/author\/fsbrandenburg\/"}]}},"_links":{"self":[{"href":"https:\/\/www.ebg.de\/en\/wp-json\/wp\/v2\/posts\/2966","targetHints":{"allow":["GET"]}}],"collection":[{"href":"https:\/\/www.ebg.de\/en\/wp-json\/wp\/v2\/posts"}],"about":[{"href":"https:\/\/www.ebg.de\/en\/wp-json\/wp\/v2\/types\/post"}],"author":[{"embeddable":true,"href":"https:\/\/www.ebg.de\/en\/wp-json\/wp\/v2\/users\/15"}],"replies":[{"embeddable":true,"href":"https:\/\/www.ebg.de\/en\/wp-json\/wp\/v2\/comments?post=2966"}],"version-history":[{"count":6,"href":"https:\/\/www.ebg.de\/en\/wp-json\/wp\/v2\/posts\/2966\/revisions"}],"predecessor-version":[{"id":2972,"href":"https:\/\/www.ebg.de\/en\/wp-json\/wp\/v2\/posts\/2966\/revisions\/2972"}],"wp:featuredmedia":[{"embeddable":true,"href":"https:\/\/www.ebg.de\/en\/wp-json\/wp\/v2\/media\/2964"}],"wp:attachment":[{"href":"https:\/\/www.ebg.de\/en\/wp-json\/wp\/v2\/media?parent=2966"}],"wp:term":[{"taxonomy":"category","embeddable":true,"href":"https:\/\/www.ebg.de\/en\/wp-json\/wp\/v2\/categories?post=2966"},{"taxonomy":"post_tag","embeddable":true,"href":"https:\/\/www.ebg.de\/en\/wp-json\/wp\/v2\/tags?post=2966"}],"curies":[{"name":"wp","href":"https:\/\/api.w.org\/{rel}","templated":true}]}}