{"id":2958,"date":"2018-12-06T14:14:21","date_gmt":"2018-12-06T13:14:21","guid":{"rendered":"https:\/\/www.ebg.de\/?p=2958"},"modified":"2019-01-06T12:39:23","modified_gmt":"2019-01-06T11:39:23","slug":"projekttage-und-tage-der-offenen-tuer-im-november-2018","status":"publish","type":"post","link":"https:\/\/www.ebg.de\/en\/projekttage-und-tage-der-offenen-tuer-im-november-2018\/","title":{"rendered":"Projekttage und Tage der offenen T\u00fcr im November 2018"},"content":{"rendered":"<p>Wie schon in den vergangenen Jahren fanden vom 27. bis 29. November an unserer Schule Projekttage statt. Beim Singen, Filzen<\/p>\n<p><!--more--><\/p>\n<p>und Gestalten, beim Kurs f\u00fcr Selbstverteidigung, beim Erstellen von Lehrfilmen f\u00fcr den Gitarrenunterricht, Kennenlernen von neuen Lernorten bis hin zu Organisation und Durchf\u00fchrung einer Brockenbesteigung konnten sich unsere Sch\u00fclerinnen und Sch\u00fcler beweisen. Auch das interessante Thema &#8220;Hilf mir, es selbst zu tun&#8221;, dass seine Grundgedanken aus dem Ausbildungsgang Ergotherapie herleitete, fand gro\u00dfen Zuspruch. Interessant war f\u00fcr unsere Sch\u00fclerinnen und Sch\u00fcler sicher auch, sich mit den Inhalten anderer Ausbildungsg\u00e4nge vertraut zu machen und so gewisserma\u00dfen &#8220;\u00fcber den eignenen Tellerrand&#8221; zu schauen. Auch Besucher konnten sich bei den gleichzeitig stattfindenden &#8220;Tagen der offenen T\u00fcr&#8221; \u00fcber die Inhalte der verschiedenen Ausbildungsg\u00e4nge und die Ausbildungsbedingungen an unserer Schule informieren.<\/p>\n<p><img loading=\"lazy\" decoding=\"async\" class=\"size-medium wp-image-2910 aligncenter\" src=\"https:\/\/www.ebg.de\/wp-content\/uploads\/2018\/12\/DSC9420-mam-foto-web-300x200.jpg\" alt=\"\" width=\"300\" height=\"200\" srcset=\"https:\/\/www.ebg.de\/wp-content\/uploads\/2018\/12\/DSC9420-mam-foto-web-300x200.jpg 300w, https:\/\/www.ebg.de\/wp-content\/uploads\/2018\/12\/DSC9420-mam-foto-web-768x512.jpg 768w, https:\/\/www.ebg.de\/wp-content\/uploads\/2018\/12\/DSC9420-mam-foto-web-1024x683.jpg 1024w, https:\/\/www.ebg.de\/wp-content\/uploads\/2018\/12\/DSC9420-mam-foto-web-900x600.jpg 900w, https:\/\/www.ebg.de\/wp-content\/uploads\/2018\/12\/DSC9420-mam-foto-web-1200x800.jpg 1200w, https:\/\/www.ebg.de\/wp-content\/uploads\/2018\/12\/DSC9420-mam-foto-web.jpg 1620w\" sizes=\"auto, (max-width: 300px) 100vw, 300px\" \/><\/p>\n<p><img loading=\"lazy\" decoding=\"async\" class=\"size-medium wp-image-2908 aligncenter\" src=\"https:\/\/www.ebg.de\/wp-content\/uploads\/2018\/12\/DSC9417-mam-foto-web-300x200.jpg\" alt=\"\" width=\"300\" height=\"200\" srcset=\"https:\/\/www.ebg.de\/wp-content\/uploads\/2018\/12\/DSC9417-mam-foto-web-300x200.jpg 300w, https:\/\/www.ebg.de\/wp-content\/uploads\/2018\/12\/DSC9417-mam-foto-web-768x512.jpg 768w, https:\/\/www.ebg.de\/wp-content\/uploads\/2018\/12\/DSC9417-mam-foto-web-1024x683.jpg 1024w, https:\/\/www.ebg.de\/wp-content\/uploads\/2018\/12\/DSC9417-mam-foto-web-900x600.jpg 900w, https:\/\/www.ebg.de\/wp-content\/uploads\/2018\/12\/DSC9417-mam-foto-web-1200x800.jpg 1200w, https:\/\/www.ebg.de\/wp-content\/uploads\/2018\/12\/DSC9417-mam-foto-web.jpg 1620w\" sizes=\"auto, (max-width: 300px) 100vw, 300px\" \/><\/p>\n<p><img loading=\"lazy\" decoding=\"async\" class=\"aligncenter wp-image-2906\" src=\"https:\/\/www.ebg.de\/wp-content\/uploads\/2018\/12\/DSC9410-mam-foto-web.jpg\" alt=\"\" width=\"300\" height=\"200\" \/><\/p>\n<p><img loading=\"lazy\" decoding=\"async\" class=\"size-medium wp-image-2904 aligncenter\" src=\"https:\/\/www.ebg.de\/wp-content\/uploads\/2018\/12\/DSC9406-mam-foto-web-300x200.jpg\" alt=\"\" width=\"300\" height=\"200\" srcset=\"https:\/\/www.ebg.de\/wp-content\/uploads\/2018\/12\/DSC9406-mam-foto-web-300x200.jpg 300w, https:\/\/www.ebg.de\/wp-content\/uploads\/2018\/12\/DSC9406-mam-foto-web-768x512.jpg 768w, https:\/\/www.ebg.de\/wp-content\/uploads\/2018\/12\/DSC9406-mam-foto-web-1024x683.jpg 1024w, https:\/\/www.ebg.de\/wp-content\/uploads\/2018\/12\/DSC9406-mam-foto-web-900x600.jpg 900w, https:\/\/www.ebg.de\/wp-content\/uploads\/2018\/12\/DSC9406-mam-foto-web-1200x800.jpg 1200w, https:\/\/www.ebg.de\/wp-content\/uploads\/2018\/12\/DSC9406-mam-foto-web.jpg 1620w\" sizes=\"auto, (max-width: 300px) 100vw, 300px\" \/><\/p>\n<p><img loading=\"lazy\" decoding=\"async\" class=\"size-medium wp-image-2902 aligncenter\" src=\"https:\/\/www.ebg.de\/wp-content\/uploads\/2018\/12\/DSC9403-mam-foto-web-300x200.jpg\" alt=\"\" width=\"300\" height=\"200\" srcset=\"https:\/\/www.ebg.de\/wp-content\/uploads\/2018\/12\/DSC9403-mam-foto-web-300x200.jpg 300w, https:\/\/www.ebg.de\/wp-content\/uploads\/2018\/12\/DSC9403-mam-foto-web-768x512.jpg 768w, https:\/\/www.ebg.de\/wp-content\/uploads\/2018\/12\/DSC9403-mam-foto-web-1024x683.jpg 1024w, https:\/\/www.ebg.de\/wp-content\/uploads\/2018\/12\/DSC9403-mam-foto-web-900x600.jpg 900w, https:\/\/www.ebg.de\/wp-content\/uploads\/2018\/12\/DSC9403-mam-foto-web-1200x800.jpg 1200w, https:\/\/www.ebg.de\/wp-content\/uploads\/2018\/12\/DSC9403-mam-foto-web.jpg 1620w\" sizes=\"auto, (max-width: 300px) 100vw, 300px\" \/><\/p>\n<p>&nbsp;<\/p>\n","protected":false},"excerpt":{"rendered":"<p>Wie schon in den vergangenen Jahren fanden vom 27. bis 29. November an unserer Schule Projekttage statt. Beim Singen, Filzen<\/p>\n","protected":false},"author":18,"featured_media":2906,"comment_status":"closed","ping_status":"closed","sticky":false,"template":"","format":"standard","meta":{"_acf_changed":false,"footnotes":""},"categories":[29],"tags":[],"class_list":["post-2958","post","type-post","status-publish","format-standard","has-post-thumbnail","hentry","category-news-halle-schulen"],"acf":[],"yoast_head":"<!-- This site is optimized with the Yoast SEO plugin v26.9 - https:\/\/yoast.com\/product\/yoast-seo-wordpress\/ -->\n<title>Projekttage und Tage der offenen T\u00fcr im November 2018 - Europ\u00e4isches Bildungswerk f\u00fcr Beruf und Gesellschaft<\/title>\n<meta name=\"robots\" content=\"index, follow, max-snippet:-1, max-image-preview:large, max-video-preview:-1\" \/>\n<link rel=\"canonical\" href=\"https:\/\/www.ebg.de\/projekttage-und-tage-der-offenen-tuer-im-november-2018\/\" \/>\n<meta property=\"og:locale\" content=\"en_US\" \/>\n<meta property=\"og:type\" content=\"article\" \/>\n<meta property=\"og:title\" content=\"Projekttage und Tage der offenen T\u00fcr im November 2018 - Europ\u00e4isches Bildungswerk f\u00fcr Beruf und Gesellschaft\" \/>\n<meta property=\"og:description\" content=\"Wie schon in den vergangenen Jahren fanden vom 27. bis 29. November an unserer Schule Projekttage statt. Beim Singen, Filzen\" \/>\n<meta property=\"og:url\" content=\"https:\/\/www.ebg.de\/projekttage-und-tage-der-offenen-tuer-im-november-2018\/\" \/>\n<meta property=\"og:site_name\" content=\"Europ\u00e4isches Bildungswerk f\u00fcr Beruf und Gesellschaft\" \/>\n<meta property=\"article:published_time\" content=\"2018-12-06T13:14:21+00:00\" \/>\n<meta property=\"article:modified_time\" content=\"2019-01-06T11:39:23+00:00\" \/>\n<meta property=\"og:image\" content=\"https:\/\/www.ebg.de\/wp-content\/uploads\/2018\/12\/DSC9410-mam-foto-web.jpg\" \/>\n\t<meta property=\"og:image:width\" content=\"1620\" \/>\n\t<meta property=\"og:image:height\" content=\"1080\" \/>\n\t<meta property=\"og:image:type\" content=\"image\/jpeg\" \/>\n<meta name=\"author\" content=\"Dagmar Gumbert\" \/>\n<meta name=\"twitter:card\" content=\"summary_large_image\" \/>\n<meta name=\"twitter:label1\" content=\"Written by\" \/>\n\t<meta name=\"twitter:data1\" content=\"Dagmar Gumbert\" \/>\n\t<meta name=\"twitter:label2\" content=\"Est. reading time\" \/>\n\t<meta name=\"twitter:data2\" content=\"1 minute\" \/>\n<!-- \/ Yoast SEO plugin. -->","yoast_head_json":{"title":"Projekttage und Tage der offenen T\u00fcr im November 2018 - Europ\u00e4isches Bildungswerk f\u00fcr Beruf und Gesellschaft","robots":{"index":"index","follow":"follow","max-snippet":"max-snippet:-1","max-image-preview":"max-image-preview:large","max-video-preview":"max-video-preview:-1"},"canonical":"https:\/\/www.ebg.de\/projekttage-und-tage-der-offenen-tuer-im-november-2018\/","og_locale":"en_US","og_type":"article","og_title":"Projekttage und Tage der offenen T\u00fcr im November 2018 - Europ\u00e4isches Bildungswerk f\u00fcr Beruf und Gesellschaft","og_description":"Wie schon in den vergangenen Jahren fanden vom 27. bis 29. November an unserer Schule Projekttage statt. Beim Singen, Filzen","og_url":"https:\/\/www.ebg.de\/projekttage-und-tage-der-offenen-tuer-im-november-2018\/","og_site_name":"Europ\u00e4isches Bildungswerk f\u00fcr Beruf und Gesellschaft","article_published_time":"2018-12-06T13:14:21+00:00","article_modified_time":"2019-01-06T11:39:23+00:00","og_image":[{"width":1620,"height":1080,"url":"https:\/\/www.ebg.de\/wp-content\/uploads\/2018\/12\/DSC9410-mam-foto-web.jpg","type":"image\/jpeg"}],"author":"Dagmar Gumbert","twitter_card":"summary_large_image","twitter_misc":{"Written by":"Dagmar Gumbert","Est. reading time":"1 minute"},"schema":{"@context":"https:\/\/schema.org","@graph":[{"@type":"Article","@id":"https:\/\/www.ebg.de\/projekttage-und-tage-der-offenen-tuer-im-november-2018\/#article","isPartOf":{"@id":"https:\/\/www.ebg.de\/projekttage-und-tage-der-offenen-tuer-im-november-2018\/"},"author":{"name":"Dagmar Gumbert","@id":"https:\/\/www.ebg.de\/#\/schema\/person\/77f2f3c6647074b70ad64b8397a8edc4"},"headline":"Projekttage und Tage der offenen T\u00fcr im November 2018","datePublished":"2018-12-06T13:14:21+00:00","dateModified":"2019-01-06T11:39:23+00:00","mainEntityOfPage":{"@id":"https:\/\/www.ebg.de\/projekttage-und-tage-der-offenen-tuer-im-november-2018\/"},"wordCount":146,"image":{"@id":"https:\/\/www.ebg.de\/projekttage-und-tage-der-offenen-tuer-im-november-2018\/#primaryimage"},"thumbnailUrl":"https:\/\/www.ebg.de\/wp-content\/uploads\/2018\/12\/DSC9410-mam-foto-web.jpg","articleSection":["News - Halle Schulen"],"inLanguage":"en-US"},{"@type":"WebPage","@id":"https:\/\/www.ebg.de\/projekttage-und-tage-der-offenen-tuer-im-november-2018\/","url":"https:\/\/www.ebg.de\/projekttage-und-tage-der-offenen-tuer-im-november-2018\/","name":"Projekttage und Tage der offenen T\u00fcr im November 2018 - Europ\u00e4isches Bildungswerk f\u00fcr Beruf und Gesellschaft","isPartOf":{"@id":"https:\/\/www.ebg.de\/#website"},"primaryImageOfPage":{"@id":"https:\/\/www.ebg.de\/projekttage-und-tage-der-offenen-tuer-im-november-2018\/#primaryimage"},"image":{"@id":"https:\/\/www.ebg.de\/projekttage-und-tage-der-offenen-tuer-im-november-2018\/#primaryimage"},"thumbnailUrl":"https:\/\/www.ebg.de\/wp-content\/uploads\/2018\/12\/DSC9410-mam-foto-web.jpg","datePublished":"2018-12-06T13:14:21+00:00","dateModified":"2019-01-06T11:39:23+00:00","author":{"@id":"https:\/\/www.ebg.de\/#\/schema\/person\/77f2f3c6647074b70ad64b8397a8edc4"},"breadcrumb":{"@id":"https:\/\/www.ebg.de\/projekttage-und-tage-der-offenen-tuer-im-november-2018\/#breadcrumb"},"inLanguage":"en-US","potentialAction":[{"@type":"ReadAction","target":["https:\/\/www.ebg.de\/projekttage-und-tage-der-offenen-tuer-im-november-2018\/"]}]},{"@type":"ImageObject","inLanguage":"en-US","@id":"https:\/\/www.ebg.de\/projekttage-und-tage-der-offenen-tuer-im-november-2018\/#primaryimage","url":"https:\/\/www.ebg.de\/wp-content\/uploads\/2018\/12\/DSC9410-mam-foto-web.jpg","contentUrl":"https:\/\/www.ebg.de\/wp-content\/uploads\/2018\/12\/DSC9410-mam-foto-web.jpg","width":1620,"height":1080},{"@type":"BreadcrumbList","@id":"https:\/\/www.ebg.de\/projekttage-und-tage-der-offenen-tuer-im-november-2018\/#breadcrumb","itemListElement":[{"@type":"ListItem","position":1,"name":"Startseite","item":"https:\/\/www.ebg.de\/"},{"@type":"ListItem","position":2,"name":"Projekttage und Tage der offenen T\u00fcr im November 2018"}]},{"@type":"WebSite","@id":"https:\/\/www.ebg.de\/#website","url":"https:\/\/www.ebg.de\/","name":"Europ\u00e4isches Bildungswerk f\u00fcr Beruf und Gesellschaft","description":"Bildung, Ausbildung und Weiterbildung","potentialAction":[{"@type":"SearchAction","target":{"@type":"EntryPoint","urlTemplate":"https:\/\/www.ebg.de\/?s={search_term_string}"},"query-input":{"@type":"PropertyValueSpecification","valueRequired":true,"valueName":"search_term_string"}}],"inLanguage":"en-US"},{"@type":"Person","@id":"https:\/\/www.ebg.de\/#\/schema\/person\/77f2f3c6647074b70ad64b8397a8edc4","name":"Dagmar Gumbert","image":{"@type":"ImageObject","inLanguage":"en-US","@id":"https:\/\/www.ebg.de\/#\/schema\/person\/image\/","url":"https:\/\/secure.gravatar.com\/avatar\/0af05cad1f550280112950cec0ccbad0d3acc2f5f0e9ed045b6857b2c4d88d49?s=96&d=mm&r=g","contentUrl":"https:\/\/secure.gravatar.com\/avatar\/0af05cad1f550280112950cec0ccbad0d3acc2f5f0e9ed045b6857b2c4d88d49?s=96&d=mm&r=g","caption":"Dagmar Gumbert"},"url":"https:\/\/www.ebg.de\/en\/author\/fshalle\/"}]}},"_links":{"self":[{"href":"https:\/\/www.ebg.de\/en\/wp-json\/wp\/v2\/posts\/2958","targetHints":{"allow":["GET"]}}],"collection":[{"href":"https:\/\/www.ebg.de\/en\/wp-json\/wp\/v2\/posts"}],"about":[{"href":"https:\/\/www.ebg.de\/en\/wp-json\/wp\/v2\/types\/post"}],"author":[{"embeddable":true,"href":"https:\/\/www.ebg.de\/en\/wp-json\/wp\/v2\/users\/18"}],"replies":[{"embeddable":true,"href":"https:\/\/www.ebg.de\/en\/wp-json\/wp\/v2\/comments?post=2958"}],"version-history":[{"count":3,"href":"https:\/\/www.ebg.de\/en\/wp-json\/wp\/v2\/posts\/2958\/revisions"}],"predecessor-version":[{"id":3112,"href":"https:\/\/www.ebg.de\/en\/wp-json\/wp\/v2\/posts\/2958\/revisions\/3112"}],"wp:featuredmedia":[{"embeddable":true,"href":"https:\/\/www.ebg.de\/en\/wp-json\/wp\/v2\/media\/2906"}],"wp:attachment":[{"href":"https:\/\/www.ebg.de\/en\/wp-json\/wp\/v2\/media?parent=2958"}],"wp:term":[{"taxonomy":"category","embeddable":true,"href":"https:\/\/www.ebg.de\/en\/wp-json\/wp\/v2\/categories?post=2958"},{"taxonomy":"post_tag","embeddable":true,"href":"https:\/\/www.ebg.de\/en\/wp-json\/wp\/v2\/tags?post=2958"}],"curies":[{"name":"wp","href":"https:\/\/api.w.org\/{rel}","templated":true}]}}