{"id":29150,"date":"2023-04-24T10:43:12","date_gmt":"2023-04-24T08:43:12","guid":{"rendered":"https:\/\/www.ebg.de\/?p=29150"},"modified":"2023-04-24T10:43:17","modified_gmt":"2023-04-24T08:43:17","slug":"ueberwachungsaudit-2023-im-ebg-laeufts-stabil","status":"publish","type":"post","link":"https:\/\/www.ebg.de\/en\/ueberwachungsaudit-2023-im-ebg-laeufts-stabil\/","title":{"rendered":"\u00dcberwachungsaudit 2023 &#8211; im EBG l\u00e4uft\u2019s stabil"},"content":{"rendered":"\n<p>Im Zeitraum 06.02. und 14.-17.02.2023 fand in diesem Jahr das 2. \u00dcberwachungsaudit DIN EN ISO 9001:2015 f\u00fcr die EBG gGmbH, den EBG e. V. D\u00fcsseldorf, den EBG e.V. Leipzig und die Magdeburger Projektservice GmbH durch unsere Zertifizierungsgesellschaft CERTQUA statt.<\/p>\n\n\n\n<figure class=\"wp-block-image size-large is-resized\"><img loading=\"lazy\" decoding=\"async\" src=\"https:\/\/www.ebg.de\/wp-content\/uploads\/2021\/03\/Certqua_Siegel_9001_AZAV_gross_4c-1024x518.jpg\" alt=\"\" class=\"wp-image-8451\" width=\"359\" height=\"181\" srcset=\"https:\/\/www.ebg.de\/wp-content\/uploads\/2021\/03\/Certqua_Siegel_9001_AZAV_gross_4c-1024x518.jpg 1024w, https:\/\/www.ebg.de\/wp-content\/uploads\/2021\/03\/Certqua_Siegel_9001_AZAV_gross_4c-300x152.jpg 300w, https:\/\/www.ebg.de\/wp-content\/uploads\/2021\/03\/Certqua_Siegel_9001_AZAV_gross_4c-768x388.jpg 768w, https:\/\/www.ebg.de\/wp-content\/uploads\/2021\/03\/Certqua_Siegel_9001_AZAV_gross_4c-1536x777.jpg 1536w, https:\/\/www.ebg.de\/wp-content\/uploads\/2021\/03\/Certqua_Siegel_9001_AZAV_gross_4c-360x181.jpg 360w, https:\/\/www.ebg.de\/wp-content\/uploads\/2021\/03\/Certqua_Siegel_9001_AZAV_gross_4c-900x455.jpg 900w, https:\/\/www.ebg.de\/wp-content\/uploads\/2021\/03\/Certqua_Siegel_9001_AZAV_gross_4c-1200x607.jpg 1200w, https:\/\/www.ebg.de\/wp-content\/uploads\/2021\/03\/Certqua_Siegel_9001_AZAV_gross_4c.jpg 1566w\" sizes=\"auto, (max-width: 359px) 100vw, 359px\" \/><\/figure>\n\n\n\n<p>F\u00fcr die EBG gGmbH und den EBG e.V. Leipzig fand im Zusammenhang damit auch das 3. \u00dcberwachungsaudit bzgl. ihrer AZAV-Zulassung statt.<\/p>\n\n\n\n<p>Auditiert wurden in diesem Jahr Zentren des EBG in Magdeburg, Leipzig, Stendal, Brandenburg, Berlin und Halle, wobei wie immer die Arbeit unserer Regionalen Kompetenzzentren und unserer Fach- und Berufsfachschulzentren bzgl. ihrer \u00dcbereinstimmung mit den Anforderungen der Qualit\u00e4tsnorm \u00fcberpr\u00fcft und bewertet wurden.<\/p>\n\n\n\n<p>Zuvor f\u00fchrten wir im Januar 2023 an allen Zentren des EBG die internen Audits zur Selbst\u00fcberpr\u00fcfung und -einsch\u00e4tzung sowie auch zur Vorbereitung eben der externen Audits durch.<\/p>\n\n\n\n<p>Im Audit wurden in diesem Jahr 7 AZAV-zugelassene Bildungsma\u00dfnahmen (6 zur Fort- und beruflichen Weiterbildung und eine zur Aktivierung und Vermittlung), die im Zuge ihrer Zulassungen einer Referenzpr\u00fcfung unterzogen wurden, vor Ort gepr\u00fcft.<\/p>\n\n\n\n<p>Im Ergebnis konnte das EBG seine jahrelange Stabilit\u00e4t in Bezug auf die Qualit\u00e4t seiner Arbeit erneut unter Beweis stellen &#8211; die Zertifikate und Zulassungen des EBG konnten best\u00e4tigt werden, unser Qualit\u00e4tsmanagementsystem hat sich bew\u00e4hrt.<\/p>\n\n\n\n<p>Dr. Frank Siebeck<br>Qualit\u00e4tsmanagementbeauftragter<\/p>\n","protected":false},"excerpt":{"rendered":"<p> 2. \u00dcberwachungsaudit DIN EN ISO 9001:2015 f\u00fcr die EBG gGmbH<\/p>\n","protected":false},"author":22,"featured_media":15,"comment_status":"closed","ping_status":"closed","sticky":false,"template":"","format":"standard","meta":{"_acf_changed":false,"footnotes":""},"categories":[22],"tags":[107],"class_list":["post-29150","post","type-post","status-publish","format-standard","has-post-thumbnail","hentry","category-news-gf","tag-europaeisches-bildungswerk"],"acf":[],"yoast_head":"<!-- This site is optimized with the Yoast SEO plugin v26.9 - https:\/\/yoast.com\/product\/yoast-seo-wordpress\/ -->\n<title>\u00dcberwachungsaudit 2023 - im EBG l\u00e4uft\u2019s stabil<\/title>\n<meta name=\"description\" content=\"Im Ergebnis konnte das EBG seine jahrelange Stabilit\u00e4t in Bezug auf die Qualit\u00e4t seiner Arbeit erneut unter Beweis stellen.\" \/>\n<meta name=\"robots\" content=\"index, follow, max-snippet:-1, max-image-preview:large, max-video-preview:-1\" \/>\n<link rel=\"canonical\" href=\"https:\/\/www.ebg.de\/ueberwachungsaudit-2023-im-ebg-laeufts-stabil\/\" \/>\n<meta property=\"og:locale\" content=\"en_US\" \/>\n<meta property=\"og:type\" content=\"article\" \/>\n<meta property=\"og:title\" content=\"\u00dcberwachungsaudit 2023 - im EBG l\u00e4uft\u2019s stabil\" \/>\n<meta property=\"og:description\" content=\"Im Ergebnis konnte das EBG seine jahrelange Stabilit\u00e4t in Bezug auf die Qualit\u00e4t seiner Arbeit erneut unter Beweis stellen.\" \/>\n<meta property=\"og:url\" content=\"https:\/\/www.ebg.de\/ueberwachungsaudit-2023-im-ebg-laeufts-stabil\/\" \/>\n<meta property=\"og:site_name\" content=\"Europ\u00e4isches Bildungswerk f\u00fcr Beruf und Gesellschaft\" \/>\n<meta property=\"article:published_time\" content=\"2023-04-24T08:43:12+00:00\" \/>\n<meta property=\"article:modified_time\" content=\"2023-04-24T08:43:17+00:00\" \/>\n<meta property=\"og:image\" content=\"https:\/\/www.ebg.de\/wp-content\/uploads\/2017\/08\/ebg-logo.png\" \/>\n\t<meta property=\"og:image:width\" content=\"369\" \/>\n\t<meta property=\"og:image:height\" content=\"62\" \/>\n\t<meta property=\"og:image:type\" content=\"image\/png\" \/>\n<meta name=\"author\" content=\"Stephan Deubner\" \/>\n<meta name=\"twitter:card\" content=\"summary_large_image\" \/>\n<meta name=\"twitter:label1\" content=\"Written by\" \/>\n\t<meta name=\"twitter:data1\" content=\"Stephan Deubner\" \/>\n\t<meta name=\"twitter:label2\" content=\"Est. reading time\" \/>\n\t<meta name=\"twitter:data2\" content=\"2 minutes\" \/>\n<!-- \/ Yoast SEO plugin. -->","yoast_head_json":{"title":"\u00dcberwachungsaudit 2023 - im EBG l\u00e4uft\u2019s stabil","description":"Im Ergebnis konnte das EBG seine jahrelange Stabilit\u00e4t in Bezug auf die Qualit\u00e4t seiner Arbeit erneut unter Beweis stellen.","robots":{"index":"index","follow":"follow","max-snippet":"max-snippet:-1","max-image-preview":"max-image-preview:large","max-video-preview":"max-video-preview:-1"},"canonical":"https:\/\/www.ebg.de\/ueberwachungsaudit-2023-im-ebg-laeufts-stabil\/","og_locale":"en_US","og_type":"article","og_title":"\u00dcberwachungsaudit 2023 - im EBG l\u00e4uft\u2019s stabil","og_description":"Im Ergebnis konnte das EBG seine jahrelange Stabilit\u00e4t in Bezug auf die Qualit\u00e4t seiner Arbeit erneut unter Beweis stellen.","og_url":"https:\/\/www.ebg.de\/ueberwachungsaudit-2023-im-ebg-laeufts-stabil\/","og_site_name":"Europ\u00e4isches Bildungswerk f\u00fcr Beruf und Gesellschaft","article_published_time":"2023-04-24T08:43:12+00:00","article_modified_time":"2023-04-24T08:43:17+00:00","og_image":[{"width":369,"height":62,"url":"https:\/\/www.ebg.de\/wp-content\/uploads\/2017\/08\/ebg-logo.png","type":"image\/png"}],"author":"Stephan Deubner","twitter_card":"summary_large_image","twitter_misc":{"Written by":"Stephan Deubner","Est. reading time":"2 minutes"},"schema":{"@context":"https:\/\/schema.org","@graph":[{"@type":"Article","@id":"https:\/\/www.ebg.de\/ueberwachungsaudit-2023-im-ebg-laeufts-stabil\/#article","isPartOf":{"@id":"https:\/\/www.ebg.de\/ueberwachungsaudit-2023-im-ebg-laeufts-stabil\/"},"author":{"name":"Stephan Deubner","@id":"https:\/\/www.ebg.de\/#\/schema\/person\/af645ea1741029d9a44ae532ceb268bc"},"headline":"\u00dcberwachungsaudit 2023 &#8211; im EBG l\u00e4uft\u2019s stabil","datePublished":"2023-04-24T08:43:12+00:00","dateModified":"2023-04-24T08:43:17+00:00","mainEntityOfPage":{"@id":"https:\/\/www.ebg.de\/ueberwachungsaudit-2023-im-ebg-laeufts-stabil\/"},"wordCount":219,"image":{"@id":"https:\/\/www.ebg.de\/ueberwachungsaudit-2023-im-ebg-laeufts-stabil\/#primaryimage"},"thumbnailUrl":"https:\/\/www.ebg.de\/wp-content\/uploads\/2017\/08\/ebg-logo.png","keywords":["Europ\u00e4isches Bildungswerk"],"articleSection":["News-GF"],"inLanguage":"en-US"},{"@type":"WebPage","@id":"https:\/\/www.ebg.de\/ueberwachungsaudit-2023-im-ebg-laeufts-stabil\/","url":"https:\/\/www.ebg.de\/ueberwachungsaudit-2023-im-ebg-laeufts-stabil\/","name":"\u00dcberwachungsaudit 2023 - im EBG l\u00e4uft\u2019s stabil","isPartOf":{"@id":"https:\/\/www.ebg.de\/#website"},"primaryImageOfPage":{"@id":"https:\/\/www.ebg.de\/ueberwachungsaudit-2023-im-ebg-laeufts-stabil\/#primaryimage"},"image":{"@id":"https:\/\/www.ebg.de\/ueberwachungsaudit-2023-im-ebg-laeufts-stabil\/#primaryimage"},"thumbnailUrl":"https:\/\/www.ebg.de\/wp-content\/uploads\/2017\/08\/ebg-logo.png","datePublished":"2023-04-24T08:43:12+00:00","dateModified":"2023-04-24T08:43:17+00:00","author":{"@id":"https:\/\/www.ebg.de\/#\/schema\/person\/af645ea1741029d9a44ae532ceb268bc"},"description":"Im Ergebnis konnte das EBG seine jahrelange Stabilit\u00e4t in Bezug auf die Qualit\u00e4t seiner Arbeit erneut unter Beweis stellen.","breadcrumb":{"@id":"https:\/\/www.ebg.de\/ueberwachungsaudit-2023-im-ebg-laeufts-stabil\/#breadcrumb"},"inLanguage":"en-US","potentialAction":[{"@type":"ReadAction","target":["https:\/\/www.ebg.de\/ueberwachungsaudit-2023-im-ebg-laeufts-stabil\/"]}]},{"@type":"ImageObject","inLanguage":"en-US","@id":"https:\/\/www.ebg.de\/ueberwachungsaudit-2023-im-ebg-laeufts-stabil\/#primaryimage","url":"https:\/\/www.ebg.de\/wp-content\/uploads\/2017\/08\/ebg-logo.png","contentUrl":"https:\/\/www.ebg.de\/wp-content\/uploads\/2017\/08\/ebg-logo.png","width":369,"height":62},{"@type":"BreadcrumbList","@id":"https:\/\/www.ebg.de\/ueberwachungsaudit-2023-im-ebg-laeufts-stabil\/#breadcrumb","itemListElement":[{"@type":"ListItem","position":1,"name":"Startseite","item":"https:\/\/www.ebg.de\/"},{"@type":"ListItem","position":2,"name":"\u00dcberwachungsaudit 2023 &#8211; im EBG l\u00e4uft\u2019s stabil"}]},{"@type":"WebSite","@id":"https:\/\/www.ebg.de\/#website","url":"https:\/\/www.ebg.de\/","name":"Europ\u00e4isches Bildungswerk f\u00fcr Beruf und Gesellschaft","description":"Bildung, Ausbildung und Weiterbildung","potentialAction":[{"@type":"SearchAction","target":{"@type":"EntryPoint","urlTemplate":"https:\/\/www.ebg.de\/?s={search_term_string}"},"query-input":{"@type":"PropertyValueSpecification","valueRequired":true,"valueName":"search_term_string"}}],"inLanguage":"en-US"},{"@type":"Person","@id":"https:\/\/www.ebg.de\/#\/schema\/person\/af645ea1741029d9a44ae532ceb268bc","name":"Stephan Deubner","image":{"@type":"ImageObject","inLanguage":"en-US","@id":"https:\/\/www.ebg.de\/#\/schema\/person\/image\/","url":"https:\/\/secure.gravatar.com\/avatar\/35731f6a08afa0518c45f153077f6135c0f41aa2ae0b76e850ef9508976a7bbe?s=96&d=mm&r=g","contentUrl":"https:\/\/secure.gravatar.com\/avatar\/35731f6a08afa0518c45f153077f6135c0f41aa2ae0b76e850ef9508976a7bbe?s=96&d=mm&r=g","caption":"Stephan Deubner"},"url":"https:\/\/www.ebg.de\/en\/author\/sdeubner\/"}]}},"_links":{"self":[{"href":"https:\/\/www.ebg.de\/en\/wp-json\/wp\/v2\/posts\/29150","targetHints":{"allow":["GET"]}}],"collection":[{"href":"https:\/\/www.ebg.de\/en\/wp-json\/wp\/v2\/posts"}],"about":[{"href":"https:\/\/www.ebg.de\/en\/wp-json\/wp\/v2\/types\/post"}],"author":[{"embeddable":true,"href":"https:\/\/www.ebg.de\/en\/wp-json\/wp\/v2\/users\/22"}],"replies":[{"embeddable":true,"href":"https:\/\/www.ebg.de\/en\/wp-json\/wp\/v2\/comments?post=29150"}],"version-history":[{"count":2,"href":"https:\/\/www.ebg.de\/en\/wp-json\/wp\/v2\/posts\/29150\/revisions"}],"predecessor-version":[{"id":29152,"href":"https:\/\/www.ebg.de\/en\/wp-json\/wp\/v2\/posts\/29150\/revisions\/29152"}],"wp:featuredmedia":[{"embeddable":true,"href":"https:\/\/www.ebg.de\/en\/wp-json\/wp\/v2\/media\/15"}],"wp:attachment":[{"href":"https:\/\/www.ebg.de\/en\/wp-json\/wp\/v2\/media?parent=29150"}],"wp:term":[{"taxonomy":"category","embeddable":true,"href":"https:\/\/www.ebg.de\/en\/wp-json\/wp\/v2\/categories?post=29150"},{"taxonomy":"post_tag","embeddable":true,"href":"https:\/\/www.ebg.de\/en\/wp-json\/wp\/v2\/tags?post=29150"}],"curies":[{"name":"wp","href":"https:\/\/api.w.org\/{rel}","templated":true}]}}