{"id":2885,"date":"2018-12-04T12:10:42","date_gmt":"2018-12-04T11:10:42","guid":{"rendered":"https:\/\/www.ebg.de\/?p=2885"},"modified":"2018-12-05T12:15:11","modified_gmt":"2018-12-05T11:15:11","slug":"grosse-lesen-fuer-kleine-die-maerchentage-2018","status":"publish","type":"post","link":"https:\/\/www.ebg.de\/en\/grosse-lesen-fuer-kleine-die-maerchentage-2018\/","title":{"rendered":",,Gro\u00dfe lesen f\u00fcr Kleine\u2018\u2018 \u2013 die M\u00e4rchentage 2018"},"content":{"rendered":"<p>Wissen ist Macht, Geld besitzen ist Macht. Aber die Macht der Liebe \u00fcberwindet Grenzen! In unseren vorgestellten M\u00e4rchen, spielten Macht und Habgier eine gro\u00dfe Rolle. Doch hat der M\u00e4chtige immer die Oberhand?<\/p>\n<p><!--more--><\/p>\n<p>Ob K\u00f6nig Drosselbart oder Schneewittchen, eines ist klar &#8211; die Liebe ist st\u00e4rker, als jeder Besitz. Sei es K\u00f6nig Drosselbart, dessen Frau erst durch Armut die wichtigen Werte und Normen erkannte oder Schneewittchen, \u00a0dessen Stiefmutter sie fast in den Tod st\u00fcrzte und sie damit in die Arme des rettenden Prinzen trieb.<\/p>\n<p>Auch in diesem\u00a0 Jahr war es unsere Aufgabe als Studierende des ersten Ausbildungsjahres f\u00fcr Heilerziehungspflege und Sozialp\u00e4dagogik der Fachschule f\u00fcr Sozialwesen am Europ\u00e4ischen Bildungswerk f\u00fcr Beruf und Gesellschaft, die traditionellen M\u00e4rchentage zu organisieren und durchzuf\u00fchren. Unter dem diesj\u00e4hrigen Motto ,,Streben nach Macht\u2018\u2018 f\u00fchrten wir die M\u00e4rchen K\u00f6nig Drosselbart und Schneewittchen vor Dritt\u2013 und Viertkl\u00e4sslern in der Fouqu\u00e9bibliothek und der Stadtbibliothek Hohenst\u00fccken auf.\u00a0 Nach eifriger Vorbereitung f\u00fchrten wir eine moderne Version des K\u00f6nig Drosselbarts als Schattentheater und Schneewittchen klassisch als altersgerechtes musikalisch begleitetes Theaterst\u00fcck auf.<\/p>\n<p>Gro\u00dfes Interesse weckten die M\u00e4rchentage nicht nur bei den Sch\u00fclerinnen und Sch\u00fclern der Grundschulen, sondern auch beim Stadtkanal Brandenburg sowie der MAZ und den Journalisten von Meetingpoint-Brandenburg.<\/p>\n<p>Wollen auch Sie sich daran erfreuen? Klicken Sie auf den Link, zu sehen sind wir ab Minute 9!<\/p>\n<p><a href=\"https:\/\/www.youtube.com\/watch?v=vKQrdrbGuN8#action=share\" target=\"_blank\" rel=\"noopener\">YouTube<\/a><\/p>\n<p>Erzieher\/innen und Heilerziehungspfleger\/innen in Vollzeit<\/p>\n","protected":false},"excerpt":{"rendered":"<p>Wissen ist Macht, Geld besitzen ist Macht. Aber die Macht der Liebe \u00fcberwindet Grenzen! In unseren vorgestellten M\u00e4rchen, spielten Macht und Habgier eine gro\u00dfe Rolle. Doch hat der M\u00e4chtige immer die Oberhand?<\/p>\n","protected":false},"author":15,"featured_media":2883,"comment_status":"closed","ping_status":"closed","sticky":false,"template":"","format":"standard","meta":{"_acf_changed":false,"footnotes":""},"categories":[26],"tags":[],"class_list":["post-2885","post","type-post","status-publish","format-standard","has-post-thumbnail","hentry","category-news-brandenburg-schulen"],"acf":[],"yoast_head":"<!-- This site is optimized with the Yoast SEO plugin v26.9 - https:\/\/yoast.com\/product\/yoast-seo-wordpress\/ -->\n<title>,,Gro\u00dfe lesen f\u00fcr Kleine\u2018\u2018 \u2013 die M\u00e4rchentage 2018 - Europ\u00e4isches Bildungswerk f\u00fcr Beruf und Gesellschaft<\/title>\n<meta name=\"robots\" content=\"index, follow, max-snippet:-1, max-image-preview:large, max-video-preview:-1\" \/>\n<link rel=\"canonical\" href=\"https:\/\/www.ebg.de\/grosse-lesen-fuer-kleine-die-maerchentage-2018\/\" \/>\n<meta property=\"og:locale\" content=\"en_US\" \/>\n<meta property=\"og:type\" content=\"article\" \/>\n<meta property=\"og:title\" content=\",,Gro\u00dfe lesen f\u00fcr Kleine\u2018\u2018 \u2013 die M\u00e4rchentage 2018 - Europ\u00e4isches Bildungswerk f\u00fcr Beruf und Gesellschaft\" \/>\n<meta property=\"og:description\" content=\"Wissen ist Macht, Geld besitzen ist Macht. Aber die Macht der Liebe \u00fcberwindet Grenzen! In unseren vorgestellten M\u00e4rchen, spielten Macht und Habgier eine gro\u00dfe Rolle. Doch hat der M\u00e4chtige immer die Oberhand?\" \/>\n<meta property=\"og:url\" content=\"https:\/\/www.ebg.de\/grosse-lesen-fuer-kleine-die-maerchentage-2018\/\" \/>\n<meta property=\"og:site_name\" content=\"Europ\u00e4isches Bildungswerk f\u00fcr Beruf und Gesellschaft\" \/>\n<meta property=\"article:published_time\" content=\"2018-12-04T11:10:42+00:00\" \/>\n<meta property=\"article:modified_time\" content=\"2018-12-05T11:15:11+00:00\" \/>\n<meta property=\"og:image\" content=\"https:\/\/www.ebg.de\/wp-content\/uploads\/2018\/12\/IMG_4596.jpg\" \/>\n\t<meta property=\"og:image:width\" content=\"567\" \/>\n\t<meta property=\"og:image:height\" content=\"378\" \/>\n\t<meta property=\"og:image:type\" content=\"image\/jpeg\" \/>\n<meta name=\"author\" content=\"Ina Schubert\" \/>\n<meta name=\"twitter:card\" content=\"summary_large_image\" \/>\n<meta name=\"twitter:label1\" content=\"Written by\" \/>\n\t<meta name=\"twitter:data1\" content=\"Ina Schubert\" \/>\n\t<meta name=\"twitter:label2\" content=\"Est. reading time\" \/>\n\t<meta name=\"twitter:data2\" content=\"1 minute\" \/>\n<!-- \/ Yoast SEO plugin. -->","yoast_head_json":{"title":",,Gro\u00dfe lesen f\u00fcr Kleine\u2018\u2018 \u2013 die M\u00e4rchentage 2018 - Europ\u00e4isches Bildungswerk f\u00fcr Beruf und Gesellschaft","robots":{"index":"index","follow":"follow","max-snippet":"max-snippet:-1","max-image-preview":"max-image-preview:large","max-video-preview":"max-video-preview:-1"},"canonical":"https:\/\/www.ebg.de\/grosse-lesen-fuer-kleine-die-maerchentage-2018\/","og_locale":"en_US","og_type":"article","og_title":",,Gro\u00dfe lesen f\u00fcr Kleine\u2018\u2018 \u2013 die M\u00e4rchentage 2018 - Europ\u00e4isches Bildungswerk f\u00fcr Beruf und Gesellschaft","og_description":"Wissen ist Macht, Geld besitzen ist Macht. Aber die Macht der Liebe \u00fcberwindet Grenzen! In unseren vorgestellten M\u00e4rchen, spielten Macht und Habgier eine gro\u00dfe Rolle. Doch hat der M\u00e4chtige immer die Oberhand?","og_url":"https:\/\/www.ebg.de\/grosse-lesen-fuer-kleine-die-maerchentage-2018\/","og_site_name":"Europ\u00e4isches Bildungswerk f\u00fcr Beruf und Gesellschaft","article_published_time":"2018-12-04T11:10:42+00:00","article_modified_time":"2018-12-05T11:15:11+00:00","og_image":[{"width":567,"height":378,"url":"https:\/\/www.ebg.de\/wp-content\/uploads\/2018\/12\/IMG_4596.jpg","type":"image\/jpeg"}],"author":"Ina Schubert","twitter_card":"summary_large_image","twitter_misc":{"Written by":"Ina Schubert","Est. reading time":"1 minute"},"schema":{"@context":"https:\/\/schema.org","@graph":[{"@type":"Article","@id":"https:\/\/www.ebg.de\/grosse-lesen-fuer-kleine-die-maerchentage-2018\/#article","isPartOf":{"@id":"https:\/\/www.ebg.de\/grosse-lesen-fuer-kleine-die-maerchentage-2018\/"},"author":{"name":"Ina Schubert","@id":"https:\/\/www.ebg.de\/#\/schema\/person\/00edc5d5868606a12c2f5e12ba5a0277"},"headline":",,Gro\u00dfe lesen f\u00fcr Kleine\u2018\u2018 \u2013 die M\u00e4rchentage 2018","datePublished":"2018-12-04T11:10:42+00:00","dateModified":"2018-12-05T11:15:11+00:00","mainEntityOfPage":{"@id":"https:\/\/www.ebg.de\/grosse-lesen-fuer-kleine-die-maerchentage-2018\/"},"wordCount":256,"image":{"@id":"https:\/\/www.ebg.de\/grosse-lesen-fuer-kleine-die-maerchentage-2018\/#primaryimage"},"thumbnailUrl":"https:\/\/www.ebg.de\/wp-content\/uploads\/2018\/12\/IMG_4596.jpg","articleSection":["News - Brandenburg Schulen"],"inLanguage":"en-US"},{"@type":"WebPage","@id":"https:\/\/www.ebg.de\/grosse-lesen-fuer-kleine-die-maerchentage-2018\/","url":"https:\/\/www.ebg.de\/grosse-lesen-fuer-kleine-die-maerchentage-2018\/","name":",,Gro\u00dfe lesen f\u00fcr Kleine\u2018\u2018 \u2013 die M\u00e4rchentage 2018 - Europ\u00e4isches Bildungswerk f\u00fcr Beruf und Gesellschaft","isPartOf":{"@id":"https:\/\/www.ebg.de\/#website"},"primaryImageOfPage":{"@id":"https:\/\/www.ebg.de\/grosse-lesen-fuer-kleine-die-maerchentage-2018\/#primaryimage"},"image":{"@id":"https:\/\/www.ebg.de\/grosse-lesen-fuer-kleine-die-maerchentage-2018\/#primaryimage"},"thumbnailUrl":"https:\/\/www.ebg.de\/wp-content\/uploads\/2018\/12\/IMG_4596.jpg","datePublished":"2018-12-04T11:10:42+00:00","dateModified":"2018-12-05T11:15:11+00:00","author":{"@id":"https:\/\/www.ebg.de\/#\/schema\/person\/00edc5d5868606a12c2f5e12ba5a0277"},"breadcrumb":{"@id":"https:\/\/www.ebg.de\/grosse-lesen-fuer-kleine-die-maerchentage-2018\/#breadcrumb"},"inLanguage":"en-US","potentialAction":[{"@type":"ReadAction","target":["https:\/\/www.ebg.de\/grosse-lesen-fuer-kleine-die-maerchentage-2018\/"]}]},{"@type":"ImageObject","inLanguage":"en-US","@id":"https:\/\/www.ebg.de\/grosse-lesen-fuer-kleine-die-maerchentage-2018\/#primaryimage","url":"https:\/\/www.ebg.de\/wp-content\/uploads\/2018\/12\/IMG_4596.jpg","contentUrl":"https:\/\/www.ebg.de\/wp-content\/uploads\/2018\/12\/IMG_4596.jpg","width":567,"height":378},{"@type":"BreadcrumbList","@id":"https:\/\/www.ebg.de\/grosse-lesen-fuer-kleine-die-maerchentage-2018\/#breadcrumb","itemListElement":[{"@type":"ListItem","position":1,"name":"Startseite","item":"https:\/\/www.ebg.de\/"},{"@type":"ListItem","position":2,"name":",,Gro\u00dfe lesen f\u00fcr Kleine\u2018\u2018 \u2013 die M\u00e4rchentage 2018"}]},{"@type":"WebSite","@id":"https:\/\/www.ebg.de\/#website","url":"https:\/\/www.ebg.de\/","name":"Europ\u00e4isches Bildungswerk f\u00fcr Beruf und Gesellschaft","description":"Bildung, Ausbildung und Weiterbildung","potentialAction":[{"@type":"SearchAction","target":{"@type":"EntryPoint","urlTemplate":"https:\/\/www.ebg.de\/?s={search_term_string}"},"query-input":{"@type":"PropertyValueSpecification","valueRequired":true,"valueName":"search_term_string"}}],"inLanguage":"en-US"},{"@type":"Person","@id":"https:\/\/www.ebg.de\/#\/schema\/person\/00edc5d5868606a12c2f5e12ba5a0277","name":"Ina Schubert","image":{"@type":"ImageObject","inLanguage":"en-US","@id":"https:\/\/www.ebg.de\/#\/schema\/person\/image\/","url":"https:\/\/secure.gravatar.com\/avatar\/711e362b576ac547782ca793fe3330d5c37b80c32dfb390f08ca496d6cfc1ca0?s=96&d=mm&r=g","contentUrl":"https:\/\/secure.gravatar.com\/avatar\/711e362b576ac547782ca793fe3330d5c37b80c32dfb390f08ca496d6cfc1ca0?s=96&d=mm&r=g","caption":"Ina Schubert"},"url":"https:\/\/www.ebg.de\/en\/author\/fsbrandenburg\/"}]}},"_links":{"self":[{"href":"https:\/\/www.ebg.de\/en\/wp-json\/wp\/v2\/posts\/2885","targetHints":{"allow":["GET"]}}],"collection":[{"href":"https:\/\/www.ebg.de\/en\/wp-json\/wp\/v2\/posts"}],"about":[{"href":"https:\/\/www.ebg.de\/en\/wp-json\/wp\/v2\/types\/post"}],"author":[{"embeddable":true,"href":"https:\/\/www.ebg.de\/en\/wp-json\/wp\/v2\/users\/15"}],"replies":[{"embeddable":true,"href":"https:\/\/www.ebg.de\/en\/wp-json\/wp\/v2\/comments?post=2885"}],"version-history":[{"count":4,"href":"https:\/\/www.ebg.de\/en\/wp-json\/wp\/v2\/posts\/2885\/revisions"}],"predecessor-version":[{"id":2935,"href":"https:\/\/www.ebg.de\/en\/wp-json\/wp\/v2\/posts\/2885\/revisions\/2935"}],"wp:featuredmedia":[{"embeddable":true,"href":"https:\/\/www.ebg.de\/en\/wp-json\/wp\/v2\/media\/2883"}],"wp:attachment":[{"href":"https:\/\/www.ebg.de\/en\/wp-json\/wp\/v2\/media?parent=2885"}],"wp:term":[{"taxonomy":"category","embeddable":true,"href":"https:\/\/www.ebg.de\/en\/wp-json\/wp\/v2\/categories?post=2885"},{"taxonomy":"post_tag","embeddable":true,"href":"https:\/\/www.ebg.de\/en\/wp-json\/wp\/v2\/tags?post=2885"}],"curies":[{"name":"wp","href":"https:\/\/api.w.org\/{rel}","templated":true}]}}