{"id":28747,"date":"2023-04-06T14:33:59","date_gmt":"2023-04-06T12:33:59","guid":{"rendered":"https:\/\/www.ebg.de\/?p=28747"},"modified":"2023-07-03T07:25:02","modified_gmt":"2023-07-03T05:25:02","slug":"nachruf-herr-prof-klaus-schneidewind","status":"publish","type":"post","link":"https:\/\/www.ebg.de\/en\/nachruf-herr-prof-klaus-schneidewind\/","title":{"rendered":"Nachruf"},"content":{"rendered":"\n<p>Mit gro\u00dfer Trauer mussten wir die Mitteilung zur Kenntnis nehmen, dass das Gr\u00fcndungsmitglied unseres Europ\u00e4ischen Bildungswerkes f\u00fcr Beruf und Gesellschaft, Herr Prof. Klaus Schneidewind, am 31. M\u00e4rz 2023 verstorben ist.<br>Mit seinem p\u00e4dagogischen Engagement und seinem politischen und kulturellen&nbsp; &nbsp;Blick und Engagement hat er in besonderer Weise das Europ\u00e4ische Bildungswerk f\u00fcr Beruf und Gesellschaft insgesamt, aber in besonderer Weise in Brandenburg, gepr\u00e4gt.<br><\/p>\n\n\n\n<figure class=\"wp-block-gallery has-nested-images columns-default is-cropped wp-block-gallery-1 is-layout-flex wp-block-gallery-is-layout-flex\">\n<figure class=\"wp-block-image size-large\"><img loading=\"lazy\" decoding=\"async\" width=\"858\" height=\"1024\" data-id=\"28754\" src=\"https:\/\/www.ebg.de\/wp-content\/uploads\/2023\/04\/SW2-858x1024.png\" alt=\"\" class=\"wp-image-28754\" srcset=\"https:\/\/www.ebg.de\/wp-content\/uploads\/2023\/04\/SW2-858x1024.png 858w, https:\/\/www.ebg.de\/wp-content\/uploads\/2023\/04\/SW2-251x300.png 251w, https:\/\/www.ebg.de\/wp-content\/uploads\/2023\/04\/SW2-768x917.png 768w, https:\/\/www.ebg.de\/wp-content\/uploads\/2023\/04\/SW2-900x1074.png 900w, https:\/\/www.ebg.de\/wp-content\/uploads\/2023\/04\/SW2.png 951w\" sizes=\"auto, (max-width: 858px) 100vw, 858px\" \/><\/figure>\n\n\n\n<figure class=\"wp-block-image size-large\"><img loading=\"lazy\" decoding=\"async\" width=\"737\" height=\"1024\" data-id=\"30551\" src=\"https:\/\/www.ebg.de\/wp-content\/uploads\/2023\/07\/Klaus-Schneidwind-737x1024.jpeg\" alt=\"\" class=\"wp-image-30551\" srcset=\"https:\/\/www.ebg.de\/wp-content\/uploads\/2023\/07\/Klaus-Schneidwind-737x1024.jpeg 737w, https:\/\/www.ebg.de\/wp-content\/uploads\/2023\/07\/Klaus-Schneidwind-216x300.jpeg 216w, https:\/\/www.ebg.de\/wp-content\/uploads\/2023\/07\/Klaus-Schneidwind-768x1067.jpeg 768w, https:\/\/www.ebg.de\/wp-content\/uploads\/2023\/07\/Klaus-Schneidwind-1105x1536.jpeg 1105w, https:\/\/www.ebg.de\/wp-content\/uploads\/2023\/07\/Klaus-Schneidwind-1474x2048.jpeg 1474w, https:\/\/www.ebg.de\/wp-content\/uploads\/2023\/07\/Klaus-Schneidwind-900x1251.jpeg 900w, https:\/\/www.ebg.de\/wp-content\/uploads\/2023\/07\/Klaus-Schneidwind-1200x1667.jpeg 1200w, https:\/\/www.ebg.de\/wp-content\/uploads\/2023\/07\/Klaus-Schneidwind-scaled.jpeg 1842w\" sizes=\"auto, (max-width: 737px) 100vw, 737px\" \/><\/figure>\n\n\n\n<figure class=\"wp-block-image size-large\"><img loading=\"lazy\" decoding=\"async\" width=\"981\" height=\"664\" data-id=\"28750\" src=\"https:\/\/www.ebg.de\/wp-content\/uploads\/2023\/04\/SW3.png\" alt=\"\" class=\"wp-image-28750\" srcset=\"https:\/\/www.ebg.de\/wp-content\/uploads\/2023\/04\/SW3.png 981w, https:\/\/www.ebg.de\/wp-content\/uploads\/2023\/04\/SW3-300x203.png 300w, https:\/\/www.ebg.de\/wp-content\/uploads\/2023\/04\/SW3-768x520.png 768w, https:\/\/www.ebg.de\/wp-content\/uploads\/2023\/04\/SW3-900x609.png 900w\" sizes=\"auto, (max-width: 981px) 100vw, 981px\" \/><\/figure>\n\n\n\n<figure class=\"wp-block-image size-large\"><img loading=\"lazy\" decoding=\"async\" width=\"987\" height=\"672\" data-id=\"28752\" src=\"https:\/\/www.ebg.de\/wp-content\/uploads\/2023\/04\/SW4.png\" alt=\"\" class=\"wp-image-28752\" srcset=\"https:\/\/www.ebg.de\/wp-content\/uploads\/2023\/04\/SW4.png 987w, https:\/\/www.ebg.de\/wp-content\/uploads\/2023\/04\/SW4-300x204.png 300w, https:\/\/www.ebg.de\/wp-content\/uploads\/2023\/04\/SW4-768x523.png 768w, https:\/\/www.ebg.de\/wp-content\/uploads\/2023\/04\/SW4-900x613.png 900w\" sizes=\"auto, (max-width: 987px) 100vw, 987px\" \/><\/figure>\n<\/figure>\n\n\n\n<p><\/p>\n\n\n\n<p><\/p>\n\n\n\n<p>Wir werden sein Andenken stets in Ehren halten. Der Vorstand, die Aufsichtsr\u00e4te und Gesch\u00e4ftsf\u00fchrungen der EBG-Familie.<\/p>\n","protected":false},"excerpt":{"rendered":"<p>Herr Prof. Klaus Schneidewind<\/p>\n","protected":false},"author":22,"featured_media":28754,"comment_status":"closed","ping_status":"closed","sticky":false,"template":"","format":"standard","meta":{"_acf_changed":false,"footnotes":""},"categories":[22],"tags":[107],"class_list":["post-28747","post","type-post","status-publish","format-standard","has-post-thumbnail","hentry","category-news-gf","tag-europaeisches-bildungswerk"],"acf":[],"yoast_head":"<!-- This site is optimized with the Yoast SEO plugin v26.9 - https:\/\/yoast.com\/product\/yoast-seo-wordpress\/ -->\n<title>Nachruf<\/title>\n<meta name=\"description\" content=\"Herr Prof. Klaus Schneidewind\" \/>\n<meta name=\"robots\" content=\"index, follow, max-snippet:-1, max-image-preview:large, max-video-preview:-1\" \/>\n<link rel=\"canonical\" href=\"https:\/\/www.ebg.de\/nachruf-herr-prof-klaus-schneidewind\/\" \/>\n<meta property=\"og:locale\" content=\"en_US\" \/>\n<meta property=\"og:type\" content=\"article\" \/>\n<meta property=\"og:title\" content=\"Nachruf\" \/>\n<meta property=\"og:description\" content=\"Herr Prof. Klaus Schneidewind\" \/>\n<meta property=\"og:url\" content=\"https:\/\/www.ebg.de\/nachruf-herr-prof-klaus-schneidewind\/\" \/>\n<meta property=\"og:site_name\" content=\"Europ\u00e4isches Bildungswerk f\u00fcr Beruf und Gesellschaft\" \/>\n<meta property=\"article:published_time\" content=\"2023-04-06T12:33:59+00:00\" \/>\n<meta property=\"article:modified_time\" content=\"2023-07-03T05:25:02+00:00\" \/>\n<meta property=\"og:image\" content=\"https:\/\/www.ebg.de\/wp-content\/uploads\/2023\/04\/SW2.png\" \/>\n\t<meta property=\"og:image:width\" content=\"951\" \/>\n\t<meta property=\"og:image:height\" content=\"1135\" \/>\n\t<meta property=\"og:image:type\" content=\"image\/png\" \/>\n<meta name=\"author\" content=\"Stephan Deubner\" \/>\n<meta name=\"twitter:card\" content=\"summary_large_image\" \/>\n<meta name=\"twitter:label1\" content=\"Written by\" \/>\n\t<meta name=\"twitter:data1\" content=\"Stephan Deubner\" \/>\n\t<meta name=\"twitter:label2\" content=\"Est. reading time\" \/>\n\t<meta name=\"twitter:data2\" content=\"2 minutes\" \/>\n<!-- \/ Yoast SEO plugin. -->","yoast_head_json":{"title":"Nachruf","description":"Herr Prof. Klaus Schneidewind","robots":{"index":"index","follow":"follow","max-snippet":"max-snippet:-1","max-image-preview":"max-image-preview:large","max-video-preview":"max-video-preview:-1"},"canonical":"https:\/\/www.ebg.de\/nachruf-herr-prof-klaus-schneidewind\/","og_locale":"en_US","og_type":"article","og_title":"Nachruf","og_description":"Herr Prof. Klaus Schneidewind","og_url":"https:\/\/www.ebg.de\/nachruf-herr-prof-klaus-schneidewind\/","og_site_name":"Europ\u00e4isches Bildungswerk f\u00fcr Beruf und Gesellschaft","article_published_time":"2023-04-06T12:33:59+00:00","article_modified_time":"2023-07-03T05:25:02+00:00","og_image":[{"width":951,"height":1135,"url":"https:\/\/www.ebg.de\/wp-content\/uploads\/2023\/04\/SW2.png","type":"image\/png"}],"author":"Stephan Deubner","twitter_card":"summary_large_image","twitter_misc":{"Written by":"Stephan Deubner","Est. reading time":"2 minutes"},"schema":{"@context":"https:\/\/schema.org","@graph":[{"@type":"Article","@id":"https:\/\/www.ebg.de\/nachruf-herr-prof-klaus-schneidewind\/#article","isPartOf":{"@id":"https:\/\/www.ebg.de\/nachruf-herr-prof-klaus-schneidewind\/"},"author":{"name":"Stephan Deubner","@id":"https:\/\/www.ebg.de\/#\/schema\/person\/af645ea1741029d9a44ae532ceb268bc"},"headline":"Nachruf","datePublished":"2023-04-06T12:33:59+00:00","dateModified":"2023-07-03T05:25:02+00:00","mainEntityOfPage":{"@id":"https:\/\/www.ebg.de\/nachruf-herr-prof-klaus-schneidewind\/"},"wordCount":91,"image":{"@id":"https:\/\/www.ebg.de\/nachruf-herr-prof-klaus-schneidewind\/#primaryimage"},"thumbnailUrl":"https:\/\/www.ebg.de\/wp-content\/uploads\/2023\/04\/SW2.png","keywords":["Europ\u00e4isches Bildungswerk"],"articleSection":["News-GF"],"inLanguage":"en-US"},{"@type":"WebPage","@id":"https:\/\/www.ebg.de\/nachruf-herr-prof-klaus-schneidewind\/","url":"https:\/\/www.ebg.de\/nachruf-herr-prof-klaus-schneidewind\/","name":"Nachruf","isPartOf":{"@id":"https:\/\/www.ebg.de\/#website"},"primaryImageOfPage":{"@id":"https:\/\/www.ebg.de\/nachruf-herr-prof-klaus-schneidewind\/#primaryimage"},"image":{"@id":"https:\/\/www.ebg.de\/nachruf-herr-prof-klaus-schneidewind\/#primaryimage"},"thumbnailUrl":"https:\/\/www.ebg.de\/wp-content\/uploads\/2023\/04\/SW2.png","datePublished":"2023-04-06T12:33:59+00:00","dateModified":"2023-07-03T05:25:02+00:00","author":{"@id":"https:\/\/www.ebg.de\/#\/schema\/person\/af645ea1741029d9a44ae532ceb268bc"},"description":"Herr Prof. Klaus Schneidewind","breadcrumb":{"@id":"https:\/\/www.ebg.de\/nachruf-herr-prof-klaus-schneidewind\/#breadcrumb"},"inLanguage":"en-US","potentialAction":[{"@type":"ReadAction","target":["https:\/\/www.ebg.de\/nachruf-herr-prof-klaus-schneidewind\/"]}]},{"@type":"ImageObject","inLanguage":"en-US","@id":"https:\/\/www.ebg.de\/nachruf-herr-prof-klaus-schneidewind\/#primaryimage","url":"https:\/\/www.ebg.de\/wp-content\/uploads\/2023\/04\/SW2.png","contentUrl":"https:\/\/www.ebg.de\/wp-content\/uploads\/2023\/04\/SW2.png","width":951,"height":1135},{"@type":"BreadcrumbList","@id":"https:\/\/www.ebg.de\/nachruf-herr-prof-klaus-schneidewind\/#breadcrumb","itemListElement":[{"@type":"ListItem","position":1,"name":"Startseite","item":"https:\/\/www.ebg.de\/"},{"@type":"ListItem","position":2,"name":"Nachruf"}]},{"@type":"WebSite","@id":"https:\/\/www.ebg.de\/#website","url":"https:\/\/www.ebg.de\/","name":"Europ\u00e4isches Bildungswerk f\u00fcr Beruf und Gesellschaft","description":"Bildung, Ausbildung und Weiterbildung","potentialAction":[{"@type":"SearchAction","target":{"@type":"EntryPoint","urlTemplate":"https:\/\/www.ebg.de\/?s={search_term_string}"},"query-input":{"@type":"PropertyValueSpecification","valueRequired":true,"valueName":"search_term_string"}}],"inLanguage":"en-US"},{"@type":"Person","@id":"https:\/\/www.ebg.de\/#\/schema\/person\/af645ea1741029d9a44ae532ceb268bc","name":"Stephan Deubner","image":{"@type":"ImageObject","inLanguage":"en-US","@id":"https:\/\/www.ebg.de\/#\/schema\/person\/image\/","url":"https:\/\/secure.gravatar.com\/avatar\/35731f6a08afa0518c45f153077f6135c0f41aa2ae0b76e850ef9508976a7bbe?s=96&d=mm&r=g","contentUrl":"https:\/\/secure.gravatar.com\/avatar\/35731f6a08afa0518c45f153077f6135c0f41aa2ae0b76e850ef9508976a7bbe?s=96&d=mm&r=g","caption":"Stephan Deubner"},"url":"https:\/\/www.ebg.de\/en\/author\/sdeubner\/"}]}},"_links":{"self":[{"href":"https:\/\/www.ebg.de\/en\/wp-json\/wp\/v2\/posts\/28747","targetHints":{"allow":["GET"]}}],"collection":[{"href":"https:\/\/www.ebg.de\/en\/wp-json\/wp\/v2\/posts"}],"about":[{"href":"https:\/\/www.ebg.de\/en\/wp-json\/wp\/v2\/types\/post"}],"author":[{"embeddable":true,"href":"https:\/\/www.ebg.de\/en\/wp-json\/wp\/v2\/users\/22"}],"replies":[{"embeddable":true,"href":"https:\/\/www.ebg.de\/en\/wp-json\/wp\/v2\/comments?post=28747"}],"version-history":[{"count":4,"href":"https:\/\/www.ebg.de\/en\/wp-json\/wp\/v2\/posts\/28747\/revisions"}],"predecessor-version":[{"id":30554,"href":"https:\/\/www.ebg.de\/en\/wp-json\/wp\/v2\/posts\/28747\/revisions\/30554"}],"wp:featuredmedia":[{"embeddable":true,"href":"https:\/\/www.ebg.de\/en\/wp-json\/wp\/v2\/media\/28754"}],"wp:attachment":[{"href":"https:\/\/www.ebg.de\/en\/wp-json\/wp\/v2\/media?parent=28747"}],"wp:term":[{"taxonomy":"category","embeddable":true,"href":"https:\/\/www.ebg.de\/en\/wp-json\/wp\/v2\/categories?post=28747"},{"taxonomy":"post_tag","embeddable":true,"href":"https:\/\/www.ebg.de\/en\/wp-json\/wp\/v2\/tags?post=28747"}],"curies":[{"name":"wp","href":"https:\/\/api.w.org\/{rel}","templated":true}]}}