{"id":2871,"date":"2018-12-03T15:28:56","date_gmt":"2018-12-03T14:28:56","guid":{"rendered":"https:\/\/www.ebg.de\/?p=2871"},"modified":"2018-12-03T15:30:02","modified_gmt":"2018-12-03T14:30:02","slug":"auszubildende-der-altenpflege","status":"publish","type":"post","link":"https:\/\/www.ebg.de\/en\/auszubildende-der-altenpflege\/","title":{"rendered":"Auszubildende der Altenpflege"},"content":{"rendered":"<p class=\"x_MsoNormal\">Chinesische Auszubildende im Eisenmoorbad Bad Schmiedeberg begr\u00fc\u00dft<!--more--><\/p>\n<p class=\"x_MsoNormal\">Im Rahmen der Zusammenarbeit des Europ\u00e4ischen Bildungswerkes mit der Eisenmoorbad Bad Schmiedeberg Kur GmbH konnten am 23.11.2018 vier chinesische Auszubildende der Altenpflege in Bad Schmiedeberg begr\u00fc\u00dft werden. Bei ihrem Besuch lernten sie das Eisenmoorbad mit seinen Angeboten kennen und wurden den Kollegen vor Ort vorgestellt.<\/p>\n<p class=\"x_MsoNormal\">Die Chinesinnen haben am 01.10.2018 beim EBG ihre Ausbildung zur Altenpflegerin aufgenommen. Die Ausbildung besteht aus Theoriephasen, welche beim EBG am Fach- und Berufsfachschulzentrum Magdeburg absolviert und aus Praxiseinheiten, die in Bad Schmiedeberg durchgef\u00fchrt werden.<\/p>\n<p><img loading=\"lazy\" decoding=\"async\" class=\"alignnone wp-image-2872 size-ebg-medium\" src=\"https:\/\/www.ebg.de\/wp-content\/uploads\/2018\/12\/image003-900x600.jpg\" alt=\"\" width=\"900\" height=\"600\" srcset=\"https:\/\/www.ebg.de\/wp-content\/uploads\/2018\/12\/image003-900x600.jpg 900w, https:\/\/www.ebg.de\/wp-content\/uploads\/2018\/12\/image003-300x200.jpg 300w, https:\/\/www.ebg.de\/wp-content\/uploads\/2018\/12\/image003-768x512.jpg 768w, https:\/\/www.ebg.de\/wp-content\/uploads\/2018\/12\/image003-1024x683.jpg 1024w, https:\/\/www.ebg.de\/wp-content\/uploads\/2018\/12\/image003-1200x800.jpg 1200w, https:\/\/www.ebg.de\/wp-content\/uploads\/2018\/12\/image003.jpg 1300w\" sizes=\"auto, (max-width: 900px) 100vw, 900px\" \/><\/p>\n","protected":false},"excerpt":{"rendered":"<p>Chinesische Auszubildende im Eisenmoorbad Bad Schmiedeberg begr\u00fc\u00dft<\/p>\n","protected":false},"author":2,"featured_media":2874,"comment_status":"closed","ping_status":"closed","sticky":false,"template":"","format":"standard","meta":{"_acf_changed":false,"footnotes":""},"categories":[20],"tags":[],"class_list":["post-2871","post","type-post","status-publish","format-standard","has-post-thumbnail","hentry","category-news-startseite"],"acf":[],"yoast_head":"<!-- This site is optimized with the Yoast SEO plugin v26.9 - https:\/\/yoast.com\/product\/yoast-seo-wordpress\/ -->\n<title>Auszubildende der Altenpflege - Europ\u00e4isches Bildungswerk f\u00fcr Beruf und Gesellschaft<\/title>\n<meta name=\"robots\" content=\"index, follow, max-snippet:-1, max-image-preview:large, max-video-preview:-1\" \/>\n<link rel=\"canonical\" href=\"https:\/\/www.ebg.de\/auszubildende-der-altenpflege\/\" \/>\n<meta property=\"og:locale\" content=\"en_US\" \/>\n<meta property=\"og:type\" content=\"article\" \/>\n<meta property=\"og:title\" content=\"Auszubildende der Altenpflege - Europ\u00e4isches Bildungswerk f\u00fcr Beruf und Gesellschaft\" \/>\n<meta property=\"og:description\" content=\"Chinesische Auszubildende im Eisenmoorbad Bad Schmiedeberg begr\u00fc\u00dft\" \/>\n<meta property=\"og:url\" content=\"https:\/\/www.ebg.de\/auszubildende-der-altenpflege\/\" \/>\n<meta property=\"og:site_name\" content=\"Europ\u00e4isches Bildungswerk f\u00fcr Beruf und Gesellschaft\" \/>\n<meta property=\"article:published_time\" content=\"2018-12-03T14:28:56+00:00\" \/>\n<meta property=\"article:modified_time\" content=\"2018-12-03T14:30:02+00:00\" \/>\n<meta property=\"og:image\" content=\"https:\/\/www.ebg.de\/wp-content\/uploads\/2018\/12\/image003_start.jpg\" \/>\n\t<meta property=\"og:image:width\" content=\"860\" \/>\n\t<meta property=\"og:image:height\" content=\"348\" \/>\n\t<meta property=\"og:image:type\" content=\"image\/jpeg\" \/>\n<meta name=\"author\" content=\"Carla R\u00f6blitz\" \/>\n<meta name=\"twitter:card\" content=\"summary_large_image\" \/>\n<meta name=\"twitter:label1\" content=\"Written by\" \/>\n\t<meta name=\"twitter:data1\" content=\"Carla R\u00f6blitz\" \/>\n<!-- \/ Yoast SEO plugin. -->","yoast_head_json":{"title":"Auszubildende der Altenpflege - Europ\u00e4isches Bildungswerk f\u00fcr Beruf und Gesellschaft","robots":{"index":"index","follow":"follow","max-snippet":"max-snippet:-1","max-image-preview":"max-image-preview:large","max-video-preview":"max-video-preview:-1"},"canonical":"https:\/\/www.ebg.de\/auszubildende-der-altenpflege\/","og_locale":"en_US","og_type":"article","og_title":"Auszubildende der Altenpflege - Europ\u00e4isches Bildungswerk f\u00fcr Beruf und Gesellschaft","og_description":"Chinesische Auszubildende im Eisenmoorbad Bad Schmiedeberg begr\u00fc\u00dft","og_url":"https:\/\/www.ebg.de\/auszubildende-der-altenpflege\/","og_site_name":"Europ\u00e4isches Bildungswerk f\u00fcr Beruf und Gesellschaft","article_published_time":"2018-12-03T14:28:56+00:00","article_modified_time":"2018-12-03T14:30:02+00:00","og_image":[{"width":860,"height":348,"url":"https:\/\/www.ebg.de\/wp-content\/uploads\/2018\/12\/image003_start.jpg","type":"image\/jpeg"}],"author":"Carla R\u00f6blitz","twitter_card":"summary_large_image","twitter_misc":{"Written by":"Carla R\u00f6blitz"},"schema":{"@context":"https:\/\/schema.org","@graph":[{"@type":"Article","@id":"https:\/\/www.ebg.de\/auszubildende-der-altenpflege\/#article","isPartOf":{"@id":"https:\/\/www.ebg.de\/auszubildende-der-altenpflege\/"},"author":{"name":"Carla R\u00f6blitz","@id":"https:\/\/www.ebg.de\/#\/schema\/person\/6194a3051c516578ca559a6b15ac8fd8"},"headline":"Auszubildende der Altenpflege","datePublished":"2018-12-03T14:28:56+00:00","dateModified":"2018-12-03T14:30:02+00:00","mainEntityOfPage":{"@id":"https:\/\/www.ebg.de\/auszubildende-der-altenpflege\/"},"wordCount":92,"image":{"@id":"https:\/\/www.ebg.de\/auszubildende-der-altenpflege\/#primaryimage"},"thumbnailUrl":"https:\/\/www.ebg.de\/wp-content\/uploads\/2018\/12\/image003_start.jpg","articleSection":["News - Startseite"],"inLanguage":"en-US"},{"@type":"WebPage","@id":"https:\/\/www.ebg.de\/auszubildende-der-altenpflege\/","url":"https:\/\/www.ebg.de\/auszubildende-der-altenpflege\/","name":"Auszubildende der Altenpflege - Europ\u00e4isches Bildungswerk f\u00fcr Beruf und Gesellschaft","isPartOf":{"@id":"https:\/\/www.ebg.de\/#website"},"primaryImageOfPage":{"@id":"https:\/\/www.ebg.de\/auszubildende-der-altenpflege\/#primaryimage"},"image":{"@id":"https:\/\/www.ebg.de\/auszubildende-der-altenpflege\/#primaryimage"},"thumbnailUrl":"https:\/\/www.ebg.de\/wp-content\/uploads\/2018\/12\/image003_start.jpg","datePublished":"2018-12-03T14:28:56+00:00","dateModified":"2018-12-03T14:30:02+00:00","author":{"@id":"https:\/\/www.ebg.de\/#\/schema\/person\/6194a3051c516578ca559a6b15ac8fd8"},"breadcrumb":{"@id":"https:\/\/www.ebg.de\/auszubildende-der-altenpflege\/#breadcrumb"},"inLanguage":"en-US","potentialAction":[{"@type":"ReadAction","target":["https:\/\/www.ebg.de\/auszubildende-der-altenpflege\/"]}]},{"@type":"ImageObject","inLanguage":"en-US","@id":"https:\/\/www.ebg.de\/auszubildende-der-altenpflege\/#primaryimage","url":"https:\/\/www.ebg.de\/wp-content\/uploads\/2018\/12\/image003_start.jpg","contentUrl":"https:\/\/www.ebg.de\/wp-content\/uploads\/2018\/12\/image003_start.jpg","width":860,"height":348},{"@type":"BreadcrumbList","@id":"https:\/\/www.ebg.de\/auszubildende-der-altenpflege\/#breadcrumb","itemListElement":[{"@type":"ListItem","position":1,"name":"Startseite","item":"https:\/\/www.ebg.de\/"},{"@type":"ListItem","position":2,"name":"Auszubildende der Altenpflege"}]},{"@type":"WebSite","@id":"https:\/\/www.ebg.de\/#website","url":"https:\/\/www.ebg.de\/","name":"Europ\u00e4isches Bildungswerk f\u00fcr Beruf und Gesellschaft","description":"Bildung, Ausbildung und Weiterbildung","potentialAction":[{"@type":"SearchAction","target":{"@type":"EntryPoint","urlTemplate":"https:\/\/www.ebg.de\/?s={search_term_string}"},"query-input":{"@type":"PropertyValueSpecification","valueRequired":true,"valueName":"search_term_string"}}],"inLanguage":"en-US"},{"@type":"Person","@id":"https:\/\/www.ebg.de\/#\/schema\/person\/6194a3051c516578ca559a6b15ac8fd8","name":"Carla R\u00f6blitz","image":{"@type":"ImageObject","inLanguage":"en-US","@id":"https:\/\/www.ebg.de\/#\/schema\/person\/image\/","url":"https:\/\/secure.gravatar.com\/avatar\/a857149204a48781b4d141524fc4cbc60c48bb5682271a5e2762174f7ac85a2d?s=96&d=mm&r=g","contentUrl":"https:\/\/secure.gravatar.com\/avatar\/a857149204a48781b4d141524fc4cbc60c48bb5682271a5e2762174f7ac85a2d?s=96&d=mm&r=g","caption":"Carla R\u00f6blitz"},"url":"https:\/\/www.ebg.de\/en\/author\/croeblitz\/"}]}},"_links":{"self":[{"href":"https:\/\/www.ebg.de\/en\/wp-json\/wp\/v2\/posts\/2871","targetHints":{"allow":["GET"]}}],"collection":[{"href":"https:\/\/www.ebg.de\/en\/wp-json\/wp\/v2\/posts"}],"about":[{"href":"https:\/\/www.ebg.de\/en\/wp-json\/wp\/v2\/types\/post"}],"author":[{"embeddable":true,"href":"https:\/\/www.ebg.de\/en\/wp-json\/wp\/v2\/users\/2"}],"replies":[{"embeddable":true,"href":"https:\/\/www.ebg.de\/en\/wp-json\/wp\/v2\/comments?post=2871"}],"version-history":[{"count":2,"href":"https:\/\/www.ebg.de\/en\/wp-json\/wp\/v2\/posts\/2871\/revisions"}],"predecessor-version":[{"id":2877,"href":"https:\/\/www.ebg.de\/en\/wp-json\/wp\/v2\/posts\/2871\/revisions\/2877"}],"wp:featuredmedia":[{"embeddable":true,"href":"https:\/\/www.ebg.de\/en\/wp-json\/wp\/v2\/media\/2874"}],"wp:attachment":[{"href":"https:\/\/www.ebg.de\/en\/wp-json\/wp\/v2\/media?parent=2871"}],"wp:term":[{"taxonomy":"category","embeddable":true,"href":"https:\/\/www.ebg.de\/en\/wp-json\/wp\/v2\/categories?post=2871"},{"taxonomy":"post_tag","embeddable":true,"href":"https:\/\/www.ebg.de\/en\/wp-json\/wp\/v2\/tags?post=2871"}],"curies":[{"name":"wp","href":"https:\/\/api.w.org\/{rel}","templated":true}]}}