{"id":27827,"date":"2023-03-08T10:44:53","date_gmt":"2023-03-08T09:44:53","guid":{"rendered":"https:\/\/www.ebg.de\/?p=27827"},"modified":"2023-03-08T10:44:57","modified_gmt":"2023-03-08T09:44:57","slug":"resozialisierungsprojekt-neuer-projektabschnitt","status":"publish","type":"post","link":"https:\/\/www.ebg.de\/en\/resozialisierungsprojekt-neuer-projektabschnitt\/","title":{"rendered":"Resozialisierungsprojekt \u2013 neuer Projektabschnitt"},"content":{"rendered":"\n<p>Es gibt neue Arbeitsaufgaben innerhalb des Projektes Resozialisierung f\u00fcr Jugendliche und Heranwachsende. W\u00e4hrend der im Jahr 2021 gestartete Projektabschnitt \u201eHilfe bei der Neugestaltung des Stadtteiltreffs in Torgau Nord-West\u201c \u2013 siehe dazu auch unseren Blogbeitrag \u2013 weiter voranschreitet, streichen die Jugendlichen im neuen Projektabschnitt \u2013 \u201eHilfe bei der Vorbereitung der Landesgartenschau\u201c \u2013 Fu\u00dfg\u00e4ngerbr\u00fccken in Torgau mit den Farben der Landesgartenschau. <\/p>\n\n\n\n<p>Der n\u00e4chste Projektabschnitt wird \u2013 wie schon im ersten Abschnitt angek\u00fcndigt \u2013 \u201eUnterst\u00fctzung im Hartenfelsstadion in Torgau\u201c sein.<\/p>\n\n\n\n<p>Das gesamte Projekt des Europ\u00e4ischen Bildungswerkes f\u00fcr Beruf und Gesellschaft startete im Jahr 2021 in Kooperation mit dem Landratsamt Nordsachsen und der Stadtverwaltung Torgau mit dem Ziel der Unterst\u00fctzung und F\u00fchrung straff\u00e4llig gewordener Jugendlicher und Heranwachsender.<\/p>\n","protected":false},"excerpt":{"rendered":"<p>Neuer Projektabschnitt Resozialisierungsprojektes \u2013 \u201eHilfe bei der Vorbereitung der Landesgartenschau\u201c<\/p>\n","protected":false},"author":8,"featured_media":27832,"comment_status":"closed","ping_status":"closed","sticky":false,"template":"","format":"standard","meta":{"_acf_changed":false,"footnotes":""},"categories":[32],"tags":[],"class_list":["post-27827","post","type-post","status-publish","format-standard","has-post-thumbnail","hentry","category-news-torgau-bildungszentrum"],"acf":[],"yoast_head":"<!-- This site is optimized with the Yoast SEO plugin v26.9 - https:\/\/yoast.com\/product\/yoast-seo-wordpress\/ -->\n<title>Resozialisierungsprojekt \u2013 neuer Projektabschnitt - Europ\u00e4isches Bildungswerk f\u00fcr Beruf und Gesellschaft<\/title>\n<meta name=\"robots\" content=\"index, follow, max-snippet:-1, max-image-preview:large, max-video-preview:-1\" \/>\n<link rel=\"canonical\" href=\"https:\/\/www.ebg.de\/resozialisierungsprojekt-neuer-projektabschnitt\/\" \/>\n<meta property=\"og:locale\" content=\"en_US\" \/>\n<meta property=\"og:type\" content=\"article\" \/>\n<meta property=\"og:title\" content=\"Resozialisierungsprojekt \u2013 neuer Projektabschnitt - Europ\u00e4isches Bildungswerk f\u00fcr Beruf und Gesellschaft\" \/>\n<meta property=\"og:description\" content=\"Neuer Projektabschnitt Resozialisierungsprojektes \u2013 \u201eHilfe bei der Vorbereitung der Landesgartenschau\u201c\" \/>\n<meta property=\"og:url\" content=\"https:\/\/www.ebg.de\/resozialisierungsprojekt-neuer-projektabschnitt\/\" \/>\n<meta property=\"og:site_name\" content=\"Europ\u00e4isches Bildungswerk f\u00fcr Beruf und Gesellschaft\" \/>\n<meta property=\"article:published_time\" content=\"2023-03-08T09:44:53+00:00\" \/>\n<meta property=\"article:modified_time\" content=\"2023-03-08T09:44:57+00:00\" \/>\n<meta property=\"og:image\" content=\"https:\/\/www.ebg.de\/wp-content\/uploads\/2023\/03\/resozialisierungsprojekt-torgau-landesgartenschau-1.jpg\" \/>\n\t<meta property=\"og:image:width\" content=\"510\" \/>\n\t<meta property=\"og:image:height\" content=\"290\" \/>\n\t<meta property=\"og:image:type\" content=\"image\/jpeg\" \/>\n<meta name=\"author\" content=\"Christiane Selbig\" \/>\n<meta name=\"twitter:card\" content=\"summary_large_image\" \/>\n<meta name=\"twitter:label1\" content=\"Written by\" \/>\n\t<meta name=\"twitter:data1\" content=\"Christiane Selbig\" \/>\n\t<meta name=\"twitter:label2\" content=\"Est. reading time\" \/>\n\t<meta name=\"twitter:data2\" content=\"1 minute\" \/>\n<!-- \/ Yoast SEO plugin. -->","yoast_head_json":{"title":"Resozialisierungsprojekt \u2013 neuer Projektabschnitt - Europ\u00e4isches Bildungswerk f\u00fcr Beruf und Gesellschaft","robots":{"index":"index","follow":"follow","max-snippet":"max-snippet:-1","max-image-preview":"max-image-preview:large","max-video-preview":"max-video-preview:-1"},"canonical":"https:\/\/www.ebg.de\/resozialisierungsprojekt-neuer-projektabschnitt\/","og_locale":"en_US","og_type":"article","og_title":"Resozialisierungsprojekt \u2013 neuer Projektabschnitt - Europ\u00e4isches Bildungswerk f\u00fcr Beruf und Gesellschaft","og_description":"Neuer Projektabschnitt Resozialisierungsprojektes \u2013 \u201eHilfe bei der Vorbereitung der Landesgartenschau\u201c","og_url":"https:\/\/www.ebg.de\/resozialisierungsprojekt-neuer-projektabschnitt\/","og_site_name":"Europ\u00e4isches Bildungswerk f\u00fcr Beruf und Gesellschaft","article_published_time":"2023-03-08T09:44:53+00:00","article_modified_time":"2023-03-08T09:44:57+00:00","og_image":[{"width":510,"height":290,"url":"https:\/\/www.ebg.de\/wp-content\/uploads\/2023\/03\/resozialisierungsprojekt-torgau-landesgartenschau-1.jpg","type":"image\/jpeg"}],"author":"Christiane Selbig","twitter_card":"summary_large_image","twitter_misc":{"Written by":"Christiane Selbig","Est. reading time":"1 minute"},"schema":{"@context":"https:\/\/schema.org","@graph":[{"@type":"Article","@id":"https:\/\/www.ebg.de\/resozialisierungsprojekt-neuer-projektabschnitt\/#article","isPartOf":{"@id":"https:\/\/www.ebg.de\/resozialisierungsprojekt-neuer-projektabschnitt\/"},"author":{"name":"Christiane Selbig","@id":"https:\/\/www.ebg.de\/#\/schema\/person\/841de16928f485ad75bab4e688fe3436"},"headline":"Resozialisierungsprojekt \u2013 neuer Projektabschnitt","datePublished":"2023-03-08T09:44:53+00:00","dateModified":"2023-03-08T09:44:57+00:00","mainEntityOfPage":{"@id":"https:\/\/www.ebg.de\/resozialisierungsprojekt-neuer-projektabschnitt\/"},"wordCount":121,"image":{"@id":"https:\/\/www.ebg.de\/resozialisierungsprojekt-neuer-projektabschnitt\/#primaryimage"},"thumbnailUrl":"https:\/\/www.ebg.de\/wp-content\/uploads\/2023\/03\/resozialisierungsprojekt-torgau-landesgartenschau-1.jpg","articleSection":["News - Torgau BZ"],"inLanguage":"en-US"},{"@type":"WebPage","@id":"https:\/\/www.ebg.de\/resozialisierungsprojekt-neuer-projektabschnitt\/","url":"https:\/\/www.ebg.de\/resozialisierungsprojekt-neuer-projektabschnitt\/","name":"Resozialisierungsprojekt \u2013 neuer Projektabschnitt - Europ\u00e4isches Bildungswerk f\u00fcr Beruf und Gesellschaft","isPartOf":{"@id":"https:\/\/www.ebg.de\/#website"},"primaryImageOfPage":{"@id":"https:\/\/www.ebg.de\/resozialisierungsprojekt-neuer-projektabschnitt\/#primaryimage"},"image":{"@id":"https:\/\/www.ebg.de\/resozialisierungsprojekt-neuer-projektabschnitt\/#primaryimage"},"thumbnailUrl":"https:\/\/www.ebg.de\/wp-content\/uploads\/2023\/03\/resozialisierungsprojekt-torgau-landesgartenschau-1.jpg","datePublished":"2023-03-08T09:44:53+00:00","dateModified":"2023-03-08T09:44:57+00:00","author":{"@id":"https:\/\/www.ebg.de\/#\/schema\/person\/841de16928f485ad75bab4e688fe3436"},"breadcrumb":{"@id":"https:\/\/www.ebg.de\/resozialisierungsprojekt-neuer-projektabschnitt\/#breadcrumb"},"inLanguage":"en-US","potentialAction":[{"@type":"ReadAction","target":["https:\/\/www.ebg.de\/resozialisierungsprojekt-neuer-projektabschnitt\/"]}]},{"@type":"ImageObject","inLanguage":"en-US","@id":"https:\/\/www.ebg.de\/resozialisierungsprojekt-neuer-projektabschnitt\/#primaryimage","url":"https:\/\/www.ebg.de\/wp-content\/uploads\/2023\/03\/resozialisierungsprojekt-torgau-landesgartenschau-1.jpg","contentUrl":"https:\/\/www.ebg.de\/wp-content\/uploads\/2023\/03\/resozialisierungsprojekt-torgau-landesgartenschau-1.jpg","width":510,"height":290,"caption":"Im Rahmen des Projektes \u201eResozialisierung straff\u00e4lliger Jugendlicher und junger Heranwachsender\u201c streichen die Jugendlichen Fu\u00dfg\u00e4ngerbr\u00fccken in Torgau mit den Farben der Landesgartenschau."},{"@type":"BreadcrumbList","@id":"https:\/\/www.ebg.de\/resozialisierungsprojekt-neuer-projektabschnitt\/#breadcrumb","itemListElement":[{"@type":"ListItem","position":1,"name":"Startseite","item":"https:\/\/www.ebg.de\/"},{"@type":"ListItem","position":2,"name":"Resozialisierungsprojekt \u2013 neuer Projektabschnitt"}]},{"@type":"WebSite","@id":"https:\/\/www.ebg.de\/#website","url":"https:\/\/www.ebg.de\/","name":"Europ\u00e4isches Bildungswerk f\u00fcr Beruf und Gesellschaft","description":"Bildung, Ausbildung und Weiterbildung","potentialAction":[{"@type":"SearchAction","target":{"@type":"EntryPoint","urlTemplate":"https:\/\/www.ebg.de\/?s={search_term_string}"},"query-input":{"@type":"PropertyValueSpecification","valueRequired":true,"valueName":"search_term_string"}}],"inLanguage":"en-US"},{"@type":"Person","@id":"https:\/\/www.ebg.de\/#\/schema\/person\/841de16928f485ad75bab4e688fe3436","name":"Christiane Selbig","image":{"@type":"ImageObject","inLanguage":"en-US","@id":"https:\/\/www.ebg.de\/#\/schema\/person\/image\/","url":"https:\/\/secure.gravatar.com\/avatar\/2cc1d2ea88bd46e448d57ac18ac9f028486b7c08a90951b9d99326eeec001739?s=96&d=mm&r=g","contentUrl":"https:\/\/secure.gravatar.com\/avatar\/2cc1d2ea88bd46e448d57ac18ac9f028486b7c08a90951b9d99326eeec001739?s=96&d=mm&r=g","caption":"Christiane Selbig"},"url":"https:\/\/www.ebg.de\/en\/author\/cselbig\/"}]}},"_links":{"self":[{"href":"https:\/\/www.ebg.de\/en\/wp-json\/wp\/v2\/posts\/27827","targetHints":{"allow":["GET"]}}],"collection":[{"href":"https:\/\/www.ebg.de\/en\/wp-json\/wp\/v2\/posts"}],"about":[{"href":"https:\/\/www.ebg.de\/en\/wp-json\/wp\/v2\/types\/post"}],"author":[{"embeddable":true,"href":"https:\/\/www.ebg.de\/en\/wp-json\/wp\/v2\/users\/8"}],"replies":[{"embeddable":true,"href":"https:\/\/www.ebg.de\/en\/wp-json\/wp\/v2\/comments?post=27827"}],"version-history":[{"count":2,"href":"https:\/\/www.ebg.de\/en\/wp-json\/wp\/v2\/posts\/27827\/revisions"}],"predecessor-version":[{"id":27837,"href":"https:\/\/www.ebg.de\/en\/wp-json\/wp\/v2\/posts\/27827\/revisions\/27837"}],"wp:featuredmedia":[{"embeddable":true,"href":"https:\/\/www.ebg.de\/en\/wp-json\/wp\/v2\/media\/27832"}],"wp:attachment":[{"href":"https:\/\/www.ebg.de\/en\/wp-json\/wp\/v2\/media?parent=27827"}],"wp:term":[{"taxonomy":"category","embeddable":true,"href":"https:\/\/www.ebg.de\/en\/wp-json\/wp\/v2\/categories?post=27827"},{"taxonomy":"post_tag","embeddable":true,"href":"https:\/\/www.ebg.de\/en\/wp-json\/wp\/v2\/tags?post=27827"}],"curies":[{"name":"wp","href":"https:\/\/api.w.org\/{rel}","templated":true}]}}