{"id":2781,"date":"2018-11-07T15:04:54","date_gmt":"2018-11-07T14:04:54","guid":{"rendered":"https:\/\/www.ebg.de\/?p=2781"},"modified":"2018-12-02T20:43:49","modified_gmt":"2018-12-02T19:43:49","slug":"kohltag-2018","status":"publish","type":"post","link":"https:\/\/www.ebg.de\/en\/kohltag-2018\/","title":{"rendered":"Kohltag 2018"},"content":{"rendered":"<p><strong>Unser &#8220;Kohltag&#8221; wird 10 Jahre alt!<\/strong><\/p>\n<p><!--more--><\/p>\n<p>Wir laden euch herzlich ein mit uns am 22.11.2018, ab 9:00 Uhr in der Sankt-Annen-Galerie zu &#8220;Kohl im Weltall&#8221; bei Spiel und Spa\u00df zur gesunden Ern\u00e4hrung f\u00fcr unsere Kleinen und Gro\u00dfen, nat\u00fcrlich auch wieder mit der Fachschule f\u00fcr Sozialwesen des Europ\u00e4ischen Bildungswerkes in Brandenburg an der Havel.<\/p>\n<p>Organisiert wird die Veranstaltung vom Verein \u201eGesund in Brandenburg\u201c, dem Europ\u00e4ischen Bildungswerk f\u00fcr Beruf und Gesellschaft, der Verbraucherzentrale Brandenburg und der Stadt Brandenburg.<\/p>\n<p style=\"text-align: center\">\n","protected":false},"excerpt":{"rendered":"<p>Unser &#8220;Kohltag&#8221; wird 10 Jahre alt!<\/p>\n","protected":false},"author":15,"featured_media":2793,"comment_status":"closed","ping_status":"closed","sticky":false,"template":"","format":"standard","meta":{"_acf_changed":false,"footnotes":""},"categories":[26],"tags":[],"class_list":["post-2781","post","type-post","status-publish","format-standard","has-post-thumbnail","hentry","category-news-brandenburg-schulen"],"acf":[],"yoast_head":"<!-- This site is optimized with the Yoast SEO plugin v26.9 - https:\/\/yoast.com\/product\/yoast-seo-wordpress\/ -->\n<title>Kohltag 2018 - Europ\u00e4isches Bildungswerk f\u00fcr Beruf und Gesellschaft<\/title>\n<meta name=\"robots\" content=\"index, follow, max-snippet:-1, max-image-preview:large, max-video-preview:-1\" \/>\n<link rel=\"canonical\" href=\"https:\/\/www.ebg.de\/kohltag-2018\/\" \/>\n<meta property=\"og:locale\" content=\"en_US\" \/>\n<meta property=\"og:type\" content=\"article\" \/>\n<meta property=\"og:title\" content=\"Kohltag 2018 - Europ\u00e4isches Bildungswerk f\u00fcr Beruf und Gesellschaft\" \/>\n<meta property=\"og:description\" content=\"Unser &#8220;Kohltag&#8221; wird 10 Jahre alt!\" \/>\n<meta property=\"og:url\" content=\"https:\/\/www.ebg.de\/kohltag-2018\/\" \/>\n<meta property=\"og:site_name\" content=\"Europ\u00e4isches Bildungswerk f\u00fcr Beruf und Gesellschaft\" \/>\n<meta property=\"article:published_time\" content=\"2018-11-07T14:04:54+00:00\" \/>\n<meta property=\"article:modified_time\" content=\"2018-12-02T19:43:49+00:00\" \/>\n<meta property=\"og:image\" content=\"https:\/\/www.ebg.de\/wp-content\/uploads\/2018\/11\/Kohltag-1.jpg\" \/>\n\t<meta property=\"og:image:width\" content=\"641\" \/>\n\t<meta property=\"og:image:height\" content=\"900\" \/>\n\t<meta property=\"og:image:type\" content=\"image\/jpeg\" \/>\n<meta name=\"author\" content=\"Ina Schubert\" \/>\n<meta name=\"twitter:card\" content=\"summary_large_image\" \/>\n<meta name=\"twitter:label1\" content=\"Written by\" \/>\n\t<meta name=\"twitter:data1\" content=\"Ina Schubert\" \/>\n<!-- \/ Yoast SEO plugin. -->","yoast_head_json":{"title":"Kohltag 2018 - Europ\u00e4isches Bildungswerk f\u00fcr Beruf und Gesellschaft","robots":{"index":"index","follow":"follow","max-snippet":"max-snippet:-1","max-image-preview":"max-image-preview:large","max-video-preview":"max-video-preview:-1"},"canonical":"https:\/\/www.ebg.de\/kohltag-2018\/","og_locale":"en_US","og_type":"article","og_title":"Kohltag 2018 - Europ\u00e4isches Bildungswerk f\u00fcr Beruf und Gesellschaft","og_description":"Unser &#8220;Kohltag&#8221; wird 10 Jahre alt!","og_url":"https:\/\/www.ebg.de\/kohltag-2018\/","og_site_name":"Europ\u00e4isches Bildungswerk f\u00fcr Beruf und Gesellschaft","article_published_time":"2018-11-07T14:04:54+00:00","article_modified_time":"2018-12-02T19:43:49+00:00","og_image":[{"width":641,"height":900,"url":"https:\/\/www.ebg.de\/wp-content\/uploads\/2018\/11\/Kohltag-1.jpg","type":"image\/jpeg"}],"author":"Ina Schubert","twitter_card":"summary_large_image","twitter_misc":{"Written by":"Ina Schubert"},"schema":{"@context":"https:\/\/schema.org","@graph":[{"@type":"Article","@id":"https:\/\/www.ebg.de\/kohltag-2018\/#article","isPartOf":{"@id":"https:\/\/www.ebg.de\/kohltag-2018\/"},"author":{"name":"Ina Schubert","@id":"https:\/\/www.ebg.de\/#\/schema\/person\/00edc5d5868606a12c2f5e12ba5a0277"},"headline":"Kohltag 2018","datePublished":"2018-11-07T14:04:54+00:00","dateModified":"2018-12-02T19:43:49+00:00","mainEntityOfPage":{"@id":"https:\/\/www.ebg.de\/kohltag-2018\/"},"wordCount":82,"image":{"@id":"https:\/\/www.ebg.de\/kohltag-2018\/#primaryimage"},"thumbnailUrl":"https:\/\/www.ebg.de\/wp-content\/uploads\/2018\/11\/Kohltag-1.jpg","articleSection":["News - Brandenburg Schulen"],"inLanguage":"en-US"},{"@type":"WebPage","@id":"https:\/\/www.ebg.de\/kohltag-2018\/","url":"https:\/\/www.ebg.de\/kohltag-2018\/","name":"Kohltag 2018 - Europ\u00e4isches Bildungswerk f\u00fcr Beruf und Gesellschaft","isPartOf":{"@id":"https:\/\/www.ebg.de\/#website"},"primaryImageOfPage":{"@id":"https:\/\/www.ebg.de\/kohltag-2018\/#primaryimage"},"image":{"@id":"https:\/\/www.ebg.de\/kohltag-2018\/#primaryimage"},"thumbnailUrl":"https:\/\/www.ebg.de\/wp-content\/uploads\/2018\/11\/Kohltag-1.jpg","datePublished":"2018-11-07T14:04:54+00:00","dateModified":"2018-12-02T19:43:49+00:00","author":{"@id":"https:\/\/www.ebg.de\/#\/schema\/person\/00edc5d5868606a12c2f5e12ba5a0277"},"breadcrumb":{"@id":"https:\/\/www.ebg.de\/kohltag-2018\/#breadcrumb"},"inLanguage":"en-US","potentialAction":[{"@type":"ReadAction","target":["https:\/\/www.ebg.de\/kohltag-2018\/"]}]},{"@type":"ImageObject","inLanguage":"en-US","@id":"https:\/\/www.ebg.de\/kohltag-2018\/#primaryimage","url":"https:\/\/www.ebg.de\/wp-content\/uploads\/2018\/11\/Kohltag-1.jpg","contentUrl":"https:\/\/www.ebg.de\/wp-content\/uploads\/2018\/11\/Kohltag-1.jpg","width":641,"height":900},{"@type":"BreadcrumbList","@id":"https:\/\/www.ebg.de\/kohltag-2018\/#breadcrumb","itemListElement":[{"@type":"ListItem","position":1,"name":"Startseite","item":"https:\/\/www.ebg.de\/"},{"@type":"ListItem","position":2,"name":"Kohltag 2018"}]},{"@type":"WebSite","@id":"https:\/\/www.ebg.de\/#website","url":"https:\/\/www.ebg.de\/","name":"Europ\u00e4isches Bildungswerk f\u00fcr Beruf und Gesellschaft","description":"Bildung, Ausbildung und Weiterbildung","potentialAction":[{"@type":"SearchAction","target":{"@type":"EntryPoint","urlTemplate":"https:\/\/www.ebg.de\/?s={search_term_string}"},"query-input":{"@type":"PropertyValueSpecification","valueRequired":true,"valueName":"search_term_string"}}],"inLanguage":"en-US"},{"@type":"Person","@id":"https:\/\/www.ebg.de\/#\/schema\/person\/00edc5d5868606a12c2f5e12ba5a0277","name":"Ina Schubert","image":{"@type":"ImageObject","inLanguage":"en-US","@id":"https:\/\/www.ebg.de\/#\/schema\/person\/image\/","url":"https:\/\/secure.gravatar.com\/avatar\/711e362b576ac547782ca793fe3330d5c37b80c32dfb390f08ca496d6cfc1ca0?s=96&d=mm&r=g","contentUrl":"https:\/\/secure.gravatar.com\/avatar\/711e362b576ac547782ca793fe3330d5c37b80c32dfb390f08ca496d6cfc1ca0?s=96&d=mm&r=g","caption":"Ina Schubert"},"url":"https:\/\/www.ebg.de\/en\/author\/fsbrandenburg\/"}]}},"_links":{"self":[{"href":"https:\/\/www.ebg.de\/en\/wp-json\/wp\/v2\/posts\/2781","targetHints":{"allow":["GET"]}}],"collection":[{"href":"https:\/\/www.ebg.de\/en\/wp-json\/wp\/v2\/posts"}],"about":[{"href":"https:\/\/www.ebg.de\/en\/wp-json\/wp\/v2\/types\/post"}],"author":[{"embeddable":true,"href":"https:\/\/www.ebg.de\/en\/wp-json\/wp\/v2\/users\/15"}],"replies":[{"embeddable":true,"href":"https:\/\/www.ebg.de\/en\/wp-json\/wp\/v2\/comments?post=2781"}],"version-history":[{"count":8,"href":"https:\/\/www.ebg.de\/en\/wp-json\/wp\/v2\/posts\/2781\/revisions"}],"predecessor-version":[{"id":2860,"href":"https:\/\/www.ebg.de\/en\/wp-json\/wp\/v2\/posts\/2781\/revisions\/2860"}],"wp:featuredmedia":[{"embeddable":true,"href":"https:\/\/www.ebg.de\/en\/wp-json\/wp\/v2\/media\/2793"}],"wp:attachment":[{"href":"https:\/\/www.ebg.de\/en\/wp-json\/wp\/v2\/media?parent=2781"}],"wp:term":[{"taxonomy":"category","embeddable":true,"href":"https:\/\/www.ebg.de\/en\/wp-json\/wp\/v2\/categories?post=2781"},{"taxonomy":"post_tag","embeddable":true,"href":"https:\/\/www.ebg.de\/en\/wp-json\/wp\/v2\/tags?post=2781"}],"curies":[{"name":"wp","href":"https:\/\/api.w.org\/{rel}","templated":true}]}}