{"id":2728,"date":"2018-11-07T10:52:15","date_gmt":"2018-11-07T09:52:15","guid":{"rendered":"https:\/\/www.ebg.de\/?p=2728"},"modified":"2018-11-07T10:53:44","modified_gmt":"2018-11-07T09:53:44","slug":"mit-der-tram-durch-europa","status":"publish","type":"post","link":"https:\/\/www.ebg.de\/en\/mit-der-tram-durch-europa\/","title":{"rendered":"Mit der Tram durch Europa"},"content":{"rendered":"<p>Am Dialog haben unsere Erzieher im ersten Ausbildungsjahr und Jugendliche aus verschiedenen Ausbildungsbereichen anderer Schulen teilgenommen und mit EU-Experten \u00fcber ihre Vorstellungen von Europa diskutiert. <!--more--><\/p>\n<p>Dabei konnten die Teilnehmer konstruktive Beitr\u00e4ge leisten, die von den EU-Experten mitgenommen wurden.ai bis Oktober 2018 sind B\u00fcrgerinnen und B\u00fcrger in ganz\u00a0 Europa aufgerufen, dar\u00fcber zu diskutieren, wie ihnen Europa im Alltag begegnet, welche Rolle Europa f\u00fcr die Lebenswirklichkeit in ihrem Land spielt und wie Europa in Zukunft aussehen sollte. In Kooperation mit der Volkshochschule Naumburg beteiligten wir uns als Europ\u00e4isches Bildungswerk f\u00fcr Beruf uns Gesellschaft an dem vom Deutschen Volkshochschulverband unterst\u00fctzten B\u00fcrgerdialogen zur Zukunft Europas.<\/p>\n<p>Die Durchf\u00fchrung des Dialoges wurde am Donnerstag, d. 25.10.18 in der Zeit von 10:00 \u2013 12:15 Uhr durchgef\u00fchrt.<\/p>\n<p>Veranstaltungsort war die Naumburger Stra\u00dfenbahn, woraus auch der Titel der Veranstaltung resultiert: \u201eMit der Tram durch Europa.&#8221;<\/p>\n<p><img loading=\"lazy\" decoding=\"async\" class=\"wp-image-2737 size-ebg-small aligncenter\" src=\"https:\/\/www.ebg.de\/wp-content\/uploads\/2018\/11\/44993920_2024769494269226_6490976944799088640_n-400x400.jpg\" alt=\"\" width=\"400\" height=\"400\" srcset=\"https:\/\/www.ebg.de\/wp-content\/uploads\/2018\/11\/44993920_2024769494269226_6490976944799088640_n-400x400.jpg 400w, https:\/\/www.ebg.de\/wp-content\/uploads\/2018\/11\/44993920_2024769494269226_6490976944799088640_n-150x150.jpg 150w, https:\/\/www.ebg.de\/wp-content\/uploads\/2018\/11\/44993920_2024769494269226_6490976944799088640_n-300x300.jpg 300w, https:\/\/www.ebg.de\/wp-content\/uploads\/2018\/11\/44993920_2024769494269226_6490976944799088640_n-768x768.jpg 768w, https:\/\/www.ebg.de\/wp-content\/uploads\/2018\/11\/44993920_2024769494269226_6490976944799088640_n-900x900.jpg 900w, https:\/\/www.ebg.de\/wp-content\/uploads\/2018\/11\/44993920_2024769494269226_6490976944799088640_n.jpg 960w\" sizes=\"auto, (max-width: 400px) 100vw, 400px\" \/><\/p>\n","protected":false},"excerpt":{"rendered":"<p>Am Dialog haben unsere Erzieher im ersten Ausbildungsjahr und Jugendliche aus verschiedenen Ausbildungsbereichen anderer Schulen teilgenommen und mit EU-Experten \u00fcber ihre Vorstellungen von Europa diskutiert.<\/p>\n","protected":false},"author":17,"featured_media":2741,"comment_status":"closed","ping_status":"closed","sticky":false,"template":"","format":"standard","meta":{"_acf_changed":false,"footnotes":""},"categories":[30],"tags":[],"class_list":["post-2728","post","type-post","status-publish","format-standard","has-post-thumbnail","hentry","category-news-naumburg-schulen"],"acf":[],"yoast_head":"<!-- This site is optimized with the Yoast SEO plugin v26.9 - https:\/\/yoast.com\/product\/yoast-seo-wordpress\/ -->\n<title>Mit der Tram durch Europa - Europ\u00e4isches Bildungswerk f\u00fcr Beruf und Gesellschaft<\/title>\n<meta name=\"robots\" content=\"index, follow, max-snippet:-1, max-image-preview:large, max-video-preview:-1\" \/>\n<link rel=\"canonical\" href=\"https:\/\/www.ebg.de\/mit-der-tram-durch-europa\/?lang=en\" \/>\n<meta property=\"og:locale\" content=\"en_US\" \/>\n<meta property=\"og:type\" content=\"article\" \/>\n<meta property=\"og:title\" content=\"Mit der Tram durch Europa - Europ\u00e4isches Bildungswerk f\u00fcr Beruf und Gesellschaft\" \/>\n<meta property=\"og:description\" content=\"Am Dialog haben unsere Erzieher im ersten Ausbildungsjahr und Jugendliche aus verschiedenen Ausbildungsbereichen anderer Schulen teilgenommen und mit EU-Experten \u00fcber ihre Vorstellungen von Europa diskutiert.\" \/>\n<meta property=\"og:url\" content=\"https:\/\/www.ebg.de\/mit-der-tram-durch-europa\/?lang=en\" \/>\n<meta property=\"og:site_name\" content=\"Europ\u00e4isches Bildungswerk f\u00fcr Beruf und Gesellschaft\" \/>\n<meta property=\"article:published_time\" content=\"2018-11-07T09:52:15+00:00\" \/>\n<meta property=\"article:modified_time\" content=\"2018-11-07T09:53:44+00:00\" \/>\n<meta property=\"og:image\" content=\"https:\/\/www.ebg.de\/wp-content\/uploads\/2018\/11\/44887421_2019707518108757_6880125428770537472_n-e1541584029491.jpg\" \/>\n\t<meta property=\"og:image:width\" content=\"960\" \/>\n\t<meta property=\"og:image:height\" content=\"482\" \/>\n\t<meta property=\"og:image:type\" content=\"image\/jpeg\" \/>\n<meta name=\"author\" content=\"FS Naumburg\" \/>\n<meta name=\"twitter:card\" content=\"summary_large_image\" \/>\n<meta name=\"twitter:label1\" content=\"Written by\" \/>\n\t<meta name=\"twitter:data1\" content=\"FS Naumburg\" \/>\n\t<meta name=\"twitter:label2\" content=\"Est. reading time\" \/>\n\t<meta name=\"twitter:data2\" content=\"1 minute\" \/>\n<!-- \/ Yoast SEO plugin. -->","yoast_head_json":{"title":"Mit der Tram durch Europa - Europ\u00e4isches Bildungswerk f\u00fcr Beruf und Gesellschaft","robots":{"index":"index","follow":"follow","max-snippet":"max-snippet:-1","max-image-preview":"max-image-preview:large","max-video-preview":"max-video-preview:-1"},"canonical":"https:\/\/www.ebg.de\/mit-der-tram-durch-europa\/?lang=en","og_locale":"en_US","og_type":"article","og_title":"Mit der Tram durch Europa - Europ\u00e4isches Bildungswerk f\u00fcr Beruf und Gesellschaft","og_description":"Am Dialog haben unsere Erzieher im ersten Ausbildungsjahr und Jugendliche aus verschiedenen Ausbildungsbereichen anderer Schulen teilgenommen und mit EU-Experten \u00fcber ihre Vorstellungen von Europa diskutiert.","og_url":"https:\/\/www.ebg.de\/mit-der-tram-durch-europa\/?lang=en","og_site_name":"Europ\u00e4isches Bildungswerk f\u00fcr Beruf und Gesellschaft","article_published_time":"2018-11-07T09:52:15+00:00","article_modified_time":"2018-11-07T09:53:44+00:00","og_image":[{"width":960,"height":482,"url":"https:\/\/www.ebg.de\/wp-content\/uploads\/2018\/11\/44887421_2019707518108757_6880125428770537472_n-e1541584029491.jpg","type":"image\/jpeg"}],"author":"FS Naumburg","twitter_card":"summary_large_image","twitter_misc":{"Written by":"FS Naumburg","Est. reading time":"1 minute"},"schema":{"@context":"https:\/\/schema.org","@graph":[{"@type":"Article","@id":"https:\/\/www.ebg.de\/mit-der-tram-durch-europa\/?lang=en#article","isPartOf":{"@id":"https:\/\/www.ebg.de\/mit-der-tram-durch-europa\/?lang=en"},"author":{"name":"FS Naumburg","@id":"https:\/\/www.ebg.de\/#\/schema\/person\/9b2494acbb60ed7622bf8c7e7c510dc7"},"headline":"Mit der Tram durch Europa","datePublished":"2018-11-07T09:52:15+00:00","dateModified":"2018-11-07T09:53:44+00:00","mainEntityOfPage":{"@id":"https:\/\/www.ebg.de\/mit-der-tram-durch-europa\/?lang=en"},"wordCount":149,"image":{"@id":"https:\/\/www.ebg.de\/mit-der-tram-durch-europa\/?lang=en#primaryimage"},"thumbnailUrl":"https:\/\/www.ebg.de\/wp-content\/uploads\/2018\/11\/44887421_2019707518108757_6880125428770537472_n-e1541584029491.jpg","articleSection":["News - Naumburg Schulen"],"inLanguage":"en-US"},{"@type":"WebPage","@id":"https:\/\/www.ebg.de\/mit-der-tram-durch-europa\/?lang=en","url":"https:\/\/www.ebg.de\/mit-der-tram-durch-europa\/?lang=en","name":"Mit der Tram durch Europa - Europ\u00e4isches Bildungswerk f\u00fcr Beruf und Gesellschaft","isPartOf":{"@id":"https:\/\/www.ebg.de\/#website"},"primaryImageOfPage":{"@id":"https:\/\/www.ebg.de\/mit-der-tram-durch-europa\/?lang=en#primaryimage"},"image":{"@id":"https:\/\/www.ebg.de\/mit-der-tram-durch-europa\/?lang=en#primaryimage"},"thumbnailUrl":"https:\/\/www.ebg.de\/wp-content\/uploads\/2018\/11\/44887421_2019707518108757_6880125428770537472_n-e1541584029491.jpg","datePublished":"2018-11-07T09:52:15+00:00","dateModified":"2018-11-07T09:53:44+00:00","author":{"@id":"https:\/\/www.ebg.de\/#\/schema\/person\/9b2494acbb60ed7622bf8c7e7c510dc7"},"breadcrumb":{"@id":"https:\/\/www.ebg.de\/mit-der-tram-durch-europa\/?lang=en#breadcrumb"},"inLanguage":"en-US","potentialAction":[{"@type":"ReadAction","target":["https:\/\/www.ebg.de\/mit-der-tram-durch-europa\/?lang=en"]}]},{"@type":"ImageObject","inLanguage":"en-US","@id":"https:\/\/www.ebg.de\/mit-der-tram-durch-europa\/?lang=en#primaryimage","url":"https:\/\/www.ebg.de\/wp-content\/uploads\/2018\/11\/44887421_2019707518108757_6880125428770537472_n-e1541584029491.jpg","contentUrl":"https:\/\/www.ebg.de\/wp-content\/uploads\/2018\/11\/44887421_2019707518108757_6880125428770537472_n-e1541584029491.jpg","width":960,"height":482},{"@type":"BreadcrumbList","@id":"https:\/\/www.ebg.de\/mit-der-tram-durch-europa\/?lang=en#breadcrumb","itemListElement":[{"@type":"ListItem","position":1,"name":"Startseite","item":"https:\/\/www.ebg.de\/"},{"@type":"ListItem","position":2,"name":"Mit der Tram durch Europa"}]},{"@type":"WebSite","@id":"https:\/\/www.ebg.de\/#website","url":"https:\/\/www.ebg.de\/","name":"Europ\u00e4isches Bildungswerk f\u00fcr Beruf und Gesellschaft","description":"Bildung, Ausbildung und Weiterbildung","potentialAction":[{"@type":"SearchAction","target":{"@type":"EntryPoint","urlTemplate":"https:\/\/www.ebg.de\/?s={search_term_string}"},"query-input":{"@type":"PropertyValueSpecification","valueRequired":true,"valueName":"search_term_string"}}],"inLanguage":"en-US"},{"@type":"Person","@id":"https:\/\/www.ebg.de\/#\/schema\/person\/9b2494acbb60ed7622bf8c7e7c510dc7","name":"FS Naumburg","image":{"@type":"ImageObject","inLanguage":"en-US","@id":"https:\/\/www.ebg.de\/#\/schema\/person\/image\/","url":"https:\/\/secure.gravatar.com\/avatar\/912ff5aeb3c2b2ecf0a6b978938c5aa9bd1b5c393d72a2a5bb53fadcc92f3770?s=96&d=mm&r=g","contentUrl":"https:\/\/secure.gravatar.com\/avatar\/912ff5aeb3c2b2ecf0a6b978938c5aa9bd1b5c393d72a2a5bb53fadcc92f3770?s=96&d=mm&r=g","caption":"FS Naumburg"},"url":"https:\/\/www.ebg.de\/en\/author\/fsnaumburg\/"}]}},"_links":{"self":[{"href":"https:\/\/www.ebg.de\/en\/wp-json\/wp\/v2\/posts\/2728","targetHints":{"allow":["GET"]}}],"collection":[{"href":"https:\/\/www.ebg.de\/en\/wp-json\/wp\/v2\/posts"}],"about":[{"href":"https:\/\/www.ebg.de\/en\/wp-json\/wp\/v2\/types\/post"}],"author":[{"embeddable":true,"href":"https:\/\/www.ebg.de\/en\/wp-json\/wp\/v2\/users\/17"}],"replies":[{"embeddable":true,"href":"https:\/\/www.ebg.de\/en\/wp-json\/wp\/v2\/comments?post=2728"}],"version-history":[{"count":6,"href":"https:\/\/www.ebg.de\/en\/wp-json\/wp\/v2\/posts\/2728\/revisions"}],"predecessor-version":[{"id":2756,"href":"https:\/\/www.ebg.de\/en\/wp-json\/wp\/v2\/posts\/2728\/revisions\/2756"}],"wp:featuredmedia":[{"embeddable":true,"href":"https:\/\/www.ebg.de\/en\/wp-json\/wp\/v2\/media\/2741"}],"wp:attachment":[{"href":"https:\/\/www.ebg.de\/en\/wp-json\/wp\/v2\/media?parent=2728"}],"wp:term":[{"taxonomy":"category","embeddable":true,"href":"https:\/\/www.ebg.de\/en\/wp-json\/wp\/v2\/categories?post=2728"},{"taxonomy":"post_tag","embeddable":true,"href":"https:\/\/www.ebg.de\/en\/wp-json\/wp\/v2\/tags?post=2728"}],"curies":[{"name":"wp","href":"https:\/\/api.w.org\/{rel}","templated":true}]}}