{"id":2725,"date":"2018-11-07T14:56:09","date_gmt":"2018-11-07T13:56:09","guid":{"rendered":"https:\/\/www.ebg.de\/?p=2725"},"modified":"2018-11-26T08:38:36","modified_gmt":"2018-11-26T07:38:36","slug":"tag-der-offenen-tuer-3","status":"publish","type":"post","link":"https:\/\/www.ebg.de\/en\/tag-der-offenen-tuer-3\/","title":{"rendered":"Tag der offenen T\u00fcr"},"content":{"rendered":"<p>Das FBZ Halle des EBG l\u00e4d zum kommenden <strong>Tag der Offenen T\u00fcr<\/strong> <strong>am 27. und 28.11.2018<\/strong> ein.<\/p>\n<p><!--more--><\/p>\n<p>Im Rahmen der Projekttage f\u00fchrt das Fach- und Berufsfachschulzentrum Halle in der Gutenbergstra\u00dfe 15 in 06112 Halle Tage der offenen T\u00fcr durch.<\/p>\n<p>In der Zeit von 9:30 Uhr bis 17:00 Uhr k\u00f6nnen sich unsere G\u00e4ste \u00fcber die Ausbildungsg\u00e4nge Erzieher, Ergotherapie, Heilerziehungspflege sowie Heilp\u00e4dagogik in unserer Schule informieren.<\/p>\n<p>Neben den Lehrkr\u00e4ften, die Sie in pers\u00f6nlichen Gespr\u00e4chen beraten werden, geben Ihnen die Auszubildenden Einblicke in den Schulalltag.<\/p>\n","protected":false},"excerpt":{"rendered":"<p>Das FBZ Halle des EBG l\u00e4d zum kommenden Tag der Offenen T\u00fcr am 27. und 28.11.2018 ein.<\/p>\n","protected":false},"author":18,"featured_media":0,"comment_status":"closed","ping_status":"closed","sticky":false,"template":"","format":"standard","meta":{"_acf_changed":false,"footnotes":""},"categories":[29],"tags":[],"class_list":["post-2725","post","type-post","status-publish","format-standard","hentry","category-news-halle-schulen"],"acf":[],"yoast_head":"<!-- This site is optimized with the Yoast SEO plugin v26.9 - https:\/\/yoast.com\/product\/yoast-seo-wordpress\/ -->\n<title>Tag der offenen T\u00fcr - Europ\u00e4isches Bildungswerk f\u00fcr Beruf und Gesellschaft<\/title>\n<meta name=\"robots\" content=\"index, follow, max-snippet:-1, max-image-preview:large, max-video-preview:-1\" \/>\n<link rel=\"canonical\" href=\"https:\/\/www.ebg.de\/tag-der-offenen-tuer-3\/?lang=en\" \/>\n<meta property=\"og:locale\" content=\"en_US\" \/>\n<meta property=\"og:type\" content=\"article\" \/>\n<meta property=\"og:title\" content=\"Tag der offenen T\u00fcr - Europ\u00e4isches Bildungswerk f\u00fcr Beruf und Gesellschaft\" \/>\n<meta property=\"og:description\" content=\"Das FBZ Halle des EBG l\u00e4d zum kommenden Tag der Offenen T\u00fcr am 27. und 28.11.2018 ein.\" \/>\n<meta property=\"og:url\" content=\"https:\/\/www.ebg.de\/tag-der-offenen-tuer-3\/?lang=en\" \/>\n<meta property=\"og:site_name\" content=\"Europ\u00e4isches Bildungswerk f\u00fcr Beruf und Gesellschaft\" \/>\n<meta property=\"article:published_time\" content=\"2018-11-07T13:56:09+00:00\" \/>\n<meta property=\"article:modified_time\" content=\"2018-11-26T07:38:36+00:00\" \/>\n<meta property=\"og:image\" content=\"https:\/\/www.ebg.de\/wp-content\/uploads\/2018\/11\/EBG-TdoT_20181127-28.jpg\" \/>\n\t<meta property=\"og:image:width\" content=\"794\" \/>\n\t<meta property=\"og:image:height\" content=\"446\" \/>\n\t<meta property=\"og:image:type\" content=\"image\/jpeg\" \/>\n<meta name=\"author\" content=\"Dagmar Gumbert\" \/>\n<meta name=\"twitter:card\" content=\"summary_large_image\" \/>\n<meta name=\"twitter:label1\" content=\"Written by\" \/>\n\t<meta name=\"twitter:data1\" content=\"Dagmar Gumbert\" \/>\n<!-- \/ Yoast SEO plugin. -->","yoast_head_json":{"title":"Tag der offenen T\u00fcr - Europ\u00e4isches Bildungswerk f\u00fcr Beruf und Gesellschaft","robots":{"index":"index","follow":"follow","max-snippet":"max-snippet:-1","max-image-preview":"max-image-preview:large","max-video-preview":"max-video-preview:-1"},"canonical":"https:\/\/www.ebg.de\/tag-der-offenen-tuer-3\/?lang=en","og_locale":"en_US","og_type":"article","og_title":"Tag der offenen T\u00fcr - Europ\u00e4isches Bildungswerk f\u00fcr Beruf und Gesellschaft","og_description":"Das FBZ Halle des EBG l\u00e4d zum kommenden Tag der Offenen T\u00fcr am 27. und 28.11.2018 ein.","og_url":"https:\/\/www.ebg.de\/tag-der-offenen-tuer-3\/?lang=en","og_site_name":"Europ\u00e4isches Bildungswerk f\u00fcr Beruf und Gesellschaft","article_published_time":"2018-11-07T13:56:09+00:00","article_modified_time":"2018-11-26T07:38:36+00:00","og_image":[{"width":794,"height":446,"url":"https:\/\/www.ebg.de\/wp-content\/uploads\/2018\/11\/EBG-TdoT_20181127-28.jpg","type":"image\/jpeg"}],"author":"Dagmar Gumbert","twitter_card":"summary_large_image","twitter_misc":{"Written by":"Dagmar Gumbert"},"schema":{"@context":"https:\/\/schema.org","@graph":[{"@type":"Article","@id":"https:\/\/www.ebg.de\/tag-der-offenen-tuer-3\/?lang=en#article","isPartOf":{"@id":"https:\/\/www.ebg.de\/tag-der-offenen-tuer-3\/?lang=en"},"author":{"name":"Dagmar Gumbert","@id":"https:\/\/www.ebg.de\/#\/schema\/person\/77f2f3c6647074b70ad64b8397a8edc4"},"headline":"Tag der offenen T\u00fcr","datePublished":"2018-11-07T13:56:09+00:00","dateModified":"2018-11-26T07:38:36+00:00","mainEntityOfPage":{"@id":"https:\/\/www.ebg.de\/tag-der-offenen-tuer-3\/?lang=en"},"wordCount":93,"articleSection":["News - Halle Schulen"],"inLanguage":"en-US"},{"@type":"WebPage","@id":"https:\/\/www.ebg.de\/tag-der-offenen-tuer-3\/?lang=en","url":"https:\/\/www.ebg.de\/tag-der-offenen-tuer-3\/?lang=en","name":"Tag der offenen T\u00fcr - Europ\u00e4isches Bildungswerk f\u00fcr Beruf und Gesellschaft","isPartOf":{"@id":"https:\/\/www.ebg.de\/#website"},"datePublished":"2018-11-07T13:56:09+00:00","dateModified":"2018-11-26T07:38:36+00:00","author":{"@id":"https:\/\/www.ebg.de\/#\/schema\/person\/77f2f3c6647074b70ad64b8397a8edc4"},"breadcrumb":{"@id":"https:\/\/www.ebg.de\/tag-der-offenen-tuer-3\/?lang=en#breadcrumb"},"inLanguage":"en-US","potentialAction":[{"@type":"ReadAction","target":["https:\/\/www.ebg.de\/tag-der-offenen-tuer-3\/?lang=en"]}]},{"@type":"BreadcrumbList","@id":"https:\/\/www.ebg.de\/tag-der-offenen-tuer-3\/?lang=en#breadcrumb","itemListElement":[{"@type":"ListItem","position":1,"name":"Startseite","item":"https:\/\/www.ebg.de\/"},{"@type":"ListItem","position":2,"name":"Tag der offenen T\u00fcr"}]},{"@type":"WebSite","@id":"https:\/\/www.ebg.de\/#website","url":"https:\/\/www.ebg.de\/","name":"Europ\u00e4isches Bildungswerk f\u00fcr Beruf und Gesellschaft","description":"Bildung, Ausbildung und Weiterbildung","potentialAction":[{"@type":"SearchAction","target":{"@type":"EntryPoint","urlTemplate":"https:\/\/www.ebg.de\/?s={search_term_string}"},"query-input":{"@type":"PropertyValueSpecification","valueRequired":true,"valueName":"search_term_string"}}],"inLanguage":"en-US"},{"@type":"Person","@id":"https:\/\/www.ebg.de\/#\/schema\/person\/77f2f3c6647074b70ad64b8397a8edc4","name":"Dagmar Gumbert","image":{"@type":"ImageObject","inLanguage":"en-US","@id":"https:\/\/www.ebg.de\/#\/schema\/person\/image\/","url":"https:\/\/secure.gravatar.com\/avatar\/0af05cad1f550280112950cec0ccbad0d3acc2f5f0e9ed045b6857b2c4d88d49?s=96&d=mm&r=g","contentUrl":"https:\/\/secure.gravatar.com\/avatar\/0af05cad1f550280112950cec0ccbad0d3acc2f5f0e9ed045b6857b2c4d88d49?s=96&d=mm&r=g","caption":"Dagmar Gumbert"},"url":"https:\/\/www.ebg.de\/en\/author\/fshalle\/"}]}},"_links":{"self":[{"href":"https:\/\/www.ebg.de\/en\/wp-json\/wp\/v2\/posts\/2725","targetHints":{"allow":["GET"]}}],"collection":[{"href":"https:\/\/www.ebg.de\/en\/wp-json\/wp\/v2\/posts"}],"about":[{"href":"https:\/\/www.ebg.de\/en\/wp-json\/wp\/v2\/types\/post"}],"author":[{"embeddable":true,"href":"https:\/\/www.ebg.de\/en\/wp-json\/wp\/v2\/users\/18"}],"replies":[{"embeddable":true,"href":"https:\/\/www.ebg.de\/en\/wp-json\/wp\/v2\/comments?post=2725"}],"version-history":[{"count":9,"href":"https:\/\/www.ebg.de\/en\/wp-json\/wp\/v2\/posts\/2725\/revisions"}],"predecessor-version":[{"id":2835,"href":"https:\/\/www.ebg.de\/en\/wp-json\/wp\/v2\/posts\/2725\/revisions\/2835"}],"wp:attachment":[{"href":"https:\/\/www.ebg.de\/en\/wp-json\/wp\/v2\/media?parent=2725"}],"wp:term":[{"taxonomy":"category","embeddable":true,"href":"https:\/\/www.ebg.de\/en\/wp-json\/wp\/v2\/categories?post=2725"},{"taxonomy":"post_tag","embeddable":true,"href":"https:\/\/www.ebg.de\/en\/wp-json\/wp\/v2\/tags?post=2725"}],"curies":[{"name":"wp","href":"https:\/\/api.w.org\/{rel}","templated":true}]}}