{"id":2724,"date":"2018-11-07T10:47:22","date_gmt":"2018-11-07T09:47:22","guid":{"rendered":"https:\/\/www.ebg.de\/?p=2724"},"modified":"2018-11-07T10:59:06","modified_gmt":"2018-11-07T09:59:06","slug":"zuwachs-in-der-ausbildung-zur-altenpflegerin","status":"publish","type":"post","link":"https:\/\/www.ebg.de\/en\/zuwachs-in-der-ausbildung-zur-altenpflegerin\/","title":{"rendered":"Zuwachs in der Ausbildung zur AltenpflegerIn"},"content":{"rendered":"<p><span style=\"margin: 0px;font-family: 'Arial','sans-serif';font-size: 12pt\"><span style=\"color: #000000\">Seit Oktober hat das FBZ Magdeburg &#8220;Zuwachs&#8221; bekommen<\/span><\/span>.<!--more--><\/p>\n<p><span style=\"margin: 0px;font-family: 'Arial','sans-serif'\"><span style=\"color: #000000\">Wir begr\u00fc\u00dfen erstmalig 6 Teilnehmerinnen aus dem fernen China, die die Altenpflegeausbildung bei uns absolvieren.<br \/>\nDie Klasse AP 18 bekam im Oktober 2018 Verst\u00e4rkung durch 6 chinesische Auszubildende. Das gemeinsame Ziel ist die Ausbildung zur AltenpflegerIn.<\/span><\/span><\/p>\n<p><span style=\"margin: 0px;font-family: 'Arial','sans-serif'\"><span style=\"color: #000000\">Die Klassenleitung \u00fcbernahmen Frau Moch und Frau Schimmelpfennig gemeinsam, um das Lernen der G\u00e4ste optimal zu unterst\u00fctzen.<\/span><\/span><\/p>\n<p><span style=\"margin: 0px;font-family: 'Arial','sans-serif'\"><span style=\"color: #000000\"> <img loading=\"lazy\" decoding=\"async\" class=\"alignnone wp-image-2733 size-ebg-featured\" src=\"https:\/\/www.ebg.de\/wp-content\/uploads\/2018\/11\/1-640x348.jpg\" alt=\"\" width=\"640\" height=\"348\" \/> <img loading=\"lazy\" decoding=\"async\" class=\"alignnone wp-image-2735 size-ebg-featured\" src=\"https:\/\/www.ebg.de\/wp-content\/uploads\/2018\/11\/2-e1541583827143-640x348.jpg\" alt=\"\" width=\"640\" height=\"348\" \/><\/span><\/span><\/p>\n","protected":false},"excerpt":{"rendered":"<p>Seit Oktober hat das FBZ Magdeburg &#8220;Zuwachs&#8221; bekommen.<\/p>\n","protected":false},"author":21,"featured_media":2735,"comment_status":"closed","ping_status":"closed","sticky":false,"template":"","format":"standard","meta":{"_acf_changed":false,"footnotes":""},"categories":[19],"tags":[],"class_list":["post-2724","post","type-post","status-publish","format-standard","has-post-thumbnail","hentry","category-news-magdeburg-schulen"],"acf":[],"yoast_head":"<!-- This site is optimized with the Yoast SEO plugin v26.9 - https:\/\/yoast.com\/product\/yoast-seo-wordpress\/ -->\n<title>Zuwachs in der Ausbildung zur AltenpflegerIn - Europ\u00e4isches Bildungswerk f\u00fcr Beruf und Gesellschaft<\/title>\n<meta name=\"robots\" content=\"index, follow, max-snippet:-1, max-image-preview:large, max-video-preview:-1\" \/>\n<link rel=\"canonical\" href=\"https:\/\/www.ebg.de\/zuwachs-in-der-ausbildung-zur-altenpflegerin\/\" \/>\n<meta property=\"og:locale\" content=\"en_US\" \/>\n<meta property=\"og:type\" content=\"article\" \/>\n<meta property=\"og:title\" content=\"Zuwachs in der Ausbildung zur AltenpflegerIn - Europ\u00e4isches Bildungswerk f\u00fcr Beruf und Gesellschaft\" \/>\n<meta property=\"og:description\" content=\"Seit Oktober hat das FBZ Magdeburg &#8220;Zuwachs&#8221; bekommen.\" \/>\n<meta property=\"og:url\" content=\"https:\/\/www.ebg.de\/zuwachs-in-der-ausbildung-zur-altenpflegerin\/\" \/>\n<meta property=\"og:site_name\" content=\"Europ\u00e4isches Bildungswerk f\u00fcr Beruf und Gesellschaft\" \/>\n<meta property=\"article:published_time\" content=\"2018-11-07T09:47:22+00:00\" \/>\n<meta property=\"article:modified_time\" content=\"2018-11-07T09:59:06+00:00\" \/>\n<meta property=\"og:image\" content=\"https:\/\/www.ebg.de\/wp-content\/uploads\/2018\/11\/2-e1541583981743.jpg\" \/>\n\t<meta property=\"og:image:width\" content=\"632\" \/>\n\t<meta property=\"og:image:height\" content=\"318\" \/>\n\t<meta property=\"og:image:type\" content=\"image\/jpeg\" \/>\n<meta name=\"author\" content=\"Annett Schuldt\" \/>\n<meta name=\"twitter:card\" content=\"summary_large_image\" \/>\n<meta name=\"twitter:label1\" content=\"Written by\" \/>\n\t<meta name=\"twitter:data1\" content=\"Annett Schuldt\" \/>\n<!-- \/ Yoast SEO plugin. -->","yoast_head_json":{"title":"Zuwachs in der Ausbildung zur AltenpflegerIn - Europ\u00e4isches Bildungswerk f\u00fcr Beruf und Gesellschaft","robots":{"index":"index","follow":"follow","max-snippet":"max-snippet:-1","max-image-preview":"max-image-preview:large","max-video-preview":"max-video-preview:-1"},"canonical":"https:\/\/www.ebg.de\/zuwachs-in-der-ausbildung-zur-altenpflegerin\/","og_locale":"en_US","og_type":"article","og_title":"Zuwachs in der Ausbildung zur AltenpflegerIn - Europ\u00e4isches Bildungswerk f\u00fcr Beruf und Gesellschaft","og_description":"Seit Oktober hat das FBZ Magdeburg &#8220;Zuwachs&#8221; bekommen.","og_url":"https:\/\/www.ebg.de\/zuwachs-in-der-ausbildung-zur-altenpflegerin\/","og_site_name":"Europ\u00e4isches Bildungswerk f\u00fcr Beruf und Gesellschaft","article_published_time":"2018-11-07T09:47:22+00:00","article_modified_time":"2018-11-07T09:59:06+00:00","og_image":[{"width":632,"height":318,"url":"https:\/\/www.ebg.de\/wp-content\/uploads\/2018\/11\/2-e1541583981743.jpg","type":"image\/jpeg"}],"author":"Annett Schuldt","twitter_card":"summary_large_image","twitter_misc":{"Written by":"Annett Schuldt"},"schema":{"@context":"https:\/\/schema.org","@graph":[{"@type":"Article","@id":"https:\/\/www.ebg.de\/zuwachs-in-der-ausbildung-zur-altenpflegerin\/#article","isPartOf":{"@id":"https:\/\/www.ebg.de\/zuwachs-in-der-ausbildung-zur-altenpflegerin\/"},"author":{"name":"Annett Schuldt","@id":"https:\/\/www.ebg.de\/#\/schema\/person\/d9d18d8e217556f034719e96291a453e"},"headline":"Zuwachs in der Ausbildung zur AltenpflegerIn","datePublished":"2018-11-07T09:47:22+00:00","dateModified":"2018-11-07T09:59:06+00:00","mainEntityOfPage":{"@id":"https:\/\/www.ebg.de\/zuwachs-in-der-ausbildung-zur-altenpflegerin\/"},"wordCount":67,"image":{"@id":"https:\/\/www.ebg.de\/zuwachs-in-der-ausbildung-zur-altenpflegerin\/#primaryimage"},"thumbnailUrl":"https:\/\/www.ebg.de\/wp-content\/uploads\/2018\/11\/2-e1541583981743.jpg","articleSection":["News - Magdeburg Schulen"],"inLanguage":"en-US"},{"@type":"WebPage","@id":"https:\/\/www.ebg.de\/zuwachs-in-der-ausbildung-zur-altenpflegerin\/","url":"https:\/\/www.ebg.de\/zuwachs-in-der-ausbildung-zur-altenpflegerin\/","name":"Zuwachs in der Ausbildung zur AltenpflegerIn - Europ\u00e4isches Bildungswerk f\u00fcr Beruf und Gesellschaft","isPartOf":{"@id":"https:\/\/www.ebg.de\/#website"},"primaryImageOfPage":{"@id":"https:\/\/www.ebg.de\/zuwachs-in-der-ausbildung-zur-altenpflegerin\/#primaryimage"},"image":{"@id":"https:\/\/www.ebg.de\/zuwachs-in-der-ausbildung-zur-altenpflegerin\/#primaryimage"},"thumbnailUrl":"https:\/\/www.ebg.de\/wp-content\/uploads\/2018\/11\/2-e1541583981743.jpg","datePublished":"2018-11-07T09:47:22+00:00","dateModified":"2018-11-07T09:59:06+00:00","author":{"@id":"https:\/\/www.ebg.de\/#\/schema\/person\/d9d18d8e217556f034719e96291a453e"},"breadcrumb":{"@id":"https:\/\/www.ebg.de\/zuwachs-in-der-ausbildung-zur-altenpflegerin\/#breadcrumb"},"inLanguage":"en-US","potentialAction":[{"@type":"ReadAction","target":["https:\/\/www.ebg.de\/zuwachs-in-der-ausbildung-zur-altenpflegerin\/"]}]},{"@type":"ImageObject","inLanguage":"en-US","@id":"https:\/\/www.ebg.de\/zuwachs-in-der-ausbildung-zur-altenpflegerin\/#primaryimage","url":"https:\/\/www.ebg.de\/wp-content\/uploads\/2018\/11\/2-e1541583981743.jpg","contentUrl":"https:\/\/www.ebg.de\/wp-content\/uploads\/2018\/11\/2-e1541583981743.jpg","width":632,"height":318},{"@type":"BreadcrumbList","@id":"https:\/\/www.ebg.de\/zuwachs-in-der-ausbildung-zur-altenpflegerin\/#breadcrumb","itemListElement":[{"@type":"ListItem","position":1,"name":"Startseite","item":"https:\/\/www.ebg.de\/"},{"@type":"ListItem","position":2,"name":"Zuwachs in der Ausbildung zur AltenpflegerIn"}]},{"@type":"WebSite","@id":"https:\/\/www.ebg.de\/#website","url":"https:\/\/www.ebg.de\/","name":"Europ\u00e4isches Bildungswerk f\u00fcr Beruf und Gesellschaft","description":"Bildung, Ausbildung und Weiterbildung","potentialAction":[{"@type":"SearchAction","target":{"@type":"EntryPoint","urlTemplate":"https:\/\/www.ebg.de\/?s={search_term_string}"},"query-input":{"@type":"PropertyValueSpecification","valueRequired":true,"valueName":"search_term_string"}}],"inLanguage":"en-US"},{"@type":"Person","@id":"https:\/\/www.ebg.de\/#\/schema\/person\/d9d18d8e217556f034719e96291a453e","name":"Annett Schuldt","image":{"@type":"ImageObject","inLanguage":"en-US","@id":"https:\/\/www.ebg.de\/#\/schema\/person\/image\/","url":"https:\/\/secure.gravatar.com\/avatar\/abe19a9ad2aaf0199ddc3283fe9aaec50317447b19cc4ffbef6a0d142bb1e674?s=96&d=mm&r=g","contentUrl":"https:\/\/secure.gravatar.com\/avatar\/abe19a9ad2aaf0199ddc3283fe9aaec50317447b19cc4ffbef6a0d142bb1e674?s=96&d=mm&r=g","caption":"Annett Schuldt"},"url":"https:\/\/www.ebg.de\/en\/author\/aschuldt\/"}]}},"_links":{"self":[{"href":"https:\/\/www.ebg.de\/en\/wp-json\/wp\/v2\/posts\/2724","targetHints":{"allow":["GET"]}}],"collection":[{"href":"https:\/\/www.ebg.de\/en\/wp-json\/wp\/v2\/posts"}],"about":[{"href":"https:\/\/www.ebg.de\/en\/wp-json\/wp\/v2\/types\/post"}],"author":[{"embeddable":true,"href":"https:\/\/www.ebg.de\/en\/wp-json\/wp\/v2\/users\/21"}],"replies":[{"embeddable":true,"href":"https:\/\/www.ebg.de\/en\/wp-json\/wp\/v2\/comments?post=2724"}],"version-history":[{"count":3,"href":"https:\/\/www.ebg.de\/en\/wp-json\/wp\/v2\/posts\/2724\/revisions"}],"predecessor-version":[{"id":2762,"href":"https:\/\/www.ebg.de\/en\/wp-json\/wp\/v2\/posts\/2724\/revisions\/2762"}],"wp:featuredmedia":[{"embeddable":true,"href":"https:\/\/www.ebg.de\/en\/wp-json\/wp\/v2\/media\/2735"}],"wp:attachment":[{"href":"https:\/\/www.ebg.de\/en\/wp-json\/wp\/v2\/media?parent=2724"}],"wp:term":[{"taxonomy":"category","embeddable":true,"href":"https:\/\/www.ebg.de\/en\/wp-json\/wp\/v2\/categories?post=2724"},{"taxonomy":"post_tag","embeddable":true,"href":"https:\/\/www.ebg.de\/en\/wp-json\/wp\/v2\/tags?post=2724"}],"curies":[{"name":"wp","href":"https:\/\/api.w.org\/{rel}","templated":true}]}}