{"id":2651,"date":"2018-10-23T11:17:18","date_gmt":"2018-10-23T09:17:18","guid":{"rendered":"https:\/\/www.ebg.de\/?p=2651"},"modified":"2021-07-21T13:58:12","modified_gmt":"2021-07-21T11:58:12","slug":"interkulturelle-ausstellung-torgauer-rathaus","status":"publish","type":"post","link":"https:\/\/www.ebg.de\/en\/interkulturelle-ausstellung-torgauer-rathaus\/","title":{"rendered":"Interkulturelle Ausstellung im Torgauer Rathaus"},"content":{"rendered":"<p>Im Rahmen der interkulturellen Woche des Europ\u00e4ischen Bildungswerkes <!--more--> pr\u00e4sentieren M. Bucolli (rechts) und B. Vahhuji (links) ihre Bilder im Foyer des Torgauer Rathauses. \u201eIch bin froh, dass wir die Werke hier ausstellen k\u00f6nnen, auch die K\u00fcnstler sind sehr stolz darauf, hier ausstellen zu d\u00fcrfen\u201c, berichtete G. Blume (Mitte), die Organisatorin dieser Ausstellung.<\/p>\n","protected":false},"excerpt":{"rendered":"<p>Im Rahmen der interkulturellen Woche des Europ\u00e4ischen Bildungswerkes<\/p>\n","protected":false},"author":8,"featured_media":2655,"comment_status":"closed","ping_status":"closed","sticky":false,"template":"","format":"standard","meta":{"_acf_changed":false,"footnotes":""},"categories":[32],"tags":[],"class_list":["post-2651","post","type-post","status-publish","format-standard","has-post-thumbnail","hentry","category-news-torgau-bildungszentrum"],"acf":[],"yoast_head":"<!-- This site is optimized with the Yoast SEO plugin v26.9 - https:\/\/yoast.com\/product\/yoast-seo-wordpress\/ -->\n<title>Interkulturelle Ausstellung im Torgauer Rathaus - Europ\u00e4isches Bildungswerk f\u00fcr Beruf und Gesellschaft<\/title>\n<meta name=\"robots\" content=\"index, follow, max-snippet:-1, max-image-preview:large, max-video-preview:-1\" \/>\n<link rel=\"canonical\" href=\"https:\/\/www.ebg.de\/interkulturelle-ausstellung-torgauer-rathaus\/\" \/>\n<meta property=\"og:locale\" content=\"en_US\" \/>\n<meta property=\"og:type\" content=\"article\" \/>\n<meta property=\"og:title\" content=\"Interkulturelle Ausstellung im Torgauer Rathaus - Europ\u00e4isches Bildungswerk f\u00fcr Beruf und Gesellschaft\" \/>\n<meta property=\"og:description\" content=\"Im Rahmen der interkulturellen Woche des Europ\u00e4ischen Bildungswerkes\" \/>\n<meta property=\"og:url\" content=\"https:\/\/www.ebg.de\/interkulturelle-ausstellung-torgauer-rathaus\/\" \/>\n<meta property=\"og:site_name\" content=\"Europ\u00e4isches Bildungswerk f\u00fcr Beruf und Gesellschaft\" \/>\n<meta property=\"article:published_time\" content=\"2018-10-23T09:17:18+00:00\" \/>\n<meta property=\"article:modified_time\" content=\"2021-07-21T11:58:12+00:00\" \/>\n<meta property=\"og:image\" content=\"https:\/\/www.ebg.de\/wp-content\/uploads\/2018\/10\/CCF18102018_00000.jpg\" \/>\n\t<meta property=\"og:image:width\" content=\"900\" \/>\n\t<meta property=\"og:image:height\" content=\"848\" \/>\n\t<meta property=\"og:image:type\" content=\"image\/jpeg\" \/>\n<meta name=\"author\" content=\"Christiane Selbig\" \/>\n<meta name=\"twitter:card\" content=\"summary_large_image\" \/>\n<meta name=\"twitter:label1\" content=\"Written by\" \/>\n\t<meta name=\"twitter:data1\" content=\"Christiane Selbig\" \/>\n<!-- \/ Yoast SEO plugin. -->","yoast_head_json":{"title":"Interkulturelle Ausstellung im Torgauer Rathaus - Europ\u00e4isches Bildungswerk f\u00fcr Beruf und Gesellschaft","robots":{"index":"index","follow":"follow","max-snippet":"max-snippet:-1","max-image-preview":"max-image-preview:large","max-video-preview":"max-video-preview:-1"},"canonical":"https:\/\/www.ebg.de\/interkulturelle-ausstellung-torgauer-rathaus\/","og_locale":"en_US","og_type":"article","og_title":"Interkulturelle Ausstellung im Torgauer Rathaus - Europ\u00e4isches Bildungswerk f\u00fcr Beruf und Gesellschaft","og_description":"Im Rahmen der interkulturellen Woche des Europ\u00e4ischen Bildungswerkes","og_url":"https:\/\/www.ebg.de\/interkulturelle-ausstellung-torgauer-rathaus\/","og_site_name":"Europ\u00e4isches Bildungswerk f\u00fcr Beruf und Gesellschaft","article_published_time":"2018-10-23T09:17:18+00:00","article_modified_time":"2021-07-21T11:58:12+00:00","og_image":[{"width":900,"height":848,"url":"https:\/\/www.ebg.de\/wp-content\/uploads\/2018\/10\/CCF18102018_00000.jpg","type":"image\/jpeg"}],"author":"Christiane Selbig","twitter_card":"summary_large_image","twitter_misc":{"Written by":"Christiane Selbig"},"schema":{"@context":"https:\/\/schema.org","@graph":[{"@type":"Article","@id":"https:\/\/www.ebg.de\/interkulturelle-ausstellung-torgauer-rathaus\/#article","isPartOf":{"@id":"https:\/\/www.ebg.de\/interkulturelle-ausstellung-torgauer-rathaus\/"},"author":{"name":"Christiane Selbig","@id":"https:\/\/www.ebg.de\/#\/schema\/person\/841de16928f485ad75bab4e688fe3436"},"headline":"Interkulturelle Ausstellung im Torgauer Rathaus","datePublished":"2018-10-23T09:17:18+00:00","dateModified":"2021-07-21T11:58:12+00:00","mainEntityOfPage":{"@id":"https:\/\/www.ebg.de\/interkulturelle-ausstellung-torgauer-rathaus\/"},"wordCount":62,"image":{"@id":"https:\/\/www.ebg.de\/interkulturelle-ausstellung-torgauer-rathaus\/#primaryimage"},"thumbnailUrl":"https:\/\/www.ebg.de\/wp-content\/uploads\/2018\/10\/CCF18102018_00000.jpg","articleSection":["News - Torgau BZ"],"inLanguage":"en-US"},{"@type":"WebPage","@id":"https:\/\/www.ebg.de\/interkulturelle-ausstellung-torgauer-rathaus\/","url":"https:\/\/www.ebg.de\/interkulturelle-ausstellung-torgauer-rathaus\/","name":"Interkulturelle Ausstellung im Torgauer Rathaus - Europ\u00e4isches Bildungswerk f\u00fcr Beruf und Gesellschaft","isPartOf":{"@id":"https:\/\/www.ebg.de\/#website"},"primaryImageOfPage":{"@id":"https:\/\/www.ebg.de\/interkulturelle-ausstellung-torgauer-rathaus\/#primaryimage"},"image":{"@id":"https:\/\/www.ebg.de\/interkulturelle-ausstellung-torgauer-rathaus\/#primaryimage"},"thumbnailUrl":"https:\/\/www.ebg.de\/wp-content\/uploads\/2018\/10\/CCF18102018_00000.jpg","datePublished":"2018-10-23T09:17:18+00:00","dateModified":"2021-07-21T11:58:12+00:00","author":{"@id":"https:\/\/www.ebg.de\/#\/schema\/person\/841de16928f485ad75bab4e688fe3436"},"breadcrumb":{"@id":"https:\/\/www.ebg.de\/interkulturelle-ausstellung-torgauer-rathaus\/#breadcrumb"},"inLanguage":"en-US","potentialAction":[{"@type":"ReadAction","target":["https:\/\/www.ebg.de\/interkulturelle-ausstellung-torgauer-rathaus\/"]}]},{"@type":"ImageObject","inLanguage":"en-US","@id":"https:\/\/www.ebg.de\/interkulturelle-ausstellung-torgauer-rathaus\/#primaryimage","url":"https:\/\/www.ebg.de\/wp-content\/uploads\/2018\/10\/CCF18102018_00000.jpg","contentUrl":"https:\/\/www.ebg.de\/wp-content\/uploads\/2018\/10\/CCF18102018_00000.jpg","width":900,"height":848},{"@type":"BreadcrumbList","@id":"https:\/\/www.ebg.de\/interkulturelle-ausstellung-torgauer-rathaus\/#breadcrumb","itemListElement":[{"@type":"ListItem","position":1,"name":"Startseite","item":"https:\/\/www.ebg.de\/"},{"@type":"ListItem","position":2,"name":"Interkulturelle Ausstellung im Torgauer Rathaus"}]},{"@type":"WebSite","@id":"https:\/\/www.ebg.de\/#website","url":"https:\/\/www.ebg.de\/","name":"Europ\u00e4isches Bildungswerk f\u00fcr Beruf und Gesellschaft","description":"Bildung, Ausbildung und Weiterbildung","potentialAction":[{"@type":"SearchAction","target":{"@type":"EntryPoint","urlTemplate":"https:\/\/www.ebg.de\/?s={search_term_string}"},"query-input":{"@type":"PropertyValueSpecification","valueRequired":true,"valueName":"search_term_string"}}],"inLanguage":"en-US"},{"@type":"Person","@id":"https:\/\/www.ebg.de\/#\/schema\/person\/841de16928f485ad75bab4e688fe3436","name":"Christiane Selbig","image":{"@type":"ImageObject","inLanguage":"en-US","@id":"https:\/\/www.ebg.de\/#\/schema\/person\/image\/","url":"https:\/\/secure.gravatar.com\/avatar\/2cc1d2ea88bd46e448d57ac18ac9f028486b7c08a90951b9d99326eeec001739?s=96&d=mm&r=g","contentUrl":"https:\/\/secure.gravatar.com\/avatar\/2cc1d2ea88bd46e448d57ac18ac9f028486b7c08a90951b9d99326eeec001739?s=96&d=mm&r=g","caption":"Christiane Selbig"},"url":"https:\/\/www.ebg.de\/en\/author\/cselbig\/"}]}},"_links":{"self":[{"href":"https:\/\/www.ebg.de\/en\/wp-json\/wp\/v2\/posts\/2651","targetHints":{"allow":["GET"]}}],"collection":[{"href":"https:\/\/www.ebg.de\/en\/wp-json\/wp\/v2\/posts"}],"about":[{"href":"https:\/\/www.ebg.de\/en\/wp-json\/wp\/v2\/types\/post"}],"author":[{"embeddable":true,"href":"https:\/\/www.ebg.de\/en\/wp-json\/wp\/v2\/users\/8"}],"replies":[{"embeddable":true,"href":"https:\/\/www.ebg.de\/en\/wp-json\/wp\/v2\/comments?post=2651"}],"version-history":[{"count":7,"href":"https:\/\/www.ebg.de\/en\/wp-json\/wp\/v2\/posts\/2651\/revisions"}],"predecessor-version":[{"id":12597,"href":"https:\/\/www.ebg.de\/en\/wp-json\/wp\/v2\/posts\/2651\/revisions\/12597"}],"wp:featuredmedia":[{"embeddable":true,"href":"https:\/\/www.ebg.de\/en\/wp-json\/wp\/v2\/media\/2655"}],"wp:attachment":[{"href":"https:\/\/www.ebg.de\/en\/wp-json\/wp\/v2\/media?parent=2651"}],"wp:term":[{"taxonomy":"category","embeddable":true,"href":"https:\/\/www.ebg.de\/en\/wp-json\/wp\/v2\/categories?post=2651"},{"taxonomy":"post_tag","embeddable":true,"href":"https:\/\/www.ebg.de\/en\/wp-json\/wp\/v2\/tags?post=2651"}],"curies":[{"name":"wp","href":"https:\/\/api.w.org\/{rel}","templated":true}]}}