{"id":2630,"date":"2018-10-23T10:34:58","date_gmt":"2018-10-23T08:34:58","guid":{"rendered":"https:\/\/www.ebg.de\/?p=2630"},"modified":"2018-11-06T12:15:18","modified_gmt":"2018-11-06T11:15:18","slug":"fbz-naumburg-neue-ik-technik","status":"publish","type":"post","link":"https:\/\/www.ebg.de\/en\/fbz-naumburg-neue-ik-technik\/","title":{"rendered":"Das Fach- und Berufsfachschulzentrum Naumburg erh\u00e4lt neue IK-Technik"},"content":{"rendered":"<p>Das FBZ Naumburg konnte im Rahmen der F\u00f6rderung des Zugangs <!--more--><\/p>\n<div>\n<p>zu Informations- und Kommunikationstechnologien (IKT) und ihres Einsatzes an den allgemeinbildenden und berufsbildenden Schulen in Sachsen-Anhalt einen Zuwendungsbescheid f\u00fcr die Ausstattung des Standortes mit IK-Technik erhalten.<\/p>\n<p>Diese Mittel, welche aus dem Europ\u00e4ischen Landwirtschaftsfond f\u00fcr die Entwicklung des l\u00e4ndlichen Raumes (ELER) stammen, erlaubten es, neue interaktive Tafeln, Notebooks, Tablets sowie Infrastrukturkomponenten zu beschaffen. Diese sind nun eingetroffen, in Betrieb genommen und werden ab sofort den Unterricht bereichern.<\/p>\n<p>Damit reagiert das Europ\u00e4ische Bildungswerk als Tr\u00e4ger dieser staatlich anerkannten Ersatzschule auf die Anforderungen, welche mit der zunehmenden Digitalisierung einhergehen.<\/p>\n<p>Der qualifizierte Umgang mit Informations- und Kommunikationstechnik (IKT) gewinnt in allen Lebens- und Arbeitsbereichen immer mehr an Bedeutung. So bringen beispielsweise die Digitalisierung von Produktionsabl\u00e4ufen und Dienstleistungen, Flexibilisierung von Arbeitspl\u00e4tzen, Steigerung von Kommunikationsaktivit\u00e4ten, Beschleunigung von Informationsprozessen, neue Formen der Zusammenarbeit \u00fcber die Grenzen von Organisationen, Orten und Disziplinen hinweg neue Herausforderungen mit sich. Mehr Flexibilit\u00e4t und Methodenkenntnisse beim Einsatz von digitalen Technologien werden k\u00fcnftig von den Fachkr\u00e4ften erwartet. Die neu angeschaffte IK-Technik unterst\u00fctzt Lehrkr\u00e4fte dabei, die Auszubildenden auf die genannten Herausforderungen vorzubereiten.<\/p>\n<p><img loading=\"lazy\" decoding=\"async\" class=\"alignnone size-medium wp-image-2639\" src=\"https:\/\/www.ebg.de\/wp-content\/uploads\/2018\/10\/sachsen-anhalt-300x158.jpg\" alt=\"\" width=\"300\" height=\"158\" srcset=\"https:\/\/www.ebg.de\/wp-content\/uploads\/2018\/10\/sachsen-anhalt-300x158.jpg 300w, https:\/\/www.ebg.de\/wp-content\/uploads\/2018\/10\/sachsen-anhalt-768x403.jpg 768w, https:\/\/www.ebg.de\/wp-content\/uploads\/2018\/10\/sachsen-anhalt-900x473.jpg 900w, https:\/\/www.ebg.de\/wp-content\/uploads\/2018\/10\/sachsen-anhalt.jpg 1000w\" sizes=\"auto, (max-width: 300px) 100vw, 300px\" \/><img loading=\"lazy\" decoding=\"async\" class=\"alignnone size-medium wp-image-2642\" src=\"https:\/\/www.ebg.de\/wp-content\/uploads\/2018\/10\/ELER-300x181.jpg\" alt=\"\" width=\"300\" height=\"181\" srcset=\"https:\/\/www.ebg.de\/wp-content\/uploads\/2018\/10\/ELER-300x181.jpg 300w, https:\/\/www.ebg.de\/wp-content\/uploads\/2018\/10\/ELER-768x463.jpg 768w, https:\/\/www.ebg.de\/wp-content\/uploads\/2018\/10\/ELER-900x543.jpg 900w, https:\/\/www.ebg.de\/wp-content\/uploads\/2018\/10\/ELER.jpg 1000w\" sizes=\"auto, (max-width: 300px) 100vw, 300px\" \/><\/p>\n<p>&nbsp;<\/p>\n<\/div>\n","protected":false},"excerpt":{"rendered":"<p>Das FBZ Naumburg konnte im Rahmen der F\u00f6rderung des Zugangs<\/p>\n","protected":false},"author":8,"featured_media":2636,"comment_status":"closed","ping_status":"closed","sticky":false,"template":"","format":"standard","meta":{"_acf_changed":false,"footnotes":""},"categories":[30],"tags":[],"class_list":["post-2630","post","type-post","status-publish","format-standard","has-post-thumbnail","hentry","category-news-naumburg-schulen"],"acf":[],"yoast_head":"<!-- This site is optimized with the Yoast SEO plugin v26.9 - https:\/\/yoast.com\/product\/yoast-seo-wordpress\/ -->\n<title>Das Fach- und Berufsfachschulzentrum Naumburg erh\u00e4lt neue IK-Technik - Europ\u00e4isches Bildungswerk f\u00fcr Beruf und Gesellschaft<\/title>\n<meta name=\"robots\" content=\"index, follow, max-snippet:-1, max-image-preview:large, max-video-preview:-1\" \/>\n<link rel=\"canonical\" href=\"https:\/\/www.ebg.de\/fbz-naumburg-neue-ik-technik\/?lang=en\" \/>\n<meta property=\"og:locale\" content=\"en_US\" \/>\n<meta property=\"og:type\" content=\"article\" \/>\n<meta property=\"og:title\" content=\"Das Fach- und Berufsfachschulzentrum Naumburg erh\u00e4lt neue IK-Technik - Europ\u00e4isches Bildungswerk f\u00fcr Beruf und Gesellschaft\" \/>\n<meta property=\"og:description\" content=\"Das FBZ Naumburg konnte im Rahmen der F\u00f6rderung des Zugangs\" \/>\n<meta property=\"og:url\" content=\"https:\/\/www.ebg.de\/fbz-naumburg-neue-ik-technik\/?lang=en\" \/>\n<meta property=\"og:site_name\" content=\"Europ\u00e4isches Bildungswerk f\u00fcr Beruf und Gesellschaft\" \/>\n<meta property=\"article:published_time\" content=\"2018-10-23T08:34:58+00:00\" \/>\n<meta property=\"article:modified_time\" content=\"2018-11-06T11:15:18+00:00\" \/>\n<meta property=\"og:image\" content=\"https:\/\/www.ebg.de\/wp-content\/uploads\/2018\/10\/europa_900x543.jpg\" \/>\n\t<meta property=\"og:image:width\" content=\"900\" \/>\n\t<meta property=\"og:image:height\" content=\"543\" \/>\n\t<meta property=\"og:image:type\" content=\"image\/jpeg\" \/>\n<meta name=\"author\" content=\"Christiane Selbig\" \/>\n<meta name=\"twitter:card\" content=\"summary_large_image\" \/>\n<meta name=\"twitter:label1\" content=\"Written by\" \/>\n\t<meta name=\"twitter:data1\" content=\"Christiane Selbig\" \/>\n\t<meta name=\"twitter:label2\" content=\"Est. reading time\" \/>\n\t<meta name=\"twitter:data2\" content=\"1 minute\" \/>\n<!-- \/ Yoast SEO plugin. -->","yoast_head_json":{"title":"Das Fach- und Berufsfachschulzentrum Naumburg erh\u00e4lt neue IK-Technik - Europ\u00e4isches Bildungswerk f\u00fcr Beruf und Gesellschaft","robots":{"index":"index","follow":"follow","max-snippet":"max-snippet:-1","max-image-preview":"max-image-preview:large","max-video-preview":"max-video-preview:-1"},"canonical":"https:\/\/www.ebg.de\/fbz-naumburg-neue-ik-technik\/?lang=en","og_locale":"en_US","og_type":"article","og_title":"Das Fach- und Berufsfachschulzentrum Naumburg erh\u00e4lt neue IK-Technik - Europ\u00e4isches Bildungswerk f\u00fcr Beruf und Gesellschaft","og_description":"Das FBZ Naumburg konnte im Rahmen der F\u00f6rderung des Zugangs","og_url":"https:\/\/www.ebg.de\/fbz-naumburg-neue-ik-technik\/?lang=en","og_site_name":"Europ\u00e4isches Bildungswerk f\u00fcr Beruf und Gesellschaft","article_published_time":"2018-10-23T08:34:58+00:00","article_modified_time":"2018-11-06T11:15:18+00:00","og_image":[{"width":900,"height":543,"url":"https:\/\/www.ebg.de\/wp-content\/uploads\/2018\/10\/europa_900x543.jpg","type":"image\/jpeg"}],"author":"Christiane Selbig","twitter_card":"summary_large_image","twitter_misc":{"Written by":"Christiane Selbig","Est. reading time":"1 minute"},"schema":{"@context":"https:\/\/schema.org","@graph":[{"@type":"Article","@id":"https:\/\/www.ebg.de\/fbz-naumburg-neue-ik-technik\/?lang=en#article","isPartOf":{"@id":"https:\/\/www.ebg.de\/fbz-naumburg-neue-ik-technik\/?lang=en"},"author":{"name":"Christiane Selbig","@id":"https:\/\/www.ebg.de\/#\/schema\/person\/841de16928f485ad75bab4e688fe3436"},"headline":"Das Fach- und Berufsfachschulzentrum Naumburg erh\u00e4lt neue IK-Technik","datePublished":"2018-10-23T08:34:58+00:00","dateModified":"2018-11-06T11:15:18+00:00","mainEntityOfPage":{"@id":"https:\/\/www.ebg.de\/fbz-naumburg-neue-ik-technik\/?lang=en"},"wordCount":203,"image":{"@id":"https:\/\/www.ebg.de\/fbz-naumburg-neue-ik-technik\/?lang=en#primaryimage"},"thumbnailUrl":"https:\/\/www.ebg.de\/wp-content\/uploads\/2018\/10\/europa_900x543.jpg","articleSection":["News - Naumburg Schulen"],"inLanguage":"en-US"},{"@type":"WebPage","@id":"https:\/\/www.ebg.de\/fbz-naumburg-neue-ik-technik\/?lang=en","url":"https:\/\/www.ebg.de\/fbz-naumburg-neue-ik-technik\/?lang=en","name":"Das Fach- und Berufsfachschulzentrum Naumburg erh\u00e4lt neue IK-Technik - Europ\u00e4isches Bildungswerk f\u00fcr Beruf und Gesellschaft","isPartOf":{"@id":"https:\/\/www.ebg.de\/#website"},"primaryImageOfPage":{"@id":"https:\/\/www.ebg.de\/fbz-naumburg-neue-ik-technik\/?lang=en#primaryimage"},"image":{"@id":"https:\/\/www.ebg.de\/fbz-naumburg-neue-ik-technik\/?lang=en#primaryimage"},"thumbnailUrl":"https:\/\/www.ebg.de\/wp-content\/uploads\/2018\/10\/europa_900x543.jpg","datePublished":"2018-10-23T08:34:58+00:00","dateModified":"2018-11-06T11:15:18+00:00","author":{"@id":"https:\/\/www.ebg.de\/#\/schema\/person\/841de16928f485ad75bab4e688fe3436"},"breadcrumb":{"@id":"https:\/\/www.ebg.de\/fbz-naumburg-neue-ik-technik\/?lang=en#breadcrumb"},"inLanguage":"en-US","potentialAction":[{"@type":"ReadAction","target":["https:\/\/www.ebg.de\/fbz-naumburg-neue-ik-technik\/?lang=en"]}]},{"@type":"ImageObject","inLanguage":"en-US","@id":"https:\/\/www.ebg.de\/fbz-naumburg-neue-ik-technik\/?lang=en#primaryimage","url":"https:\/\/www.ebg.de\/wp-content\/uploads\/2018\/10\/europa_900x543.jpg","contentUrl":"https:\/\/www.ebg.de\/wp-content\/uploads\/2018\/10\/europa_900x543.jpg","width":900,"height":543},{"@type":"BreadcrumbList","@id":"https:\/\/www.ebg.de\/fbz-naumburg-neue-ik-technik\/?lang=en#breadcrumb","itemListElement":[{"@type":"ListItem","position":1,"name":"Startseite","item":"https:\/\/www.ebg.de\/"},{"@type":"ListItem","position":2,"name":"Das Fach- und Berufsfachschulzentrum Naumburg erh\u00e4lt neue IK-Technik"}]},{"@type":"WebSite","@id":"https:\/\/www.ebg.de\/#website","url":"https:\/\/www.ebg.de\/","name":"Europ\u00e4isches Bildungswerk f\u00fcr Beruf und Gesellschaft","description":"Bildung, Ausbildung und Weiterbildung","potentialAction":[{"@type":"SearchAction","target":{"@type":"EntryPoint","urlTemplate":"https:\/\/www.ebg.de\/?s={search_term_string}"},"query-input":{"@type":"PropertyValueSpecification","valueRequired":true,"valueName":"search_term_string"}}],"inLanguage":"en-US"},{"@type":"Person","@id":"https:\/\/www.ebg.de\/#\/schema\/person\/841de16928f485ad75bab4e688fe3436","name":"Christiane Selbig","image":{"@type":"ImageObject","inLanguage":"en-US","@id":"https:\/\/www.ebg.de\/#\/schema\/person\/image\/","url":"https:\/\/secure.gravatar.com\/avatar\/2cc1d2ea88bd46e448d57ac18ac9f028486b7c08a90951b9d99326eeec001739?s=96&d=mm&r=g","contentUrl":"https:\/\/secure.gravatar.com\/avatar\/2cc1d2ea88bd46e448d57ac18ac9f028486b7c08a90951b9d99326eeec001739?s=96&d=mm&r=g","caption":"Christiane Selbig"},"url":"https:\/\/www.ebg.de\/en\/author\/cselbig\/"}]}},"_links":{"self":[{"href":"https:\/\/www.ebg.de\/en\/wp-json\/wp\/v2\/posts\/2630","targetHints":{"allow":["GET"]}}],"collection":[{"href":"https:\/\/www.ebg.de\/en\/wp-json\/wp\/v2\/posts"}],"about":[{"href":"https:\/\/www.ebg.de\/en\/wp-json\/wp\/v2\/types\/post"}],"author":[{"embeddable":true,"href":"https:\/\/www.ebg.de\/en\/wp-json\/wp\/v2\/users\/8"}],"replies":[{"embeddable":true,"href":"https:\/\/www.ebg.de\/en\/wp-json\/wp\/v2\/comments?post=2630"}],"version-history":[{"count":8,"href":"https:\/\/www.ebg.de\/en\/wp-json\/wp\/v2\/posts\/2630\/revisions"}],"predecessor-version":[{"id":2710,"href":"https:\/\/www.ebg.de\/en\/wp-json\/wp\/v2\/posts\/2630\/revisions\/2710"}],"wp:featuredmedia":[{"embeddable":true,"href":"https:\/\/www.ebg.de\/en\/wp-json\/wp\/v2\/media\/2636"}],"wp:attachment":[{"href":"https:\/\/www.ebg.de\/en\/wp-json\/wp\/v2\/media?parent=2630"}],"wp:term":[{"taxonomy":"category","embeddable":true,"href":"https:\/\/www.ebg.de\/en\/wp-json\/wp\/v2\/categories?post=2630"},{"taxonomy":"post_tag","embeddable":true,"href":"https:\/\/www.ebg.de\/en\/wp-json\/wp\/v2\/tags?post=2630"}],"curies":[{"name":"wp","href":"https:\/\/api.w.org\/{rel}","templated":true}]}}