{"id":2604,"date":"2018-10-17T15:02:18","date_gmt":"2018-10-17T13:02:18","guid":{"rendered":"https:\/\/www.ebg.de\/?p=2604"},"modified":"2018-10-17T15:08:48","modified_gmt":"2018-10-17T13:08:48","slug":"bewegung-einklang-natur","status":"publish","type":"post","link":"https:\/\/www.ebg.de\/en\/bewegung-einklang-natur\/","title":{"rendered":"Bewegung im Einklang mit der Natur"},"content":{"rendered":"<p>Bewegung im Einklang mit der Natur konnten die Sch\u00fcler des FBZ Magdeburg<\/p>\n<p><!--more--><\/p>\n<p>im Rahmen der Wahlpflichtwoche beim Paddeln auf der Elbe erleben. Bei traumhaftem Wetter wurde nach dem Erlernen der Steuertechniken des Kanus flei\u00dfig auf der Elbe man\u00f6vriert, so dass am Ende auch das Anlegen gegen die Str\u00f6mung klappte. Die Sandb\u00e4nke luden allerdings einige Male zum Ausruhen ein, aber schon Goethes Faust sagte ja bekanntlich \u201eVerweile doch \u2026!\u201c<\/p>\n<p><img loading=\"lazy\" decoding=\"async\" class=\"alignnone size-medium wp-image-2610\" src=\"https:\/\/www.ebg.de\/wp-content\/uploads\/2018\/10\/20180912_110710-1000px-300x200.jpg\" alt=\"\" width=\"300\" height=\"200\" srcset=\"https:\/\/www.ebg.de\/wp-content\/uploads\/2018\/10\/20180912_110710-1000px-300x200.jpg 300w, https:\/\/www.ebg.de\/wp-content\/uploads\/2018\/10\/20180912_110710-1000px-768x512.jpg 768w, https:\/\/www.ebg.de\/wp-content\/uploads\/2018\/10\/20180912_110710-1000px-900x600.jpg 900w, https:\/\/www.ebg.de\/wp-content\/uploads\/2018\/10\/20180912_110710-1000px.jpg 1000w\" sizes=\"auto, (max-width: 300px) 100vw, 300px\" \/><\/p>\n<p>&nbsp;<\/p>\n<p>&nbsp;<\/p>\n<p>&nbsp;<\/p>\n","protected":false},"excerpt":{"rendered":"<p>Bewegung im Einklang mit der Natur konnten die Sch\u00fcler des FBZ Magdeburg<\/p>\n","protected":false},"author":8,"featured_media":2605,"comment_status":"closed","ping_status":"closed","sticky":false,"template":"","format":"standard","meta":{"_acf_changed":false,"footnotes":""},"categories":[19],"tags":[],"class_list":["post-2604","post","type-post","status-publish","format-standard","has-post-thumbnail","hentry","category-news-magdeburg-schulen"],"acf":[],"yoast_head":"<!-- This site is optimized with the Yoast SEO plugin v26.9 - https:\/\/yoast.com\/product\/yoast-seo-wordpress\/ -->\n<title>Bewegung im Einklang mit der Natur - Europ\u00e4isches Bildungswerk f\u00fcr Beruf und Gesellschaft<\/title>\n<meta name=\"robots\" content=\"index, follow, max-snippet:-1, max-image-preview:large, max-video-preview:-1\" \/>\n<link rel=\"canonical\" href=\"https:\/\/www.ebg.de\/bewegung-einklang-natur\/\" \/>\n<meta property=\"og:locale\" content=\"en_US\" \/>\n<meta property=\"og:type\" content=\"article\" \/>\n<meta property=\"og:title\" content=\"Bewegung im Einklang mit der Natur - Europ\u00e4isches Bildungswerk f\u00fcr Beruf und Gesellschaft\" \/>\n<meta property=\"og:description\" content=\"Bewegung im Einklang mit der Natur konnten die Sch\u00fcler des FBZ Magdeburg\" \/>\n<meta property=\"og:url\" content=\"https:\/\/www.ebg.de\/bewegung-einklang-natur\/\" \/>\n<meta property=\"og:site_name\" content=\"Europ\u00e4isches Bildungswerk f\u00fcr Beruf und Gesellschaft\" \/>\n<meta property=\"article:published_time\" content=\"2018-10-17T13:02:18+00:00\" \/>\n<meta property=\"article:modified_time\" content=\"2018-10-17T13:08:48+00:00\" \/>\n<meta property=\"og:image\" content=\"https:\/\/www.ebg.de\/wp-content\/uploads\/2018\/10\/IMG-20180912-WA0000-900px.jpg\" \/>\n\t<meta property=\"og:image:width\" content=\"900\" \/>\n\t<meta property=\"og:image:height\" content=\"453\" \/>\n\t<meta property=\"og:image:type\" content=\"image\/jpeg\" \/>\n<meta name=\"author\" content=\"Christiane Selbig\" \/>\n<meta name=\"twitter:card\" content=\"summary_large_image\" \/>\n<meta name=\"twitter:label1\" content=\"Written by\" \/>\n\t<meta name=\"twitter:data1\" content=\"Christiane Selbig\" \/>\n<!-- \/ Yoast SEO plugin. -->","yoast_head_json":{"title":"Bewegung im Einklang mit der Natur - Europ\u00e4isches Bildungswerk f\u00fcr Beruf und Gesellschaft","robots":{"index":"index","follow":"follow","max-snippet":"max-snippet:-1","max-image-preview":"max-image-preview:large","max-video-preview":"max-video-preview:-1"},"canonical":"https:\/\/www.ebg.de\/bewegung-einklang-natur\/","og_locale":"en_US","og_type":"article","og_title":"Bewegung im Einklang mit der Natur - Europ\u00e4isches Bildungswerk f\u00fcr Beruf und Gesellschaft","og_description":"Bewegung im Einklang mit der Natur konnten die Sch\u00fcler des FBZ Magdeburg","og_url":"https:\/\/www.ebg.de\/bewegung-einklang-natur\/","og_site_name":"Europ\u00e4isches Bildungswerk f\u00fcr Beruf und Gesellschaft","article_published_time":"2018-10-17T13:02:18+00:00","article_modified_time":"2018-10-17T13:08:48+00:00","og_image":[{"width":900,"height":453,"url":"https:\/\/www.ebg.de\/wp-content\/uploads\/2018\/10\/IMG-20180912-WA0000-900px.jpg","type":"image\/jpeg"}],"author":"Christiane Selbig","twitter_card":"summary_large_image","twitter_misc":{"Written by":"Christiane Selbig"},"schema":{"@context":"https:\/\/schema.org","@graph":[{"@type":"Article","@id":"https:\/\/www.ebg.de\/bewegung-einklang-natur\/#article","isPartOf":{"@id":"https:\/\/www.ebg.de\/bewegung-einklang-natur\/"},"author":{"name":"Christiane Selbig","@id":"https:\/\/www.ebg.de\/#\/schema\/person\/841de16928f485ad75bab4e688fe3436"},"headline":"Bewegung im Einklang mit der Natur","datePublished":"2018-10-17T13:02:18+00:00","dateModified":"2018-10-17T13:08:48+00:00","mainEntityOfPage":{"@id":"https:\/\/www.ebg.de\/bewegung-einklang-natur\/"},"wordCount":81,"image":{"@id":"https:\/\/www.ebg.de\/bewegung-einklang-natur\/#primaryimage"},"thumbnailUrl":"https:\/\/www.ebg.de\/wp-content\/uploads\/2018\/10\/IMG-20180912-WA0000-900px.jpg","articleSection":["News - Magdeburg Schulen"],"inLanguage":"en-US"},{"@type":"WebPage","@id":"https:\/\/www.ebg.de\/bewegung-einklang-natur\/","url":"https:\/\/www.ebg.de\/bewegung-einklang-natur\/","name":"Bewegung im Einklang mit der Natur - Europ\u00e4isches Bildungswerk f\u00fcr Beruf und Gesellschaft","isPartOf":{"@id":"https:\/\/www.ebg.de\/#website"},"primaryImageOfPage":{"@id":"https:\/\/www.ebg.de\/bewegung-einklang-natur\/#primaryimage"},"image":{"@id":"https:\/\/www.ebg.de\/bewegung-einklang-natur\/#primaryimage"},"thumbnailUrl":"https:\/\/www.ebg.de\/wp-content\/uploads\/2018\/10\/IMG-20180912-WA0000-900px.jpg","datePublished":"2018-10-17T13:02:18+00:00","dateModified":"2018-10-17T13:08:48+00:00","author":{"@id":"https:\/\/www.ebg.de\/#\/schema\/person\/841de16928f485ad75bab4e688fe3436"},"breadcrumb":{"@id":"https:\/\/www.ebg.de\/bewegung-einklang-natur\/#breadcrumb"},"inLanguage":"en-US","potentialAction":[{"@type":"ReadAction","target":["https:\/\/www.ebg.de\/bewegung-einklang-natur\/"]}]},{"@type":"ImageObject","inLanguage":"en-US","@id":"https:\/\/www.ebg.de\/bewegung-einklang-natur\/#primaryimage","url":"https:\/\/www.ebg.de\/wp-content\/uploads\/2018\/10\/IMG-20180912-WA0000-900px.jpg","contentUrl":"https:\/\/www.ebg.de\/wp-content\/uploads\/2018\/10\/IMG-20180912-WA0000-900px.jpg","width":900,"height":453},{"@type":"BreadcrumbList","@id":"https:\/\/www.ebg.de\/bewegung-einklang-natur\/#breadcrumb","itemListElement":[{"@type":"ListItem","position":1,"name":"Startseite","item":"https:\/\/www.ebg.de\/"},{"@type":"ListItem","position":2,"name":"Bewegung im Einklang mit der Natur"}]},{"@type":"WebSite","@id":"https:\/\/www.ebg.de\/#website","url":"https:\/\/www.ebg.de\/","name":"Europ\u00e4isches Bildungswerk f\u00fcr Beruf und Gesellschaft","description":"Bildung, Ausbildung und Weiterbildung","potentialAction":[{"@type":"SearchAction","target":{"@type":"EntryPoint","urlTemplate":"https:\/\/www.ebg.de\/?s={search_term_string}"},"query-input":{"@type":"PropertyValueSpecification","valueRequired":true,"valueName":"search_term_string"}}],"inLanguage":"en-US"},{"@type":"Person","@id":"https:\/\/www.ebg.de\/#\/schema\/person\/841de16928f485ad75bab4e688fe3436","name":"Christiane Selbig","image":{"@type":"ImageObject","inLanguage":"en-US","@id":"https:\/\/www.ebg.de\/#\/schema\/person\/image\/","url":"https:\/\/secure.gravatar.com\/avatar\/2cc1d2ea88bd46e448d57ac18ac9f028486b7c08a90951b9d99326eeec001739?s=96&d=mm&r=g","contentUrl":"https:\/\/secure.gravatar.com\/avatar\/2cc1d2ea88bd46e448d57ac18ac9f028486b7c08a90951b9d99326eeec001739?s=96&d=mm&r=g","caption":"Christiane Selbig"},"url":"https:\/\/www.ebg.de\/en\/author\/cselbig\/"}]}},"_links":{"self":[{"href":"https:\/\/www.ebg.de\/en\/wp-json\/wp\/v2\/posts\/2604","targetHints":{"allow":["GET"]}}],"collection":[{"href":"https:\/\/www.ebg.de\/en\/wp-json\/wp\/v2\/posts"}],"about":[{"href":"https:\/\/www.ebg.de\/en\/wp-json\/wp\/v2\/types\/post"}],"author":[{"embeddable":true,"href":"https:\/\/www.ebg.de\/en\/wp-json\/wp\/v2\/users\/8"}],"replies":[{"embeddable":true,"href":"https:\/\/www.ebg.de\/en\/wp-json\/wp\/v2\/comments?post=2604"}],"version-history":[{"count":6,"href":"https:\/\/www.ebg.de\/en\/wp-json\/wp\/v2\/posts\/2604\/revisions"}],"predecessor-version":[{"id":2614,"href":"https:\/\/www.ebg.de\/en\/wp-json\/wp\/v2\/posts\/2604\/revisions\/2614"}],"wp:featuredmedia":[{"embeddable":true,"href":"https:\/\/www.ebg.de\/en\/wp-json\/wp\/v2\/media\/2605"}],"wp:attachment":[{"href":"https:\/\/www.ebg.de\/en\/wp-json\/wp\/v2\/media?parent=2604"}],"wp:term":[{"taxonomy":"category","embeddable":true,"href":"https:\/\/www.ebg.de\/en\/wp-json\/wp\/v2\/categories?post=2604"},{"taxonomy":"post_tag","embeddable":true,"href":"https:\/\/www.ebg.de\/en\/wp-json\/wp\/v2\/tags?post=2604"}],"curies":[{"name":"wp","href":"https:\/\/api.w.org\/{rel}","templated":true}]}}