{"id":25756,"date":"2022-12-22T14:45:16","date_gmt":"2022-12-22T13:45:16","guid":{"rendered":"https:\/\/www.ebg.de\/?p=25756"},"modified":"2022-12-22T15:21:15","modified_gmt":"2022-12-22T14:21:15","slug":"reanimationstraining-im-erste-hilfe-zentrum","status":"publish","type":"post","link":"https:\/\/www.ebg.de\/en\/reanimationstraining-im-erste-hilfe-zentrum\/","title":{"rendered":"Reanimationstraining im Erste Hilfe Zentrum"},"content":{"rendered":"\n<p><br>Im neu er\u00f6ffneten Pflegebereich des EBG Leipzig befindet sich ebenfalls das Erste Hilfe Zentrum, wo die Auszubildenden des EBG Leipzig an Dummys das Handling der wiederholten Thoraxkompression und Mund-zu-Mund-Beatmung praktisch trainieren k\u00f6nnen. Ebenfalls werden die zertifizierten Kurse f\u00fcr externe Teilnehmer\/innen angeboten, wo der Nachweis des Erste Hilfe Zertifikats erforderlich ist, zum Beispiel f\u00fcr den Erwerb des F\u00fchrerscheins.  <br><\/p>\n\n\n\n<p><\/p>\n","protected":false},"excerpt":{"rendered":"<p>Im neu er\u00f6ffneten Pflegebereich des EBG Leipzig befindet sich ebenfalls das Erste Hilfe Zentrum.<\/p>\n","protected":false},"author":8,"featured_media":25757,"comment_status":"closed","ping_status":"closed","sticky":false,"template":"","format":"standard","meta":{"_acf_changed":false,"footnotes":""},"categories":[27],"tags":[],"class_list":["post-25756","post","type-post","status-publish","format-standard","has-post-thumbnail","hentry","category-news-leipzig-schulen"],"acf":[],"yoast_head":"<!-- This site is optimized with the Yoast SEO plugin v26.9 - https:\/\/yoast.com\/product\/yoast-seo-wordpress\/ -->\n<title>Reanimationstraining im Erste Hilfe Zentrum - Europ\u00e4isches Bildungswerk f\u00fcr Beruf und Gesellschaft<\/title>\n<meta name=\"robots\" content=\"index, follow, max-snippet:-1, max-image-preview:large, max-video-preview:-1\" \/>\n<link rel=\"canonical\" href=\"https:\/\/www.ebg.de\/reanimationstraining-im-erste-hilfe-zentrum\/\" \/>\n<meta property=\"og:locale\" content=\"en_US\" \/>\n<meta property=\"og:type\" content=\"article\" \/>\n<meta property=\"og:title\" content=\"Reanimationstraining im Erste Hilfe Zentrum - Europ\u00e4isches Bildungswerk f\u00fcr Beruf und Gesellschaft\" \/>\n<meta property=\"og:description\" content=\"Im neu er\u00f6ffneten Pflegebereich des EBG Leipzig befindet sich ebenfalls das Erste Hilfe Zentrum.\" \/>\n<meta property=\"og:url\" content=\"https:\/\/www.ebg.de\/reanimationstraining-im-erste-hilfe-zentrum\/\" \/>\n<meta property=\"og:site_name\" content=\"Europ\u00e4isches Bildungswerk f\u00fcr Beruf und Gesellschaft\" \/>\n<meta property=\"article:published_time\" content=\"2022-12-22T13:45:16+00:00\" \/>\n<meta property=\"article:modified_time\" content=\"2022-12-22T14:21:15+00:00\" \/>\n<meta property=\"og:image\" content=\"https:\/\/www.ebg.de\/wp-content\/uploads\/2022\/12\/63A0184.jpg\" \/>\n\t<meta property=\"og:image:width\" content=\"1200\" \/>\n\t<meta property=\"og:image:height\" content=\"800\" \/>\n\t<meta property=\"og:image:type\" content=\"image\/jpeg\" \/>\n<meta name=\"author\" content=\"Christiane Selbig\" \/>\n<meta name=\"twitter:card\" content=\"summary_large_image\" \/>\n<meta name=\"twitter:label1\" content=\"Written by\" \/>\n\t<meta name=\"twitter:data1\" content=\"Christiane Selbig\" \/>\n\t<meta name=\"twitter:label2\" content=\"Est. reading time\" \/>\n\t<meta name=\"twitter:data2\" content=\"1 minute\" \/>\n<!-- \/ Yoast SEO plugin. -->","yoast_head_json":{"title":"Reanimationstraining im Erste Hilfe Zentrum - Europ\u00e4isches Bildungswerk f\u00fcr Beruf und Gesellschaft","robots":{"index":"index","follow":"follow","max-snippet":"max-snippet:-1","max-image-preview":"max-image-preview:large","max-video-preview":"max-video-preview:-1"},"canonical":"https:\/\/www.ebg.de\/reanimationstraining-im-erste-hilfe-zentrum\/","og_locale":"en_US","og_type":"article","og_title":"Reanimationstraining im Erste Hilfe Zentrum - Europ\u00e4isches Bildungswerk f\u00fcr Beruf und Gesellschaft","og_description":"Im neu er\u00f6ffneten Pflegebereich des EBG Leipzig befindet sich ebenfalls das Erste Hilfe Zentrum.","og_url":"https:\/\/www.ebg.de\/reanimationstraining-im-erste-hilfe-zentrum\/","og_site_name":"Europ\u00e4isches Bildungswerk f\u00fcr Beruf und Gesellschaft","article_published_time":"2022-12-22T13:45:16+00:00","article_modified_time":"2022-12-22T14:21:15+00:00","og_image":[{"width":1200,"height":800,"url":"https:\/\/www.ebg.de\/wp-content\/uploads\/2022\/12\/63A0184.jpg","type":"image\/jpeg"}],"author":"Christiane Selbig","twitter_card":"summary_large_image","twitter_misc":{"Written by":"Christiane Selbig","Est. reading time":"1 minute"},"schema":{"@context":"https:\/\/schema.org","@graph":[{"@type":"Article","@id":"https:\/\/www.ebg.de\/reanimationstraining-im-erste-hilfe-zentrum\/#article","isPartOf":{"@id":"https:\/\/www.ebg.de\/reanimationstraining-im-erste-hilfe-zentrum\/"},"author":{"name":"Christiane Selbig","@id":"https:\/\/www.ebg.de\/#\/schema\/person\/841de16928f485ad75bab4e688fe3436"},"headline":"Reanimationstraining im Erste Hilfe Zentrum","datePublished":"2022-12-22T13:45:16+00:00","dateModified":"2022-12-22T14:21:15+00:00","mainEntityOfPage":{"@id":"https:\/\/www.ebg.de\/reanimationstraining-im-erste-hilfe-zentrum\/"},"wordCount":68,"image":{"@id":"https:\/\/www.ebg.de\/reanimationstraining-im-erste-hilfe-zentrum\/#primaryimage"},"thumbnailUrl":"https:\/\/www.ebg.de\/wp-content\/uploads\/2022\/12\/63A0184.jpg","articleSection":["News - Leipzig Schulen"],"inLanguage":"en-US"},{"@type":"WebPage","@id":"https:\/\/www.ebg.de\/reanimationstraining-im-erste-hilfe-zentrum\/","url":"https:\/\/www.ebg.de\/reanimationstraining-im-erste-hilfe-zentrum\/","name":"Reanimationstraining im Erste Hilfe Zentrum - Europ\u00e4isches Bildungswerk f\u00fcr Beruf und Gesellschaft","isPartOf":{"@id":"https:\/\/www.ebg.de\/#website"},"primaryImageOfPage":{"@id":"https:\/\/www.ebg.de\/reanimationstraining-im-erste-hilfe-zentrum\/#primaryimage"},"image":{"@id":"https:\/\/www.ebg.de\/reanimationstraining-im-erste-hilfe-zentrum\/#primaryimage"},"thumbnailUrl":"https:\/\/www.ebg.de\/wp-content\/uploads\/2022\/12\/63A0184.jpg","datePublished":"2022-12-22T13:45:16+00:00","dateModified":"2022-12-22T14:21:15+00:00","author":{"@id":"https:\/\/www.ebg.de\/#\/schema\/person\/841de16928f485ad75bab4e688fe3436"},"breadcrumb":{"@id":"https:\/\/www.ebg.de\/reanimationstraining-im-erste-hilfe-zentrum\/#breadcrumb"},"inLanguage":"en-US","potentialAction":[{"@type":"ReadAction","target":["https:\/\/www.ebg.de\/reanimationstraining-im-erste-hilfe-zentrum\/"]}]},{"@type":"ImageObject","inLanguage":"en-US","@id":"https:\/\/www.ebg.de\/reanimationstraining-im-erste-hilfe-zentrum\/#primaryimage","url":"https:\/\/www.ebg.de\/wp-content\/uploads\/2022\/12\/63A0184.jpg","contentUrl":"https:\/\/www.ebg.de\/wp-content\/uploads\/2022\/12\/63A0184.jpg","width":1200,"height":800},{"@type":"BreadcrumbList","@id":"https:\/\/www.ebg.de\/reanimationstraining-im-erste-hilfe-zentrum\/#breadcrumb","itemListElement":[{"@type":"ListItem","position":1,"name":"Startseite","item":"https:\/\/www.ebg.de\/"},{"@type":"ListItem","position":2,"name":"Reanimationstraining im Erste Hilfe Zentrum"}]},{"@type":"WebSite","@id":"https:\/\/www.ebg.de\/#website","url":"https:\/\/www.ebg.de\/","name":"Europ\u00e4isches Bildungswerk f\u00fcr Beruf und Gesellschaft","description":"Bildung, Ausbildung und Weiterbildung","potentialAction":[{"@type":"SearchAction","target":{"@type":"EntryPoint","urlTemplate":"https:\/\/www.ebg.de\/?s={search_term_string}"},"query-input":{"@type":"PropertyValueSpecification","valueRequired":true,"valueName":"search_term_string"}}],"inLanguage":"en-US"},{"@type":"Person","@id":"https:\/\/www.ebg.de\/#\/schema\/person\/841de16928f485ad75bab4e688fe3436","name":"Christiane Selbig","image":{"@type":"ImageObject","inLanguage":"en-US","@id":"https:\/\/www.ebg.de\/#\/schema\/person\/image\/","url":"https:\/\/secure.gravatar.com\/avatar\/2cc1d2ea88bd46e448d57ac18ac9f028486b7c08a90951b9d99326eeec001739?s=96&d=mm&r=g","contentUrl":"https:\/\/secure.gravatar.com\/avatar\/2cc1d2ea88bd46e448d57ac18ac9f028486b7c08a90951b9d99326eeec001739?s=96&d=mm&r=g","caption":"Christiane Selbig"},"url":"https:\/\/www.ebg.de\/en\/author\/cselbig\/"}]}},"_links":{"self":[{"href":"https:\/\/www.ebg.de\/en\/wp-json\/wp\/v2\/posts\/25756","targetHints":{"allow":["GET"]}}],"collection":[{"href":"https:\/\/www.ebg.de\/en\/wp-json\/wp\/v2\/posts"}],"about":[{"href":"https:\/\/www.ebg.de\/en\/wp-json\/wp\/v2\/types\/post"}],"author":[{"embeddable":true,"href":"https:\/\/www.ebg.de\/en\/wp-json\/wp\/v2\/users\/8"}],"replies":[{"embeddable":true,"href":"https:\/\/www.ebg.de\/en\/wp-json\/wp\/v2\/comments?post=25756"}],"version-history":[{"count":4,"href":"https:\/\/www.ebg.de\/en\/wp-json\/wp\/v2\/posts\/25756\/revisions"}],"predecessor-version":[{"id":25763,"href":"https:\/\/www.ebg.de\/en\/wp-json\/wp\/v2\/posts\/25756\/revisions\/25763"}],"wp:featuredmedia":[{"embeddable":true,"href":"https:\/\/www.ebg.de\/en\/wp-json\/wp\/v2\/media\/25757"}],"wp:attachment":[{"href":"https:\/\/www.ebg.de\/en\/wp-json\/wp\/v2\/media?parent=25756"}],"wp:term":[{"taxonomy":"category","embeddable":true,"href":"https:\/\/www.ebg.de\/en\/wp-json\/wp\/v2\/categories?post=25756"},{"taxonomy":"post_tag","embeddable":true,"href":"https:\/\/www.ebg.de\/en\/wp-json\/wp\/v2\/tags?post=25756"}],"curies":[{"name":"wp","href":"https:\/\/api.w.org\/{rel}","templated":true}]}}