{"id":25722,"date":"2023-01-04T08:19:51","date_gmt":"2023-01-04T07:19:51","guid":{"rendered":"https:\/\/www.ebg.de\/?p=25722"},"modified":"2023-01-04T14:56:21","modified_gmt":"2023-01-04T13:56:21","slug":"kuchenbasar-fuer-den-asb-vom-fach-und-berufsfachschulzentrum-magdeburg-2022","status":"publish","type":"post","link":"https:\/\/www.ebg.de\/en\/kuchenbasar-fuer-den-asb-vom-fach-und-berufsfachschulzentrum-magdeburg-2022\/","title":{"rendered":"Kuchenbasar f\u00fcr den ASB vom Fach- und Berufsfachschulzentrum Magdeburg 2022"},"content":{"rendered":"\n<p><\/p>\n\n\n\n<p>Die <a href=\"https:\/\/www.ebg.de\/ausbildung\/pflegefachkraft-magdeburg-schulen\/\">Pflegeklassen<\/a> des Jahrgangs 2021 backten Pl\u00e4tzchen und verschiedene Kuchen und verkauften diese an Sch\u00fcler und Sch\u00fclerinnen, sowie an Teilnehmer und Teilnehmerinnen der Sprachkurse.<\/p>\n\n\n\n<div class=\"wp-block-columns is-layout-flex wp-container-core-columns-is-layout-9d6595d7 wp-block-columns-is-layout-flex\">\n<div class=\"wp-block-column is-layout-flow wp-block-column-is-layout-flow\" style=\"flex-basis:100%\">\n<figure class=\"wp-block-gallery has-nested-images columns-default is-cropped wp-block-gallery-1 is-layout-flex wp-block-gallery-is-layout-flex\">\n<figure class=\"wp-block-image size-large\"><img loading=\"lazy\" decoding=\"async\" width=\"480\" height=\"640\" data-id=\"25725\" src=\"https:\/\/www.ebg.de\/wp-content\/uploads\/2022\/12\/1.jpg\" alt=\"\" class=\"wp-image-25725\" srcset=\"https:\/\/www.ebg.de\/wp-content\/uploads\/2022\/12\/1.jpg 480w, https:\/\/www.ebg.de\/wp-content\/uploads\/2022\/12\/1-225x300.jpg 225w\" sizes=\"auto, (max-width: 480px) 100vw, 480px\" \/><\/figure>\n\n\n\n<figure class=\"wp-block-image size-full\"><img loading=\"lazy\" decoding=\"async\" width=\"640\" height=\"480\" data-id=\"25726\" src=\"https:\/\/www.ebg.de\/wp-content\/uploads\/2022\/12\/2.jpg\" alt=\"\" class=\"wp-image-25726\" srcset=\"https:\/\/www.ebg.de\/wp-content\/uploads\/2022\/12\/2.jpg 640w, https:\/\/www.ebg.de\/wp-content\/uploads\/2022\/12\/2-300x225.jpg 300w\" sizes=\"auto, (max-width: 640px) 100vw, 640px\" \/><\/figure>\n\n\n\n<figure class=\"wp-block-image size-large\"><img loading=\"lazy\" decoding=\"async\" width=\"640\" height=\"480\" data-id=\"25727\" src=\"https:\/\/www.ebg.de\/wp-content\/uploads\/2022\/12\/3.jpg\" alt=\"\" class=\"wp-image-25727\" srcset=\"https:\/\/www.ebg.de\/wp-content\/uploads\/2022\/12\/3.jpg 640w, https:\/\/www.ebg.de\/wp-content\/uploads\/2022\/12\/3-300x225.jpg 300w\" sizes=\"auto, (max-width: 640px) 100vw, 640px\" \/><\/figure>\n\n\n\n<figure class=\"wp-block-image size-full\"><img loading=\"lazy\" decoding=\"async\" width=\"640\" height=\"480\" data-id=\"25724\" src=\"https:\/\/www.ebg.de\/wp-content\/uploads\/2022\/12\/4.jpg\" alt=\"\" class=\"wp-image-25724\" srcset=\"https:\/\/www.ebg.de\/wp-content\/uploads\/2022\/12\/4.jpg 640w, https:\/\/www.ebg.de\/wp-content\/uploads\/2022\/12\/4-300x225.jpg 300w\" sizes=\"auto, (max-width: 640px) 100vw, 640px\" \/><\/figure>\n\n\n\n<figure class=\"wp-block-image size-large\"><img loading=\"lazy\" decoding=\"async\" width=\"480\" height=\"640\" data-id=\"25730\" src=\"https:\/\/www.ebg.de\/wp-content\/uploads\/2022\/12\/5.jpg\" alt=\"\" class=\"wp-image-25730\" srcset=\"https:\/\/www.ebg.de\/wp-content\/uploads\/2022\/12\/5.jpg 480w, https:\/\/www.ebg.de\/wp-content\/uploads\/2022\/12\/5-225x300.jpg 225w\" sizes=\"auto, (max-width: 480px) 100vw, 480px\" \/><\/figure>\n<\/figure>\n<\/div>\n<\/div>\n\n\n\n<p><\/p>\n\n\n\n<p>Die Organisation \u00fcbernahmen Frau Hinrichs &#8211; Koch und Frau Loth. Am 21.12. besuchte uns eine ehrenamtliche Mitarbeiterin des ASB&#8217;s, die den Spendenbetrag von 200,-Euro f\u00fcr den ASB W\u00fcnschewagen entgegen nahm. Der W\u00fcnschewagen erm\u00f6glicht schwerstkranken Menschen besondere Orte zu besuchen oder spezielle Ereignisse zu erleben.\u00a0<\/p>\n","protected":false},"excerpt":{"rendered":"<p>Unsere Pflegeklassen haben einen Kuchenbasar durchgef\u00fchrt und das eingenommene Geld f\u00fcr den ASB \u2013 W\u00fcnschewagen gespendet.<\/p>\n","protected":false},"author":22,"featured_media":25841,"comment_status":"closed","ping_status":"closed","sticky":false,"template":"","format":"standard","meta":{"_acf_changed":false,"footnotes":""},"categories":[19],"tags":[107,177],"class_list":["post-25722","post","type-post","status-publish","format-standard","has-post-thumbnail","hentry","category-news-magdeburg-schulen","tag-europaeisches-bildungswerk","tag-feierstunde-fach-und-berufsfachschulzentrum-magdeburg"],"acf":[],"yoast_head":"<!-- This site is optimized with the Yoast SEO plugin v26.9 - https:\/\/yoast.com\/product\/yoast-seo-wordpress\/ -->\n<title>Kuchenbasar bringt eine Menge Spenden!<\/title>\n<meta name=\"description\" content=\"Unsere Pflegeklassen haben einen Kuchenbasar durchgef\u00fchrt und das eingenommene Geld f\u00fcr den ASB \u2013 W\u00fcnschewagen gespendet.\" \/>\n<meta name=\"robots\" content=\"index, follow, max-snippet:-1, max-image-preview:large, max-video-preview:-1\" \/>\n<link rel=\"canonical\" href=\"https:\/\/www.ebg.de\/kuchenbasar-fuer-den-asb-vom-fach-und-berufsfachschulzentrum-magdeburg-2022\/\" \/>\n<meta property=\"og:locale\" content=\"en_US\" \/>\n<meta property=\"og:type\" content=\"article\" \/>\n<meta property=\"og:title\" content=\"Kuchenbasar bringt eine Menge Spenden!\" \/>\n<meta property=\"og:description\" content=\"Unsere Pflegeklassen haben einen Kuchenbasar durchgef\u00fchrt und das eingenommene Geld f\u00fcr den ASB \u2013 W\u00fcnschewagen gespendet.\" \/>\n<meta property=\"og:url\" content=\"https:\/\/www.ebg.de\/kuchenbasar-fuer-den-asb-vom-fach-und-berufsfachschulzentrum-magdeburg-2022\/\" \/>\n<meta property=\"og:site_name\" content=\"Europ\u00e4isches Bildungswerk f\u00fcr Beruf und Gesellschaft\" \/>\n<meta property=\"article:published_time\" content=\"2023-01-04T07:19:51+00:00\" \/>\n<meta property=\"article:modified_time\" content=\"2023-01-04T13:56:21+00:00\" \/>\n<meta property=\"og:image\" content=\"https:\/\/www.ebg.de\/wp-content\/uploads\/2023\/01\/kUCHENb.jpg\" \/>\n\t<meta property=\"og:image:width\" content=\"480\" \/>\n\t<meta property=\"og:image:height\" content=\"640\" \/>\n\t<meta property=\"og:image:type\" content=\"image\/jpeg\" \/>\n<meta name=\"author\" content=\"Stephan Deubner\" \/>\n<meta name=\"twitter:card\" content=\"summary_large_image\" \/>\n<meta name=\"twitter:label1\" content=\"Written by\" \/>\n\t<meta name=\"twitter:data1\" content=\"Stephan Deubner\" \/>\n\t<meta name=\"twitter:label2\" content=\"Est. reading time\" \/>\n\t<meta name=\"twitter:data2\" content=\"2 minutes\" \/>\n<!-- \/ Yoast SEO plugin. -->","yoast_head_json":{"title":"Kuchenbasar bringt eine Menge Spenden!","description":"Unsere Pflegeklassen haben einen Kuchenbasar durchgef\u00fchrt und das eingenommene Geld f\u00fcr den ASB \u2013 W\u00fcnschewagen gespendet.","robots":{"index":"index","follow":"follow","max-snippet":"max-snippet:-1","max-image-preview":"max-image-preview:large","max-video-preview":"max-video-preview:-1"},"canonical":"https:\/\/www.ebg.de\/kuchenbasar-fuer-den-asb-vom-fach-und-berufsfachschulzentrum-magdeburg-2022\/","og_locale":"en_US","og_type":"article","og_title":"Kuchenbasar bringt eine Menge Spenden!","og_description":"Unsere Pflegeklassen haben einen Kuchenbasar durchgef\u00fchrt und das eingenommene Geld f\u00fcr den ASB \u2013 W\u00fcnschewagen gespendet.","og_url":"https:\/\/www.ebg.de\/kuchenbasar-fuer-den-asb-vom-fach-und-berufsfachschulzentrum-magdeburg-2022\/","og_site_name":"Europ\u00e4isches Bildungswerk f\u00fcr Beruf und Gesellschaft","article_published_time":"2023-01-04T07:19:51+00:00","article_modified_time":"2023-01-04T13:56:21+00:00","og_image":[{"width":480,"height":640,"url":"https:\/\/www.ebg.de\/wp-content\/uploads\/2023\/01\/kUCHENb.jpg","type":"image\/jpeg"}],"author":"Stephan Deubner","twitter_card":"summary_large_image","twitter_misc":{"Written by":"Stephan Deubner","Est. reading time":"2 minutes"},"schema":{"@context":"https:\/\/schema.org","@graph":[{"@type":"Article","@id":"https:\/\/www.ebg.de\/kuchenbasar-fuer-den-asb-vom-fach-und-berufsfachschulzentrum-magdeburg-2022\/#article","isPartOf":{"@id":"https:\/\/www.ebg.de\/kuchenbasar-fuer-den-asb-vom-fach-und-berufsfachschulzentrum-magdeburg-2022\/"},"author":{"name":"Stephan Deubner","@id":"https:\/\/www.ebg.de\/#\/schema\/person\/af645ea1741029d9a44ae532ceb268bc"},"headline":"Kuchenbasar f\u00fcr den ASB vom Fach- und Berufsfachschulzentrum Magdeburg 2022","datePublished":"2023-01-04T07:19:51+00:00","dateModified":"2023-01-04T13:56:21+00:00","mainEntityOfPage":{"@id":"https:\/\/www.ebg.de\/kuchenbasar-fuer-den-asb-vom-fach-und-berufsfachschulzentrum-magdeburg-2022\/"},"wordCount":83,"image":{"@id":"https:\/\/www.ebg.de\/kuchenbasar-fuer-den-asb-vom-fach-und-berufsfachschulzentrum-magdeburg-2022\/#primaryimage"},"thumbnailUrl":"https:\/\/www.ebg.de\/wp-content\/uploads\/2023\/01\/kUCHENb.jpg","keywords":["Europ\u00e4isches Bildungswerk","Feierstunde Fach-und Berufsfachschulzentrum Magdeburg"],"articleSection":["News - Magdeburg Schulen"],"inLanguage":"en-US"},{"@type":"WebPage","@id":"https:\/\/www.ebg.de\/kuchenbasar-fuer-den-asb-vom-fach-und-berufsfachschulzentrum-magdeburg-2022\/","url":"https:\/\/www.ebg.de\/kuchenbasar-fuer-den-asb-vom-fach-und-berufsfachschulzentrum-magdeburg-2022\/","name":"Kuchenbasar bringt eine Menge Spenden!","isPartOf":{"@id":"https:\/\/www.ebg.de\/#website"},"primaryImageOfPage":{"@id":"https:\/\/www.ebg.de\/kuchenbasar-fuer-den-asb-vom-fach-und-berufsfachschulzentrum-magdeburg-2022\/#primaryimage"},"image":{"@id":"https:\/\/www.ebg.de\/kuchenbasar-fuer-den-asb-vom-fach-und-berufsfachschulzentrum-magdeburg-2022\/#primaryimage"},"thumbnailUrl":"https:\/\/www.ebg.de\/wp-content\/uploads\/2023\/01\/kUCHENb.jpg","datePublished":"2023-01-04T07:19:51+00:00","dateModified":"2023-01-04T13:56:21+00:00","author":{"@id":"https:\/\/www.ebg.de\/#\/schema\/person\/af645ea1741029d9a44ae532ceb268bc"},"description":"Unsere Pflegeklassen haben einen Kuchenbasar durchgef\u00fchrt und das eingenommene Geld f\u00fcr den ASB \u2013 W\u00fcnschewagen gespendet.","breadcrumb":{"@id":"https:\/\/www.ebg.de\/kuchenbasar-fuer-den-asb-vom-fach-und-berufsfachschulzentrum-magdeburg-2022\/#breadcrumb"},"inLanguage":"en-US","potentialAction":[{"@type":"ReadAction","target":["https:\/\/www.ebg.de\/kuchenbasar-fuer-den-asb-vom-fach-und-berufsfachschulzentrum-magdeburg-2022\/"]}]},{"@type":"ImageObject","inLanguage":"en-US","@id":"https:\/\/www.ebg.de\/kuchenbasar-fuer-den-asb-vom-fach-und-berufsfachschulzentrum-magdeburg-2022\/#primaryimage","url":"https:\/\/www.ebg.de\/wp-content\/uploads\/2023\/01\/kUCHENb.jpg","contentUrl":"https:\/\/www.ebg.de\/wp-content\/uploads\/2023\/01\/kUCHENb.jpg","width":480,"height":640},{"@type":"BreadcrumbList","@id":"https:\/\/www.ebg.de\/kuchenbasar-fuer-den-asb-vom-fach-und-berufsfachschulzentrum-magdeburg-2022\/#breadcrumb","itemListElement":[{"@type":"ListItem","position":1,"name":"Startseite","item":"https:\/\/www.ebg.de\/"},{"@type":"ListItem","position":2,"name":"Kuchenbasar f\u00fcr den ASB vom Fach- und Berufsfachschulzentrum Magdeburg 2022"}]},{"@type":"WebSite","@id":"https:\/\/www.ebg.de\/#website","url":"https:\/\/www.ebg.de\/","name":"Europ\u00e4isches Bildungswerk f\u00fcr Beruf und Gesellschaft","description":"Bildung, Ausbildung und Weiterbildung","potentialAction":[{"@type":"SearchAction","target":{"@type":"EntryPoint","urlTemplate":"https:\/\/www.ebg.de\/?s={search_term_string}"},"query-input":{"@type":"PropertyValueSpecification","valueRequired":true,"valueName":"search_term_string"}}],"inLanguage":"en-US"},{"@type":"Person","@id":"https:\/\/www.ebg.de\/#\/schema\/person\/af645ea1741029d9a44ae532ceb268bc","name":"Stephan Deubner","image":{"@type":"ImageObject","inLanguage":"en-US","@id":"https:\/\/www.ebg.de\/#\/schema\/person\/image\/","url":"https:\/\/secure.gravatar.com\/avatar\/35731f6a08afa0518c45f153077f6135c0f41aa2ae0b76e850ef9508976a7bbe?s=96&d=mm&r=g","contentUrl":"https:\/\/secure.gravatar.com\/avatar\/35731f6a08afa0518c45f153077f6135c0f41aa2ae0b76e850ef9508976a7bbe?s=96&d=mm&r=g","caption":"Stephan Deubner"},"url":"https:\/\/www.ebg.de\/en\/author\/sdeubner\/"}]}},"_links":{"self":[{"href":"https:\/\/www.ebg.de\/en\/wp-json\/wp\/v2\/posts\/25722","targetHints":{"allow":["GET"]}}],"collection":[{"href":"https:\/\/www.ebg.de\/en\/wp-json\/wp\/v2\/posts"}],"about":[{"href":"https:\/\/www.ebg.de\/en\/wp-json\/wp\/v2\/types\/post"}],"author":[{"embeddable":true,"href":"https:\/\/www.ebg.de\/en\/wp-json\/wp\/v2\/users\/22"}],"replies":[{"embeddable":true,"href":"https:\/\/www.ebg.de\/en\/wp-json\/wp\/v2\/comments?post=25722"}],"version-history":[{"count":5,"href":"https:\/\/www.ebg.de\/en\/wp-json\/wp\/v2\/posts\/25722\/revisions"}],"predecessor-version":[{"id":25845,"href":"https:\/\/www.ebg.de\/en\/wp-json\/wp\/v2\/posts\/25722\/revisions\/25845"}],"wp:featuredmedia":[{"embeddable":true,"href":"https:\/\/www.ebg.de\/en\/wp-json\/wp\/v2\/media\/25841"}],"wp:attachment":[{"href":"https:\/\/www.ebg.de\/en\/wp-json\/wp\/v2\/media?parent=25722"}],"wp:term":[{"taxonomy":"category","embeddable":true,"href":"https:\/\/www.ebg.de\/en\/wp-json\/wp\/v2\/categories?post=25722"},{"taxonomy":"post_tag","embeddable":true,"href":"https:\/\/www.ebg.de\/en\/wp-json\/wp\/v2\/tags?post=25722"}],"curies":[{"name":"wp","href":"https:\/\/api.w.org\/{rel}","templated":true}]}}