{"id":2462,"date":"2018-10-05T07:58:51","date_gmt":"2018-10-05T05:58:51","guid":{"rendered":"https:\/\/www.ebg.de\/?p=2462"},"modified":"2018-12-06T10:18:14","modified_gmt":"2018-12-06T09:18:14","slug":"deutscher-kitaverband-gegruendet","status":"publish","type":"post","link":"https:\/\/www.ebg.de\/en\/deutscher-kitaverband-gegruendet\/","title":{"rendered":"Deutscher Kitaverband gegr\u00fcndet"},"content":{"rendered":"<p class=\"node-title\">&#8220;Erzieherinnen haben einen Bildungsauftrag \u2013 keinen Verk\u00fcndigungsauftrag!&#8221;<!--more--><\/p>\n<p>Konfessionelle Tr\u00e4ger stellen derzeit mehr als die H\u00e4lfte aller nichtstaatlichen Kitapl\u00e4tze. Bislang hatten kleinere gemeinn\u00fctzige oder privatgewerbliche Anbieter bundesweit kaum eine Chance, sich gegen das &#8220;bilaterale Kartell&#8221; des Staates und der gro\u00dfen Wohlfahrtsverb\u00e4nde durchzusetzen. Mit der am Mittwoch erfolgten Gr\u00fcndung des &#8220;Deutschen Kitaverbandes&#8221;, der sich f\u00fcr freie, unabh\u00e4ngige Tr\u00e4ger einsetzt, k\u00f6nnte sich dies \u00e4ndern.<\/p>\n<p>Waltraud Weegmann, Gesch\u00e4ftsf\u00fchrerin der Konzepte f\u00fcr Kindertagesst\u00e4tten gGmbH in Stuttgart, die von den 18 Gr\u00fcndungsmitgliedern des neuen Verbandes zur Vorsitzenden gew\u00e4hlt wurde, erkl\u00e4rte dazu: &#8220;Endlich gibt es eine Vertretung der freien unabh\u00e4ngigen Kita-Tr\u00e4ger auf Bundesebene. Es ist ein toller Erfolg, dass wir auf Anhieb 20.000 Kitapl\u00e4tze repr\u00e4sentieren. Wir vertreten kleine, mittlere und gro\u00dfe Tr\u00e4ger gleicherma\u00dfen und haben eine gute regionale Mischung. Das ist eine sehr gute Basis, auf der wir aufbauen und weiter machen wollen.&#8221;<\/p>\n<p>W\u00e4hrend der zweit\u00e4gigen Gr\u00fcndungsveranstaltung kamen 80 Tr\u00e4gervertreter aus ganz Deutschland in der Berliner Repr\u00e4sentanz der Robert Bosch Stiftung und im Deutschen Bundestag zusammen. Die Themen Vielfalt, Gleichberechtigung und Qualit\u00e4t in der Kita-Landschaft wurden aus philosophischer, \u00f6konomischer und politischer Sicht diskutiert. Gespr\u00e4chspartner waren der Schriftsteller und Vorstandssprecher der Giordano-Bruno-Stiftung Dr. Michael Schmidt-Salomon, Prof. Dr. Axel Pl\u00fcnnecke vom Institut der Deutschen Wirtschaft in K\u00f6ln sowie die Bundestagsabgeordneten Grigorios Aggelidis (FDP), Norbert M\u00fcller (Die Linke), S\u00f6nke Rix (SPD) und Marcus Weinberg (CDU).<\/p>\n<p><img loading=\"lazy\" decoding=\"async\" class=\"wp-image-2463 size-ebg-featured\" src=\"https:\/\/www.ebg.de\/wp-content\/uploads\/2018\/10\/dsc05597cef_pol_diskussion-860x348.jpg\" alt=\"\" width=\"860\" height=\"348\" \/><\/p>\n<p><i>Diskussion im Deutschen Bundestag \u2013 Foto: \u00a9 Evelin Frerk<\/i><\/p>\n<p>Der <a href=\"https:\/\/hpd.de\/artikel\/lasset-kinder-mir-kommen-16000\" target=\"_blank\" rel=\"noopener\">Er\u00f6ffnungsvortrag<\/a>, den Michael Schmidt-Salomon bei der Gr\u00fcndungsversammlung in Berlin hielt, war aus s\u00e4kularer Perspektive besonders interessant. Denn der gbs-Vorstandssprecher kritisierte nicht nur die staatlich gef\u00f6rderte Dominanz konfessioneller Tr\u00e4ger, die auf einer groben Missachtung fairer Wettbewerbsregeln beruht und gegen die Interessen vieler Eltern verst\u00f6\u00dft. Er thematisierte auch den damit einhergehenden Versto\u00df gegen die Rechte der Kinder auf solide Bildung. Denn Kinder haben, so Schmidt-Salomon, &#8220;ein Anrecht darauf, vorurteilsfrei in die Welt eingef\u00fchrt zu werden, die Tatsachen des Lebens zu erfahren und verschiedene Perspektiven kennenzulernen, mit deren Hilfe sie sp\u00e4ter ihre eigene Sicht der Dinge entwickeln k\u00f6nnen, ohne von vornherein ideologisch in eine bestimmte Richtung gedr\u00e4ngt zu werden.&#8221; Daher sei es &#8220;die vornehmste Bildungsaufgabe des Staates, allen Kindern, gleich aus welcher Familie sie stammen, im Namen der Chancengleichheit Zugang zu Wissensquellen zu verschaffen, die ihnen in ihrem Elternhaus wom\u00f6glich verschlossen bleiben.&#8221; Professioneller p\u00e4dagogischer Arbeit m\u00fcsse es um das Wohl der Kinder gehen, nicht um die Verk\u00fcndigung religi\u00f6ser oder weltanschaulicher Heilslehren.<\/p>\n<p>Interessanterweise stie\u00df Schmidt-Salomon mit dieser Argumentation bei den versammelten Kita-Verantwortlichen auf breite Zustimmung. Nur der Vertreter eines evangelikal ausgerichteten Kitatr\u00e4gers protestierte vehement, da er sich das Recht, &#8220;den Samenkorn des Glaubens in kleine Herzen zu pflanzen&#8221;, nicht nehmen lassen wollte. In der anschlie\u00dfenden Diskussion verdeutlichte Schmidt-Salomon daher noch einmal die Unterschiede zwischen dem Erziehungsrecht der Eltern, dem Selbstverwaltungsrecht der Religionsgemeinschaften und dem Bildungsauftrag des Staates, der Kinder als eigenst\u00e4ndige Individuen behandeln m\u00fcsse \u2013 nicht als Tr\u00e4ger einer wie auch immer gearteten Familienidentit\u00e4t. Es gehe darum, den Kindern das beste Wissen zu vermitteln, das uns zur Verf\u00fcgung steht, so dass sie sp\u00e4ter ihren eigenen Standpunkt entwickeln k\u00f6nnen. Dies sei die entscheidende Differenz zwischen Bildung und weltanschaulich-religi\u00f6ser Manipulation. &#8220;Erzieherinnen haben einen Bildungsauftrag \u2013 keinen Verk\u00fcndigungsauftrag&#8221;, lautete Schmidt-Salomons Kernargument, das dem christlichen Vertreter im Publikum offenbar so wenig gefiel, dass er die Gr\u00fcndungsversammlung unverrichteter Dinge wieder verlie\u00df.<\/p>\n<p>Es ist zu hoffen, dass der neu gegr\u00fcndete <a href=\"http:\/\/deutscher-kitaverband.de\/\" target=\"_blank\" rel=\"noopener\">Deutsche Kitaverband<\/a> aus dieser Episode die richtigen Schl\u00fcsse zieht: Er sollte sein Profil keineswegs verw\u00e4ssern, sondern vielmehr sch\u00e4rfen, um sich zu einer echten Alternative zu den dominanten konfessionellen Tr\u00e4gern entwickeln zu k\u00f6nnen. Denn nur durch ein s\u00e4kulares, rationales, evidenzbasiertes und weltanschaulich neutrales Profil l\u00e4sst sich eines der wesentlichen Ziele des Verbandes erreichen, n\u00e4mlich die Verbesserung der Qualit\u00e4t fr\u00fchkindlicher Bildungssysteme. W\u00fcrde der Verband tats\u00e4chlich Tr\u00e4ger aufnehmen, die den Kindern kreationistische Fehlvorstellungen vermitteln, so w\u00fcrde er diese Chance verspielen, was der Glaubw\u00fcrdigkeit des neu gegr\u00fcndeten Verbandes mittel- und langfristig sehr schaden w\u00fcrde.<\/p>\n<p>&#8220;Die allermeisten Eltern in Deutschland&#8221;, so Schmidt-Salomon in seinem Vortrag, &#8220;erwarten von einer guten Kita keine Glaubensmission, sondern eine professionelle p\u00e4dagogische Arbeit, einen Ort, an dem sich ihre Kinder wohl f\u00fchlen und frei entfalten k\u00f6nnen, an dem sie etwas \u00fcber sich und die anderen erfahren und an dem sie F\u00e4higkeiten lernen, die ihnen sp\u00e4ter helfen werden, ihren eigenen Platz in der Welt zu finden.&#8221; Sollte der Deutsche Kitaverband diese Erwartungen erf\u00fcllen, d\u00fcrfte er gro\u00dfe Wachstumspotentiale haben. Immerhin misstrauen nach einer <a href=\"https:\/\/fowid.de\/meldung\/generation-what-gluecklich-ohne-gott\" target=\"_blank\" rel=\"noopener\">breitangelegten Studie aus dem Jahr 2016<\/a> \u00fcber 80 Prozent der 18\u201334j\u00e4hrigen in Deutschland ausgerechnet jenen religi\u00f6sen Institutionen, die derzeit noch mehr als die H\u00e4lfte aller nichtstaatlichen Kita-Pl\u00e4tze stellen.<\/p>\n<aside class=\"meta\">\n<p class=\"authors\"><i><a class=\"author-name\" href=\"https:\/\/hpd.de\/autor\/FlorianChefai\">Florian Chefai<\/a><\/i><\/p>\n<h2><a href=\"https:\/\/www.ebg.de\/wp-content\/uploads\/2018\/10\/Presseartikel-Dt.-Kitaverband.pdf\">Presseartikel Dt. Kitaverband<\/a><\/h2>\n<\/aside>\n","protected":false},"excerpt":{"rendered":"<p>&#8220;Erzieherinnen haben einen Bildungsauftrag \u2013 keinen Verk\u00fcndigungsauftrag!&#8221;<\/p>\n","protected":false},"author":2,"featured_media":2465,"comment_status":"closed","ping_status":"closed","sticky":false,"template":"","format":"standard","meta":{"_acf_changed":false,"footnotes":""},"categories":[22],"tags":[],"class_list":["post-2462","post","type-post","status-publish","format-standard","has-post-thumbnail","hentry","category-news-gf"],"acf":[],"yoast_head":"<!-- This site is optimized with the Yoast SEO plugin v26.9 - https:\/\/yoast.com\/product\/yoast-seo-wordpress\/ -->\n<title>Deutscher Kitaverband gegr\u00fcndet - Europ\u00e4isches Bildungswerk f\u00fcr Beruf und Gesellschaft<\/title>\n<meta name=\"robots\" content=\"index, follow, max-snippet:-1, max-image-preview:large, max-video-preview:-1\" \/>\n<link rel=\"canonical\" href=\"https:\/\/www.ebg.de\/deutscher-kitaverband-gegruendet\/\" \/>\n<meta property=\"og:locale\" content=\"en_US\" \/>\n<meta property=\"og:type\" content=\"article\" \/>\n<meta property=\"og:title\" content=\"Deutscher Kitaverband gegr\u00fcndet - Europ\u00e4isches Bildungswerk f\u00fcr Beruf und Gesellschaft\" \/>\n<meta property=\"og:description\" content=\"&#8220;Erzieherinnen haben einen Bildungsauftrag \u2013 keinen Verk\u00fcndigungsauftrag!&#8221;\" \/>\n<meta property=\"og:url\" content=\"https:\/\/www.ebg.de\/deutscher-kitaverband-gegruendet\/\" \/>\n<meta property=\"og:site_name\" content=\"Europ\u00e4isches Bildungswerk f\u00fcr Beruf und Gesellschaft\" \/>\n<meta property=\"article:published_time\" content=\"2018-10-05T05:58:51+00:00\" \/>\n<meta property=\"article:modified_time\" content=\"2018-12-06T09:18:14+00:00\" \/>\n<meta property=\"og:image\" content=\"https:\/\/www.ebg.de\/wp-content\/uploads\/2018\/10\/tim_arndt-sinner_und_waltraud_weegmann_mitte_mit_den_grundungsmitgliedern.png\" \/>\n\t<meta property=\"og:image:width\" content=\"824\" \/>\n\t<meta property=\"og:image:height\" content=\"549\" \/>\n\t<meta property=\"og:image:type\" content=\"image\/png\" \/>\n<meta name=\"author\" content=\"Carla R\u00f6blitz\" \/>\n<meta name=\"twitter:card\" content=\"summary_large_image\" \/>\n<meta name=\"twitter:label1\" content=\"Written by\" \/>\n\t<meta name=\"twitter:data1\" content=\"Carla R\u00f6blitz\" \/>\n\t<meta name=\"twitter:label2\" content=\"Est. reading time\" \/>\n\t<meta name=\"twitter:data2\" content=\"4 minutes\" \/>\n<!-- \/ Yoast SEO plugin. -->","yoast_head_json":{"title":"Deutscher Kitaverband gegr\u00fcndet - Europ\u00e4isches Bildungswerk f\u00fcr Beruf und Gesellschaft","robots":{"index":"index","follow":"follow","max-snippet":"max-snippet:-1","max-image-preview":"max-image-preview:large","max-video-preview":"max-video-preview:-1"},"canonical":"https:\/\/www.ebg.de\/deutscher-kitaverband-gegruendet\/","og_locale":"en_US","og_type":"article","og_title":"Deutscher Kitaverband gegr\u00fcndet - Europ\u00e4isches Bildungswerk f\u00fcr Beruf und Gesellschaft","og_description":"&#8220;Erzieherinnen haben einen Bildungsauftrag \u2013 keinen Verk\u00fcndigungsauftrag!&#8221;","og_url":"https:\/\/www.ebg.de\/deutscher-kitaverband-gegruendet\/","og_site_name":"Europ\u00e4isches Bildungswerk f\u00fcr Beruf und Gesellschaft","article_published_time":"2018-10-05T05:58:51+00:00","article_modified_time":"2018-12-06T09:18:14+00:00","og_image":[{"width":824,"height":549,"url":"https:\/\/www.ebg.de\/wp-content\/uploads\/2018\/10\/tim_arndt-sinner_und_waltraud_weegmann_mitte_mit_den_grundungsmitgliedern.png","type":"image\/png"}],"author":"Carla R\u00f6blitz","twitter_card":"summary_large_image","twitter_misc":{"Written by":"Carla R\u00f6blitz","Est. reading time":"4 minutes"},"schema":{"@context":"https:\/\/schema.org","@graph":[{"@type":"Article","@id":"https:\/\/www.ebg.de\/deutscher-kitaverband-gegruendet\/#article","isPartOf":{"@id":"https:\/\/www.ebg.de\/deutscher-kitaverband-gegruendet\/"},"author":{"name":"Carla R\u00f6blitz","@id":"https:\/\/www.ebg.de\/#\/schema\/person\/6194a3051c516578ca559a6b15ac8fd8"},"headline":"Deutscher Kitaverband gegr\u00fcndet","datePublished":"2018-10-05T05:58:51+00:00","dateModified":"2018-12-06T09:18:14+00:00","mainEntityOfPage":{"@id":"https:\/\/www.ebg.de\/deutscher-kitaverband-gegruendet\/"},"wordCount":826,"image":{"@id":"https:\/\/www.ebg.de\/deutscher-kitaverband-gegruendet\/#primaryimage"},"thumbnailUrl":"https:\/\/www.ebg.de\/wp-content\/uploads\/2018\/10\/tim_arndt-sinner_und_waltraud_weegmann_mitte_mit_den_grundungsmitgliedern.png","articleSection":["News-GF"],"inLanguage":"en-US"},{"@type":"WebPage","@id":"https:\/\/www.ebg.de\/deutscher-kitaverband-gegruendet\/","url":"https:\/\/www.ebg.de\/deutscher-kitaverband-gegruendet\/","name":"Deutscher Kitaverband gegr\u00fcndet - Europ\u00e4isches Bildungswerk f\u00fcr Beruf und Gesellschaft","isPartOf":{"@id":"https:\/\/www.ebg.de\/#website"},"primaryImageOfPage":{"@id":"https:\/\/www.ebg.de\/deutscher-kitaverband-gegruendet\/#primaryimage"},"image":{"@id":"https:\/\/www.ebg.de\/deutscher-kitaverband-gegruendet\/#primaryimage"},"thumbnailUrl":"https:\/\/www.ebg.de\/wp-content\/uploads\/2018\/10\/tim_arndt-sinner_und_waltraud_weegmann_mitte_mit_den_grundungsmitgliedern.png","datePublished":"2018-10-05T05:58:51+00:00","dateModified":"2018-12-06T09:18:14+00:00","author":{"@id":"https:\/\/www.ebg.de\/#\/schema\/person\/6194a3051c516578ca559a6b15ac8fd8"},"breadcrumb":{"@id":"https:\/\/www.ebg.de\/deutscher-kitaverband-gegruendet\/#breadcrumb"},"inLanguage":"en-US","potentialAction":[{"@type":"ReadAction","target":["https:\/\/www.ebg.de\/deutscher-kitaverband-gegruendet\/"]}]},{"@type":"ImageObject","inLanguage":"en-US","@id":"https:\/\/www.ebg.de\/deutscher-kitaverband-gegruendet\/#primaryimage","url":"https:\/\/www.ebg.de\/wp-content\/uploads\/2018\/10\/tim_arndt-sinner_und_waltraud_weegmann_mitte_mit_den_grundungsmitgliedern.png","contentUrl":"https:\/\/www.ebg.de\/wp-content\/uploads\/2018\/10\/tim_arndt-sinner_und_waltraud_weegmann_mitte_mit_den_grundungsmitgliedern.png","width":824,"height":549,"caption":"Die Gr\u00fcndungsmitglieder des \"Deutschen Kitaverbands\""},{"@type":"BreadcrumbList","@id":"https:\/\/www.ebg.de\/deutscher-kitaverband-gegruendet\/#breadcrumb","itemListElement":[{"@type":"ListItem","position":1,"name":"Startseite","item":"https:\/\/www.ebg.de\/"},{"@type":"ListItem","position":2,"name":"Deutscher Kitaverband gegr\u00fcndet"}]},{"@type":"WebSite","@id":"https:\/\/www.ebg.de\/#website","url":"https:\/\/www.ebg.de\/","name":"Europ\u00e4isches Bildungswerk f\u00fcr Beruf und Gesellschaft","description":"Bildung, Ausbildung und Weiterbildung","potentialAction":[{"@type":"SearchAction","target":{"@type":"EntryPoint","urlTemplate":"https:\/\/www.ebg.de\/?s={search_term_string}"},"query-input":{"@type":"PropertyValueSpecification","valueRequired":true,"valueName":"search_term_string"}}],"inLanguage":"en-US"},{"@type":"Person","@id":"https:\/\/www.ebg.de\/#\/schema\/person\/6194a3051c516578ca559a6b15ac8fd8","name":"Carla R\u00f6blitz","image":{"@type":"ImageObject","inLanguage":"en-US","@id":"https:\/\/www.ebg.de\/#\/schema\/person\/image\/","url":"https:\/\/secure.gravatar.com\/avatar\/a857149204a48781b4d141524fc4cbc60c48bb5682271a5e2762174f7ac85a2d?s=96&d=mm&r=g","contentUrl":"https:\/\/secure.gravatar.com\/avatar\/a857149204a48781b4d141524fc4cbc60c48bb5682271a5e2762174f7ac85a2d?s=96&d=mm&r=g","caption":"Carla R\u00f6blitz"},"url":"https:\/\/www.ebg.de\/en\/author\/croeblitz\/"}]}},"_links":{"self":[{"href":"https:\/\/www.ebg.de\/en\/wp-json\/wp\/v2\/posts\/2462","targetHints":{"allow":["GET"]}}],"collection":[{"href":"https:\/\/www.ebg.de\/en\/wp-json\/wp\/v2\/posts"}],"about":[{"href":"https:\/\/www.ebg.de\/en\/wp-json\/wp\/v2\/types\/post"}],"author":[{"embeddable":true,"href":"https:\/\/www.ebg.de\/en\/wp-json\/wp\/v2\/users\/2"}],"replies":[{"embeddable":true,"href":"https:\/\/www.ebg.de\/en\/wp-json\/wp\/v2\/comments?post=2462"}],"version-history":[{"count":5,"href":"https:\/\/www.ebg.de\/en\/wp-json\/wp\/v2\/posts\/2462\/revisions"}],"predecessor-version":[{"id":2943,"href":"https:\/\/www.ebg.de\/en\/wp-json\/wp\/v2\/posts\/2462\/revisions\/2943"}],"wp:featuredmedia":[{"embeddable":true,"href":"https:\/\/www.ebg.de\/en\/wp-json\/wp\/v2\/media\/2465"}],"wp:attachment":[{"href":"https:\/\/www.ebg.de\/en\/wp-json\/wp\/v2\/media?parent=2462"}],"wp:term":[{"taxonomy":"category","embeddable":true,"href":"https:\/\/www.ebg.de\/en\/wp-json\/wp\/v2\/categories?post=2462"},{"taxonomy":"post_tag","embeddable":true,"href":"https:\/\/www.ebg.de\/en\/wp-json\/wp\/v2\/tags?post=2462"}],"curies":[{"name":"wp","href":"https:\/\/api.w.org\/{rel}","templated":true}]}}