{"id":24541,"date":"2022-09-23T08:34:45","date_gmt":"2022-09-23T06:34:45","guid":{"rendered":"https:\/\/www.ebg.de\/?p=24541"},"modified":"2022-09-23T08:57:35","modified_gmt":"2022-09-23T06:57:35","slug":"die-feierstunde-des-fach-und-berufsfachschulzentrums-magdeburg-2022","status":"publish","type":"post","link":"https:\/\/www.ebg.de\/en\/die-feierstunde-des-fach-und-berufsfachschulzentrums-magdeburg-2022\/","title":{"rendered":"Die Feierstunde des Fach- und Berufsfachschul-zentrums Magdeburg 2022"},"content":{"rendered":"\n<p>Am 19. August 2022 fand in der <a href=\"https:\/\/www.ebg.de\/standort\/magdeburg-kompezenzzentrum\/\">Pestalozzi-Aula <\/a>unsere diesj\u00e4hrige Feierstunde zum Ausbildungsabschluss statt. 123 Sch\u00fclerinnen und Sch\u00fcler erhielten ihr Abschlusszeugnis.<\/p>\n\n\n\n<p>Hier vertreten waren die Fachrichtungen, <a href=\"https:\/\/www.ebg.de\/ausbildung\/erzieher-magdeburg-schulen\/\">Sozialp\u00e4dagogik<\/a>, <a href=\"https:\/\/www.ebg.de\/ausbildung\/heilerziehungspflege-ausbildung-magdeburg-schulen-europaeisches-bildungswerk-fuer-beruf-und-gesellschaft\/\">Heilerziehungspflege<\/a>, <a href=\"https:\/\/www.ebg.de\/ausbildung\/pflegefachkraft-magdeburg-schulen\/\">Pflege<\/a> und<a href=\"https:\/\/www.ebg.de\/ausbildung\/ergotherapie-magdeburg-schulen\/\"> Ergotherapie<\/a> sowie <a href=\"https:\/\/www.ebg.de\/ausbildung\/heilpaedagogik-magdeburg-schulen\/\">Heilp\u00e4dagogik.<\/a><\/p>\n\n\n\n<div class=\"wp-block-columns is-layout-flex wp-container-core-columns-is-layout-9d6595d7 wp-block-columns-is-layout-flex\">\n<div class=\"wp-block-column is-layout-flow wp-block-column-is-layout-flow\" style=\"flex-basis:100%\">\n<figure class=\"wp-block-gallery has-nested-images columns-default is-cropped wp-block-gallery-1 is-layout-flex wp-block-gallery-is-layout-flex\">\n<figure class=\"wp-block-image size-large\"><img loading=\"lazy\" decoding=\"async\" width=\"2560\" height=\"1920\" data-id=\"24546\" src=\"https:\/\/www.ebg.de\/wp-content\/uploads\/2022\/09\/080-Zeugnisausgabe-2022--scaled.jpg\" alt=\"\" class=\"wp-image-24546\" srcset=\"https:\/\/www.ebg.de\/wp-content\/uploads\/2022\/09\/080-Zeugnisausgabe-2022--scaled.jpg 2560w, https:\/\/www.ebg.de\/wp-content\/uploads\/2022\/09\/080-Zeugnisausgabe-2022--300x225.jpg 300w, https:\/\/www.ebg.de\/wp-content\/uploads\/2022\/09\/080-Zeugnisausgabe-2022--1024x768.jpg 1024w, https:\/\/www.ebg.de\/wp-content\/uploads\/2022\/09\/080-Zeugnisausgabe-2022--768x576.jpg 768w, https:\/\/www.ebg.de\/wp-content\/uploads\/2022\/09\/080-Zeugnisausgabe-2022--1536x1152.jpg 1536w, https:\/\/www.ebg.de\/wp-content\/uploads\/2022\/09\/080-Zeugnisausgabe-2022--2048x1536.jpg 2048w, https:\/\/www.ebg.de\/wp-content\/uploads\/2022\/09\/080-Zeugnisausgabe-2022--900x675.jpg 900w, https:\/\/www.ebg.de\/wp-content\/uploads\/2022\/09\/080-Zeugnisausgabe-2022--1200x900.jpg 1200w\" sizes=\"auto, (max-width: 2560px) 100vw, 2560px\" \/><figcaption>Zeignisse FBZMD<\/figcaption><\/figure>\n\n\n\n<figure class=\"wp-block-image size-large\"><img loading=\"lazy\" decoding=\"async\" width=\"1024\" height=\"768\" data-id=\"24548\" src=\"https:\/\/www.ebg.de\/wp-content\/uploads\/2022\/09\/050-Zeugnisausgabe-2022--1024x768.jpg\" alt=\"\" class=\"wp-image-24548\" srcset=\"https:\/\/www.ebg.de\/wp-content\/uploads\/2022\/09\/050-Zeugnisausgabe-2022--1024x768.jpg 1024w, https:\/\/www.ebg.de\/wp-content\/uploads\/2022\/09\/050-Zeugnisausgabe-2022--300x225.jpg 300w, https:\/\/www.ebg.de\/wp-content\/uploads\/2022\/09\/050-Zeugnisausgabe-2022--768x576.jpg 768w, https:\/\/www.ebg.de\/wp-content\/uploads\/2022\/09\/050-Zeugnisausgabe-2022--1536x1152.jpg 1536w, https:\/\/www.ebg.de\/wp-content\/uploads\/2022\/09\/050-Zeugnisausgabe-2022--2048x1536.jpg 2048w, https:\/\/www.ebg.de\/wp-content\/uploads\/2022\/09\/050-Zeugnisausgabe-2022--900x675.jpg 900w, https:\/\/www.ebg.de\/wp-content\/uploads\/2022\/09\/050-Zeugnisausgabe-2022--1200x900.jpg 1200w\" sizes=\"auto, (max-width: 1024px) 100vw, 1024px\" \/><figcaption>OLYMPUS DIGITAL CAMERA<\/figcaption><\/figure>\n\n\n\n<figure class=\"wp-block-image size-large\"><img loading=\"lazy\" decoding=\"async\" width=\"2560\" height=\"1920\" data-id=\"24542\" src=\"https:\/\/www.ebg.de\/wp-content\/uploads\/2022\/09\/040-Zeugnisausgabe-2022--scaled.jpg\" alt=\"\" class=\"wp-image-24542\" srcset=\"https:\/\/www.ebg.de\/wp-content\/uploads\/2022\/09\/040-Zeugnisausgabe-2022--scaled.jpg 2560w, https:\/\/www.ebg.de\/wp-content\/uploads\/2022\/09\/040-Zeugnisausgabe-2022--300x225.jpg 300w, https:\/\/www.ebg.de\/wp-content\/uploads\/2022\/09\/040-Zeugnisausgabe-2022--1024x768.jpg 1024w, https:\/\/www.ebg.de\/wp-content\/uploads\/2022\/09\/040-Zeugnisausgabe-2022--768x576.jpg 768w, https:\/\/www.ebg.de\/wp-content\/uploads\/2022\/09\/040-Zeugnisausgabe-2022--1536x1152.jpg 1536w, https:\/\/www.ebg.de\/wp-content\/uploads\/2022\/09\/040-Zeugnisausgabe-2022--2048x1536.jpg 2048w, https:\/\/www.ebg.de\/wp-content\/uploads\/2022\/09\/040-Zeugnisausgabe-2022--900x675.jpg 900w, https:\/\/www.ebg.de\/wp-content\/uploads\/2022\/09\/040-Zeugnisausgabe-2022--1200x900.jpg 1200w\" sizes=\"auto, (max-width: 2560px) 100vw, 2560px\" \/><figcaption>Feierstunde FBZMD<\/figcaption><\/figure>\n<\/figure>\n<\/div>\n<\/div>\n\n\n\n<p>Zu unseren G\u00e4sten z\u00e4hlten Familienangeh\u00f6rige und VertreterInnen aus den verschiedensten Einrichtungen sowie Kooperationspartner. Alle Kolleginnen und Kollegen trugen zur gelungenen Veranstaltung bei!<\/p>\n\n\n\n<p>Auch im Namen der Gesch\u00e4ftsf\u00fchrung vielen Dank an alle Beteiligten und Helfer und unseren Absolventen alles Gute in der Arbeitswelt!<\/p>\n","protected":false},"excerpt":{"rendered":"<p>Am 19. August 2022 fand in der Pestalozzi-Aula unsere diesj\u00e4hrige Feierstunde zum Ausbildungsabschluss statt.<\/p>\n","protected":false},"author":22,"featured_media":24544,"comment_status":"closed","ping_status":"closed","sticky":false,"template":"","format":"standard","meta":{"_acf_changed":false,"footnotes":""},"categories":[19],"tags":[107,177],"class_list":["post-24541","post","type-post","status-publish","format-standard","has-post-thumbnail","hentry","category-news-magdeburg-schulen","tag-europaeisches-bildungswerk","tag-feierstunde-fach-und-berufsfachschulzentrum-magdeburg"],"acf":[],"yoast_head":"<!-- This site is optimized with the Yoast SEO plugin v26.9 - https:\/\/yoast.com\/product\/yoast-seo-wordpress\/ -->\n<title>Zeugnisse im Fach-und Berufsfachschulzentrum Magdeburg<\/title>\n<meta name=\"description\" content=\"Am 19. August 2022 fand in der Pestalozzi-Aula unsere diesj\u00e4hrige Feierstunde zum Ausbildungsabschluss statt.\" \/>\n<meta name=\"robots\" content=\"index, follow, max-snippet:-1, max-image-preview:large, max-video-preview:-1\" \/>\n<link rel=\"canonical\" href=\"https:\/\/www.ebg.de\/die-feierstunde-des-fach-und-berufsfachschulzentrums-magdeburg-2022\/\" \/>\n<meta property=\"og:locale\" content=\"en_US\" \/>\n<meta property=\"og:type\" content=\"article\" \/>\n<meta property=\"og:title\" content=\"Zeugnisse im Fach-und Berufsfachschulzentrum Magdeburg\" \/>\n<meta property=\"og:description\" content=\"Am 19. August 2022 fand in der Pestalozzi-Aula unsere diesj\u00e4hrige Feierstunde zum Ausbildungsabschluss statt.\" \/>\n<meta property=\"og:url\" content=\"https:\/\/www.ebg.de\/die-feierstunde-des-fach-und-berufsfachschulzentrums-magdeburg-2022\/\" \/>\n<meta property=\"og:site_name\" content=\"Europ\u00e4isches Bildungswerk f\u00fcr Beruf und Gesellschaft\" \/>\n<meta property=\"article:published_time\" content=\"2022-09-23T06:34:45+00:00\" \/>\n<meta property=\"article:modified_time\" content=\"2022-09-23T06:57:35+00:00\" \/>\n<meta property=\"og:image\" content=\"https:\/\/www.ebg.de\/wp-content\/uploads\/2022\/09\/070-Zeugnisausgabe-2022--scaled.jpg\" \/>\n\t<meta property=\"og:image:width\" content=\"2560\" \/>\n\t<meta property=\"og:image:height\" content=\"1920\" \/>\n\t<meta property=\"og:image:type\" content=\"image\/jpeg\" \/>\n<meta name=\"author\" content=\"Stephan Deubner\" \/>\n<meta name=\"twitter:card\" content=\"summary_large_image\" \/>\n<meta name=\"twitter:label1\" content=\"Written by\" \/>\n\t<meta name=\"twitter:data1\" content=\"Stephan Deubner\" \/>\n\t<meta name=\"twitter:label2\" content=\"Est. reading time\" \/>\n\t<meta name=\"twitter:data2\" content=\"2 minutes\" \/>\n<!-- \/ Yoast SEO plugin. -->","yoast_head_json":{"title":"Zeugnisse im Fach-und Berufsfachschulzentrum Magdeburg","description":"Am 19. August 2022 fand in der Pestalozzi-Aula unsere diesj\u00e4hrige Feierstunde zum Ausbildungsabschluss statt.","robots":{"index":"index","follow":"follow","max-snippet":"max-snippet:-1","max-image-preview":"max-image-preview:large","max-video-preview":"max-video-preview:-1"},"canonical":"https:\/\/www.ebg.de\/die-feierstunde-des-fach-und-berufsfachschulzentrums-magdeburg-2022\/","og_locale":"en_US","og_type":"article","og_title":"Zeugnisse im Fach-und Berufsfachschulzentrum Magdeburg","og_description":"Am 19. August 2022 fand in der Pestalozzi-Aula unsere diesj\u00e4hrige Feierstunde zum Ausbildungsabschluss statt.","og_url":"https:\/\/www.ebg.de\/die-feierstunde-des-fach-und-berufsfachschulzentrums-magdeburg-2022\/","og_site_name":"Europ\u00e4isches Bildungswerk f\u00fcr Beruf und Gesellschaft","article_published_time":"2022-09-23T06:34:45+00:00","article_modified_time":"2022-09-23T06:57:35+00:00","og_image":[{"width":2560,"height":1920,"url":"https:\/\/www.ebg.de\/wp-content\/uploads\/2022\/09\/070-Zeugnisausgabe-2022--scaled.jpg","type":"image\/jpeg"}],"author":"Stephan Deubner","twitter_card":"summary_large_image","twitter_misc":{"Written by":"Stephan Deubner","Est. reading time":"2 minutes"},"schema":{"@context":"https:\/\/schema.org","@graph":[{"@type":"Article","@id":"https:\/\/www.ebg.de\/die-feierstunde-des-fach-und-berufsfachschulzentrums-magdeburg-2022\/#article","isPartOf":{"@id":"https:\/\/www.ebg.de\/die-feierstunde-des-fach-und-berufsfachschulzentrums-magdeburg-2022\/"},"author":{"name":"Stephan Deubner","@id":"https:\/\/www.ebg.de\/#\/schema\/person\/af645ea1741029d9a44ae532ceb268bc"},"headline":"Die Feierstunde des Fach- und Berufsfachschul-zentrums Magdeburg 2022","datePublished":"2022-09-23T06:34:45+00:00","dateModified":"2022-09-23T06:57:35+00:00","mainEntityOfPage":{"@id":"https:\/\/www.ebg.de\/die-feierstunde-des-fach-und-berufsfachschulzentrums-magdeburg-2022\/"},"wordCount":96,"image":{"@id":"https:\/\/www.ebg.de\/die-feierstunde-des-fach-und-berufsfachschulzentrums-magdeburg-2022\/#primaryimage"},"thumbnailUrl":"https:\/\/www.ebg.de\/wp-content\/uploads\/2022\/09\/070-Zeugnisausgabe-2022--scaled.jpg","keywords":["Europ\u00e4isches Bildungswerk","Feierstunde Fach-und Berufsfachschulzentrum Magdeburg"],"articleSection":["News - Magdeburg Schulen"],"inLanguage":"en-US"},{"@type":"WebPage","@id":"https:\/\/www.ebg.de\/die-feierstunde-des-fach-und-berufsfachschulzentrums-magdeburg-2022\/","url":"https:\/\/www.ebg.de\/die-feierstunde-des-fach-und-berufsfachschulzentrums-magdeburg-2022\/","name":"Zeugnisse im Fach-und Berufsfachschulzentrum Magdeburg","isPartOf":{"@id":"https:\/\/www.ebg.de\/#website"},"primaryImageOfPage":{"@id":"https:\/\/www.ebg.de\/die-feierstunde-des-fach-und-berufsfachschulzentrums-magdeburg-2022\/#primaryimage"},"image":{"@id":"https:\/\/www.ebg.de\/die-feierstunde-des-fach-und-berufsfachschulzentrums-magdeburg-2022\/#primaryimage"},"thumbnailUrl":"https:\/\/www.ebg.de\/wp-content\/uploads\/2022\/09\/070-Zeugnisausgabe-2022--scaled.jpg","datePublished":"2022-09-23T06:34:45+00:00","dateModified":"2022-09-23T06:57:35+00:00","author":{"@id":"https:\/\/www.ebg.de\/#\/schema\/person\/af645ea1741029d9a44ae532ceb268bc"},"description":"Am 19. August 2022 fand in der Pestalozzi-Aula unsere diesj\u00e4hrige Feierstunde zum Ausbildungsabschluss statt.","breadcrumb":{"@id":"https:\/\/www.ebg.de\/die-feierstunde-des-fach-und-berufsfachschulzentrums-magdeburg-2022\/#breadcrumb"},"inLanguage":"en-US","potentialAction":[{"@type":"ReadAction","target":["https:\/\/www.ebg.de\/die-feierstunde-des-fach-und-berufsfachschulzentrums-magdeburg-2022\/"]}]},{"@type":"ImageObject","inLanguage":"en-US","@id":"https:\/\/www.ebg.de\/die-feierstunde-des-fach-und-berufsfachschulzentrums-magdeburg-2022\/#primaryimage","url":"https:\/\/www.ebg.de\/wp-content\/uploads\/2022\/09\/070-Zeugnisausgabe-2022--scaled.jpg","contentUrl":"https:\/\/www.ebg.de\/wp-content\/uploads\/2022\/09\/070-Zeugnisausgabe-2022--scaled.jpg","width":2560,"height":1920,"caption":"OLYMPUS DIGITAL CAMERA"},{"@type":"BreadcrumbList","@id":"https:\/\/www.ebg.de\/die-feierstunde-des-fach-und-berufsfachschulzentrums-magdeburg-2022\/#breadcrumb","itemListElement":[{"@type":"ListItem","position":1,"name":"Startseite","item":"https:\/\/www.ebg.de\/"},{"@type":"ListItem","position":2,"name":"Die Feierstunde des Fach- und Berufsfachschul-zentrums Magdeburg 2022"}]},{"@type":"WebSite","@id":"https:\/\/www.ebg.de\/#website","url":"https:\/\/www.ebg.de\/","name":"Europ\u00e4isches Bildungswerk f\u00fcr Beruf und Gesellschaft","description":"Bildung, Ausbildung und Weiterbildung","potentialAction":[{"@type":"SearchAction","target":{"@type":"EntryPoint","urlTemplate":"https:\/\/www.ebg.de\/?s={search_term_string}"},"query-input":{"@type":"PropertyValueSpecification","valueRequired":true,"valueName":"search_term_string"}}],"inLanguage":"en-US"},{"@type":"Person","@id":"https:\/\/www.ebg.de\/#\/schema\/person\/af645ea1741029d9a44ae532ceb268bc","name":"Stephan Deubner","image":{"@type":"ImageObject","inLanguage":"en-US","@id":"https:\/\/www.ebg.de\/#\/schema\/person\/image\/","url":"https:\/\/secure.gravatar.com\/avatar\/35731f6a08afa0518c45f153077f6135c0f41aa2ae0b76e850ef9508976a7bbe?s=96&d=mm&r=g","contentUrl":"https:\/\/secure.gravatar.com\/avatar\/35731f6a08afa0518c45f153077f6135c0f41aa2ae0b76e850ef9508976a7bbe?s=96&d=mm&r=g","caption":"Stephan Deubner"},"url":"https:\/\/www.ebg.de\/en\/author\/sdeubner\/"}]}},"_links":{"self":[{"href":"https:\/\/www.ebg.de\/en\/wp-json\/wp\/v2\/posts\/24541","targetHints":{"allow":["GET"]}}],"collection":[{"href":"https:\/\/www.ebg.de\/en\/wp-json\/wp\/v2\/posts"}],"about":[{"href":"https:\/\/www.ebg.de\/en\/wp-json\/wp\/v2\/types\/post"}],"author":[{"embeddable":true,"href":"https:\/\/www.ebg.de\/en\/wp-json\/wp\/v2\/users\/22"}],"replies":[{"embeddable":true,"href":"https:\/\/www.ebg.de\/en\/wp-json\/wp\/v2\/comments?post=24541"}],"version-history":[{"count":2,"href":"https:\/\/www.ebg.de\/en\/wp-json\/wp\/v2\/posts\/24541\/revisions"}],"predecessor-version":[{"id":24551,"href":"https:\/\/www.ebg.de\/en\/wp-json\/wp\/v2\/posts\/24541\/revisions\/24551"}],"wp:featuredmedia":[{"embeddable":true,"href":"https:\/\/www.ebg.de\/en\/wp-json\/wp\/v2\/media\/24544"}],"wp:attachment":[{"href":"https:\/\/www.ebg.de\/en\/wp-json\/wp\/v2\/media?parent=24541"}],"wp:term":[{"taxonomy":"category","embeddable":true,"href":"https:\/\/www.ebg.de\/en\/wp-json\/wp\/v2\/categories?post=24541"},{"taxonomy":"post_tag","embeddable":true,"href":"https:\/\/www.ebg.de\/en\/wp-json\/wp\/v2\/tags?post=24541"}],"curies":[{"name":"wp","href":"https:\/\/api.w.org\/{rel}","templated":true}]}}