{"id":24528,"date":"2022-09-22T08:08:40","date_gmt":"2022-09-22T06:08:40","guid":{"rendered":"https:\/\/www.ebg.de\/?p=24528"},"modified":"2022-09-23T07:59:42","modified_gmt":"2022-09-23T05:59:42","slug":"ebg-ist-digital-und-otto-auch","status":"publish","type":"post","link":"https:\/\/www.ebg.de\/en\/ebg-ist-digital-und-otto-auch\/","title":{"rendered":"EBG ist digital und Otto auch!"},"content":{"rendered":"\n<p>Der Stadtmarketing Pro Magdeburg e.V. hat im September 2022, in Kooperation mit der Stadt Magdeburg, ein Portraitband \u00fcber Magdeburgerinnen und Magdeburger und Ihren Unternehmen pr\u00e4sentiert, die ma\u00dfgeblich an Wandel und Transformation Richtung Digitalisierung am Wirtschaftsstandort Magdeburg mitwirken.<br><a href=\"https:\/\/www.stadtmarketing-magdeburg.de\/de\/otto-ist-digital\/20220821-in-der-ausbildung-ist-digitalisierung-ein-schluessel-zum-erfolg.html\" target=\"_blank\" rel=\"noreferrer noopener\"><br>https:\/\/www.stadtmarketing-magdeburg.de\/de\/otto-ist-digital\/20220821-in-der-ausbildung-ist-digitalisierung-ein-schluessel-zum-erfolg.html <\/a><\/p>\n\n\n\n<p><\/p>\n","protected":false},"excerpt":{"rendered":"<p>Der Artikel \u201eIn der Ausbildung ist Digitalisierung ein Schl\u00fcssel zum Erfolg\u201c mit dem Gesch\u00e4ftsf\u00fchrer des Europ\u00e4ischen Bildungswerkes Thilo Reichelt.<\/p>\n","protected":false},"author":22,"featured_media":24529,"comment_status":"closed","ping_status":"closed","sticky":false,"template":"","format":"standard","meta":{"_acf_changed":false,"footnotes":""},"categories":[22],"tags":[95,176,107],"class_list":["post-24528","post","type-post","status-publish","format-standard","has-post-thumbnail","hentry","category-news-gf","tag-ausbildung","tag-digitalisierung","tag-europaeisches-bildungswerk"],"acf":[],"yoast_head":"<!-- This site is optimized with the Yoast SEO plugin v26.9 - https:\/\/yoast.com\/product\/yoast-seo-wordpress\/ -->\n<title>EBG ist digital und Otto auch!<\/title>\n<meta name=\"description\" content=\"Artikel \u201eIn der Ausbildung ist Digitalisierung ein Schl\u00fcssel zum Erfolg\u201c mit Gesch\u00e4ftsf\u00fchrer des Europ\u00e4ischen Bildungswerkes Thilo Reichelt.\" \/>\n<meta name=\"robots\" content=\"index, follow, max-snippet:-1, max-image-preview:large, max-video-preview:-1\" \/>\n<link rel=\"canonical\" href=\"https:\/\/www.ebg.de\/ebg-ist-digital-und-otto-auch\/\" \/>\n<meta property=\"og:locale\" content=\"en_US\" \/>\n<meta property=\"og:type\" content=\"article\" \/>\n<meta property=\"og:title\" content=\"EBG ist digital und Otto auch!\" \/>\n<meta property=\"og:description\" content=\"Artikel \u201eIn der Ausbildung ist Digitalisierung ein Schl\u00fcssel zum Erfolg\u201c mit Gesch\u00e4ftsf\u00fchrer des Europ\u00e4ischen Bildungswerkes Thilo Reichelt.\" \/>\n<meta property=\"og:url\" content=\"https:\/\/www.ebg.de\/ebg-ist-digital-und-otto-auch\/\" \/>\n<meta property=\"og:site_name\" content=\"Europ\u00e4isches Bildungswerk f\u00fcr Beruf und Gesellschaft\" \/>\n<meta property=\"article:published_time\" content=\"2022-09-22T06:08:40+00:00\" \/>\n<meta property=\"article:modified_time\" content=\"2022-09-23T05:59:42+00:00\" \/>\n<meta property=\"og:image\" content=\"https:\/\/www.ebg.de\/wp-content\/uploads\/2022\/09\/Otto-ist-digital-Reichelt.jpg\" \/>\n\t<meta property=\"og:image:width\" content=\"1643\" \/>\n\t<meta property=\"og:image:height\" content=\"1007\" \/>\n\t<meta property=\"og:image:type\" content=\"image\/jpeg\" \/>\n<meta name=\"author\" content=\"Stephan Deubner\" \/>\n<meta name=\"twitter:card\" content=\"summary_large_image\" \/>\n<meta name=\"twitter:label1\" content=\"Written by\" \/>\n\t<meta name=\"twitter:data1\" content=\"Stephan Deubner\" \/>\n\t<meta name=\"twitter:label2\" content=\"Est. reading time\" \/>\n\t<meta name=\"twitter:data2\" content=\"1 minute\" \/>\n<!-- \/ Yoast SEO plugin. -->","yoast_head_json":{"title":"EBG ist digital und Otto auch!","description":"Artikel \u201eIn der Ausbildung ist Digitalisierung ein Schl\u00fcssel zum Erfolg\u201c mit Gesch\u00e4ftsf\u00fchrer des Europ\u00e4ischen Bildungswerkes Thilo Reichelt.","robots":{"index":"index","follow":"follow","max-snippet":"max-snippet:-1","max-image-preview":"max-image-preview:large","max-video-preview":"max-video-preview:-1"},"canonical":"https:\/\/www.ebg.de\/ebg-ist-digital-und-otto-auch\/","og_locale":"en_US","og_type":"article","og_title":"EBG ist digital und Otto auch!","og_description":"Artikel \u201eIn der Ausbildung ist Digitalisierung ein Schl\u00fcssel zum Erfolg\u201c mit Gesch\u00e4ftsf\u00fchrer des Europ\u00e4ischen Bildungswerkes Thilo Reichelt.","og_url":"https:\/\/www.ebg.de\/ebg-ist-digital-und-otto-auch\/","og_site_name":"Europ\u00e4isches Bildungswerk f\u00fcr Beruf und Gesellschaft","article_published_time":"2022-09-22T06:08:40+00:00","article_modified_time":"2022-09-23T05:59:42+00:00","og_image":[{"width":1643,"height":1007,"url":"https:\/\/www.ebg.de\/wp-content\/uploads\/2022\/09\/Otto-ist-digital-Reichelt.jpg","type":"image\/jpeg"}],"author":"Stephan Deubner","twitter_card":"summary_large_image","twitter_misc":{"Written by":"Stephan Deubner","Est. reading time":"1 minute"},"schema":{"@context":"https:\/\/schema.org","@graph":[{"@type":"Article","@id":"https:\/\/www.ebg.de\/ebg-ist-digital-und-otto-auch\/#article","isPartOf":{"@id":"https:\/\/www.ebg.de\/ebg-ist-digital-und-otto-auch\/"},"author":{"name":"Stephan Deubner","@id":"https:\/\/www.ebg.de\/#\/schema\/person\/af645ea1741029d9a44ae532ceb268bc"},"headline":"EBG ist digital und Otto auch!","datePublished":"2022-09-22T06:08:40+00:00","dateModified":"2022-09-23T05:59:42+00:00","mainEntityOfPage":{"@id":"https:\/\/www.ebg.de\/ebg-ist-digital-und-otto-auch\/"},"wordCount":53,"image":{"@id":"https:\/\/www.ebg.de\/ebg-ist-digital-und-otto-auch\/#primaryimage"},"thumbnailUrl":"https:\/\/www.ebg.de\/wp-content\/uploads\/2022\/09\/Otto-ist-digital-Reichelt.jpg","keywords":["Ausbildung","Digitalisierung","Europ\u00e4isches Bildungswerk"],"articleSection":["News-GF"],"inLanguage":"en-US"},{"@type":"WebPage","@id":"https:\/\/www.ebg.de\/ebg-ist-digital-und-otto-auch\/","url":"https:\/\/www.ebg.de\/ebg-ist-digital-und-otto-auch\/","name":"EBG ist digital und Otto auch!","isPartOf":{"@id":"https:\/\/www.ebg.de\/#website"},"primaryImageOfPage":{"@id":"https:\/\/www.ebg.de\/ebg-ist-digital-und-otto-auch\/#primaryimage"},"image":{"@id":"https:\/\/www.ebg.de\/ebg-ist-digital-und-otto-auch\/#primaryimage"},"thumbnailUrl":"https:\/\/www.ebg.de\/wp-content\/uploads\/2022\/09\/Otto-ist-digital-Reichelt.jpg","datePublished":"2022-09-22T06:08:40+00:00","dateModified":"2022-09-23T05:59:42+00:00","author":{"@id":"https:\/\/www.ebg.de\/#\/schema\/person\/af645ea1741029d9a44ae532ceb268bc"},"description":"Artikel \u201eIn der Ausbildung ist Digitalisierung ein Schl\u00fcssel zum Erfolg\u201c mit Gesch\u00e4ftsf\u00fchrer des Europ\u00e4ischen Bildungswerkes Thilo Reichelt.","breadcrumb":{"@id":"https:\/\/www.ebg.de\/ebg-ist-digital-und-otto-auch\/#breadcrumb"},"inLanguage":"en-US","potentialAction":[{"@type":"ReadAction","target":["https:\/\/www.ebg.de\/ebg-ist-digital-und-otto-auch\/"]}]},{"@type":"ImageObject","inLanguage":"en-US","@id":"https:\/\/www.ebg.de\/ebg-ist-digital-und-otto-auch\/#primaryimage","url":"https:\/\/www.ebg.de\/wp-content\/uploads\/2022\/09\/Otto-ist-digital-Reichelt.jpg","contentUrl":"https:\/\/www.ebg.de\/wp-content\/uploads\/2022\/09\/Otto-ist-digital-Reichelt.jpg","width":1643,"height":1007},{"@type":"BreadcrumbList","@id":"https:\/\/www.ebg.de\/ebg-ist-digital-und-otto-auch\/#breadcrumb","itemListElement":[{"@type":"ListItem","position":1,"name":"Startseite","item":"https:\/\/www.ebg.de\/"},{"@type":"ListItem","position":2,"name":"EBG ist digital und Otto auch!"}]},{"@type":"WebSite","@id":"https:\/\/www.ebg.de\/#website","url":"https:\/\/www.ebg.de\/","name":"Europ\u00e4isches Bildungswerk f\u00fcr Beruf und Gesellschaft","description":"Bildung, Ausbildung und Weiterbildung","potentialAction":[{"@type":"SearchAction","target":{"@type":"EntryPoint","urlTemplate":"https:\/\/www.ebg.de\/?s={search_term_string}"},"query-input":{"@type":"PropertyValueSpecification","valueRequired":true,"valueName":"search_term_string"}}],"inLanguage":"en-US"},{"@type":"Person","@id":"https:\/\/www.ebg.de\/#\/schema\/person\/af645ea1741029d9a44ae532ceb268bc","name":"Stephan Deubner","image":{"@type":"ImageObject","inLanguage":"en-US","@id":"https:\/\/www.ebg.de\/#\/schema\/person\/image\/","url":"https:\/\/secure.gravatar.com\/avatar\/35731f6a08afa0518c45f153077f6135c0f41aa2ae0b76e850ef9508976a7bbe?s=96&d=mm&r=g","contentUrl":"https:\/\/secure.gravatar.com\/avatar\/35731f6a08afa0518c45f153077f6135c0f41aa2ae0b76e850ef9508976a7bbe?s=96&d=mm&r=g","caption":"Stephan Deubner"},"url":"https:\/\/www.ebg.de\/en\/author\/sdeubner\/"}]}},"_links":{"self":[{"href":"https:\/\/www.ebg.de\/en\/wp-json\/wp\/v2\/posts\/24528","targetHints":{"allow":["GET"]}}],"collection":[{"href":"https:\/\/www.ebg.de\/en\/wp-json\/wp\/v2\/posts"}],"about":[{"href":"https:\/\/www.ebg.de\/en\/wp-json\/wp\/v2\/types\/post"}],"author":[{"embeddable":true,"href":"https:\/\/www.ebg.de\/en\/wp-json\/wp\/v2\/users\/22"}],"replies":[{"embeddable":true,"href":"https:\/\/www.ebg.de\/en\/wp-json\/wp\/v2\/comments?post=24528"}],"version-history":[{"count":3,"href":"https:\/\/www.ebg.de\/en\/wp-json\/wp\/v2\/posts\/24528\/revisions"}],"predecessor-version":[{"id":28740,"href":"https:\/\/www.ebg.de\/en\/wp-json\/wp\/v2\/posts\/24528\/revisions\/28740"}],"wp:featuredmedia":[{"embeddable":true,"href":"https:\/\/www.ebg.de\/en\/wp-json\/wp\/v2\/media\/24529"}],"wp:attachment":[{"href":"https:\/\/www.ebg.de\/en\/wp-json\/wp\/v2\/media?parent=24528"}],"wp:term":[{"taxonomy":"category","embeddable":true,"href":"https:\/\/www.ebg.de\/en\/wp-json\/wp\/v2\/categories?post=24528"},{"taxonomy":"post_tag","embeddable":true,"href":"https:\/\/www.ebg.de\/en\/wp-json\/wp\/v2\/tags?post=24528"}],"curies":[{"name":"wp","href":"https:\/\/api.w.org\/{rel}","templated":true}]}}