{"id":2447,"date":"2018-10-04T12:57:39","date_gmt":"2018-10-04T10:57:39","guid":{"rendered":"https:\/\/www.ebg.de\/?p=2447"},"modified":"2018-10-10T10:41:26","modified_gmt":"2018-10-10T08:41:26","slug":"wir-sind-teil-der-mkh-biennale","status":"publish","type":"post","link":"https:\/\/www.ebg.de\/en\/wir-sind-teil-der-mkh-biennale\/","title":{"rendered":"Wir sind Teil der MKH  BIENNALE!"},"content":{"rendered":"<h3>29.9.18: Kunstprojekt, angeleitet von der K\u00fcnstlerin Frau Held<\/h3>\n<p><!--more--><\/p>\n<p>Am 29.9.18 um 11.00Uhr war es soweit, die m\u00fchevolle Arbeit unseres Kunstprojektes, angeleitet von der K\u00fcnstlerin Frau Held, trug Fr\u00fcchte. Auf dem Breiten Weg in Halberstadt stieg er auf, der Ballon, gefertigt aus 400 Plastikt\u00fcten. Unter strahlend blauem Himmel und mit gro\u00dfem \u00f6ffentlichen Interesse, leuchtete er gewaltig in tausend Farben. \u201eKlimawechsel\u201c so lautete das diesj\u00e4hrige Motto der BIENNALE. Internationale K\u00fcnstler wirkten mit kunstgewaltigen Argumenten und traten schonungslos ein in Verstand und Gewissen. So viel umweltsch\u00e4dliche Plastik auf einem Blick, l\u00e4sst die Dimensionen der Unmengen an Ressourcen auf der ganzen Welt erahnen.<\/p>\n<p>Teile des Ballons werden nun an das Palais de Tokyo in Paris verschickt, um dort mit anderen Plastikt\u00fcten aus anderen St\u00e4dten, durch den K\u00fcnstler Tomas Saraceno (weltweiter Initiator der Aktion) zu einer Plastikskulptur verklebt zu werden. So wird aus einer Halberst\u00e4dter Aktion ein internationales Kunstprojekt und vereint das Thema weltweit. Wir sind stolz und danken Frau Held f\u00fcr Ihr unerm\u00fcdliches Engagement.<\/p>\n<p>&nbsp;<\/p>\n<p><img loading=\"lazy\" decoding=\"async\" class=\"alignnone wp-image-2482 size-ebg-medium\" src=\"https:\/\/www.ebg.de\/wp-content\/uploads\/2018\/10\/Ballon-900x453.jpg\" alt=\"\" width=\"900\" height=\"453\" \/>\u00a0\u00a0\u00a0\u00a0\u00a0\u00a0\u00a0\u00a0\u00a0\u00a0\u00a0 <img loading=\"lazy\" decoding=\"async\" class=\"alignnone wp-image-2484 size-ebg-medium\" src=\"https:\/\/www.ebg.de\/wp-content\/uploads\/2018\/10\/Teilnahme-Biennale-Kunstprojekt-1-900x543.jpg\" alt=\"\" width=\"900\" height=\"543\" \/><\/p>\n","protected":false},"excerpt":{"rendered":"<p>29.9.18: Kunstprojekt, angeleitet von der K\u00fcnstlerin Frau Held<\/p>\n","protected":false},"author":8,"featured_media":2449,"comment_status":"closed","ping_status":"closed","sticky":false,"template":"","format":"standard","meta":{"_acf_changed":false,"footnotes":""},"categories":[28],"tags":[],"class_list":["post-2447","post","type-post","status-publish","format-standard","has-post-thumbnail","hentry","category-news-halberstadt-schulen"],"acf":[],"yoast_head":"<!-- This site is optimized with the Yoast SEO plugin v26.9 - https:\/\/yoast.com\/product\/yoast-seo-wordpress\/ -->\n<title>Wir sind Teil der MKH BIENNALE! - Europ\u00e4isches Bildungswerk f\u00fcr Beruf und Gesellschaft<\/title>\n<meta name=\"robots\" content=\"index, follow, max-snippet:-1, max-image-preview:large, max-video-preview:-1\" \/>\n<link rel=\"canonical\" href=\"https:\/\/www.ebg.de\/wir-sind-teil-der-mkh-biennale\/\" \/>\n<meta property=\"og:locale\" content=\"en_US\" \/>\n<meta property=\"og:type\" content=\"article\" \/>\n<meta property=\"og:title\" content=\"Wir sind Teil der MKH BIENNALE! - Europ\u00e4isches Bildungswerk f\u00fcr Beruf und Gesellschaft\" \/>\n<meta property=\"og:description\" content=\"29.9.18: Kunstprojekt, angeleitet von der K\u00fcnstlerin Frau Held\" \/>\n<meta property=\"og:url\" content=\"https:\/\/www.ebg.de\/wir-sind-teil-der-mkh-biennale\/\" \/>\n<meta property=\"og:site_name\" content=\"Europ\u00e4isches Bildungswerk f\u00fcr Beruf und Gesellschaft\" \/>\n<meta property=\"article:published_time\" content=\"2018-10-04T10:57:39+00:00\" \/>\n<meta property=\"article:modified_time\" content=\"2018-10-10T08:41:26+00:00\" \/>\n<meta property=\"og:image\" content=\"https:\/\/www.ebg.de\/wp-content\/uploads\/2018\/10\/ballon-2.png\" \/>\n\t<meta property=\"og:image:width\" content=\"900\" \/>\n\t<meta property=\"og:image:height\" content=\"543\" \/>\n\t<meta property=\"og:image:type\" content=\"image\/png\" \/>\n<meta name=\"author\" content=\"Christiane Selbig\" \/>\n<meta name=\"twitter:card\" content=\"summary_large_image\" \/>\n<meta name=\"twitter:label1\" content=\"Written by\" \/>\n\t<meta name=\"twitter:data1\" content=\"Christiane Selbig\" \/>\n\t<meta name=\"twitter:label2\" content=\"Est. reading time\" \/>\n\t<meta name=\"twitter:data2\" content=\"1 minute\" \/>\n<!-- \/ Yoast SEO plugin. -->","yoast_head_json":{"title":"Wir sind Teil der MKH BIENNALE! - Europ\u00e4isches Bildungswerk f\u00fcr Beruf und Gesellschaft","robots":{"index":"index","follow":"follow","max-snippet":"max-snippet:-1","max-image-preview":"max-image-preview:large","max-video-preview":"max-video-preview:-1"},"canonical":"https:\/\/www.ebg.de\/wir-sind-teil-der-mkh-biennale\/","og_locale":"en_US","og_type":"article","og_title":"Wir sind Teil der MKH BIENNALE! - Europ\u00e4isches Bildungswerk f\u00fcr Beruf und Gesellschaft","og_description":"29.9.18: Kunstprojekt, angeleitet von der K\u00fcnstlerin Frau Held","og_url":"https:\/\/www.ebg.de\/wir-sind-teil-der-mkh-biennale\/","og_site_name":"Europ\u00e4isches Bildungswerk f\u00fcr Beruf und Gesellschaft","article_published_time":"2018-10-04T10:57:39+00:00","article_modified_time":"2018-10-10T08:41:26+00:00","og_image":[{"width":900,"height":543,"url":"https:\/\/www.ebg.de\/wp-content\/uploads\/2018\/10\/ballon-2.png","type":"image\/png"}],"author":"Christiane Selbig","twitter_card":"summary_large_image","twitter_misc":{"Written by":"Christiane Selbig","Est. reading time":"1 minute"},"schema":{"@context":"https:\/\/schema.org","@graph":[{"@type":"Article","@id":"https:\/\/www.ebg.de\/wir-sind-teil-der-mkh-biennale\/#article","isPartOf":{"@id":"https:\/\/www.ebg.de\/wir-sind-teil-der-mkh-biennale\/"},"author":{"name":"Christiane Selbig","@id":"https:\/\/www.ebg.de\/#\/schema\/person\/841de16928f485ad75bab4e688fe3436"},"headline":"Wir sind Teil der MKH BIENNALE!","datePublished":"2018-10-04T10:57:39+00:00","dateModified":"2018-10-10T08:41:26+00:00","mainEntityOfPage":{"@id":"https:\/\/www.ebg.de\/wir-sind-teil-der-mkh-biennale\/"},"wordCount":180,"image":{"@id":"https:\/\/www.ebg.de\/wir-sind-teil-der-mkh-biennale\/#primaryimage"},"thumbnailUrl":"https:\/\/www.ebg.de\/wp-content\/uploads\/2018\/10\/ballon-2.png","articleSection":["News - Halberstadt Schulen"],"inLanguage":"en-US"},{"@type":"WebPage","@id":"https:\/\/www.ebg.de\/wir-sind-teil-der-mkh-biennale\/","url":"https:\/\/www.ebg.de\/wir-sind-teil-der-mkh-biennale\/","name":"Wir sind Teil der MKH BIENNALE! - Europ\u00e4isches Bildungswerk f\u00fcr Beruf und Gesellschaft","isPartOf":{"@id":"https:\/\/www.ebg.de\/#website"},"primaryImageOfPage":{"@id":"https:\/\/www.ebg.de\/wir-sind-teil-der-mkh-biennale\/#primaryimage"},"image":{"@id":"https:\/\/www.ebg.de\/wir-sind-teil-der-mkh-biennale\/#primaryimage"},"thumbnailUrl":"https:\/\/www.ebg.de\/wp-content\/uploads\/2018\/10\/ballon-2.png","datePublished":"2018-10-04T10:57:39+00:00","dateModified":"2018-10-10T08:41:26+00:00","author":{"@id":"https:\/\/www.ebg.de\/#\/schema\/person\/841de16928f485ad75bab4e688fe3436"},"breadcrumb":{"@id":"https:\/\/www.ebg.de\/wir-sind-teil-der-mkh-biennale\/#breadcrumb"},"inLanguage":"en-US","potentialAction":[{"@type":"ReadAction","target":["https:\/\/www.ebg.de\/wir-sind-teil-der-mkh-biennale\/"]}]},{"@type":"ImageObject","inLanguage":"en-US","@id":"https:\/\/www.ebg.de\/wir-sind-teil-der-mkh-biennale\/#primaryimage","url":"https:\/\/www.ebg.de\/wp-content\/uploads\/2018\/10\/ballon-2.png","contentUrl":"https:\/\/www.ebg.de\/wp-content\/uploads\/2018\/10\/ballon-2.png","width":900,"height":543},{"@type":"BreadcrumbList","@id":"https:\/\/www.ebg.de\/wir-sind-teil-der-mkh-biennale\/#breadcrumb","itemListElement":[{"@type":"ListItem","position":1,"name":"Startseite","item":"https:\/\/www.ebg.de\/"},{"@type":"ListItem","position":2,"name":"Wir sind Teil der MKH BIENNALE!"}]},{"@type":"WebSite","@id":"https:\/\/www.ebg.de\/#website","url":"https:\/\/www.ebg.de\/","name":"Europ\u00e4isches Bildungswerk f\u00fcr Beruf und Gesellschaft","description":"Bildung, Ausbildung und Weiterbildung","potentialAction":[{"@type":"SearchAction","target":{"@type":"EntryPoint","urlTemplate":"https:\/\/www.ebg.de\/?s={search_term_string}"},"query-input":{"@type":"PropertyValueSpecification","valueRequired":true,"valueName":"search_term_string"}}],"inLanguage":"en-US"},{"@type":"Person","@id":"https:\/\/www.ebg.de\/#\/schema\/person\/841de16928f485ad75bab4e688fe3436","name":"Christiane Selbig","image":{"@type":"ImageObject","inLanguage":"en-US","@id":"https:\/\/www.ebg.de\/#\/schema\/person\/image\/","url":"https:\/\/secure.gravatar.com\/avatar\/2cc1d2ea88bd46e448d57ac18ac9f028486b7c08a90951b9d99326eeec001739?s=96&d=mm&r=g","contentUrl":"https:\/\/secure.gravatar.com\/avatar\/2cc1d2ea88bd46e448d57ac18ac9f028486b7c08a90951b9d99326eeec001739?s=96&d=mm&r=g","caption":"Christiane Selbig"},"url":"https:\/\/www.ebg.de\/en\/author\/cselbig\/"}]}},"_links":{"self":[{"href":"https:\/\/www.ebg.de\/en\/wp-json\/wp\/v2\/posts\/2447","targetHints":{"allow":["GET"]}}],"collection":[{"href":"https:\/\/www.ebg.de\/en\/wp-json\/wp\/v2\/posts"}],"about":[{"href":"https:\/\/www.ebg.de\/en\/wp-json\/wp\/v2\/types\/post"}],"author":[{"embeddable":true,"href":"https:\/\/www.ebg.de\/en\/wp-json\/wp\/v2\/users\/8"}],"replies":[{"embeddable":true,"href":"https:\/\/www.ebg.de\/en\/wp-json\/wp\/v2\/comments?post=2447"}],"version-history":[{"count":12,"href":"https:\/\/www.ebg.de\/en\/wp-json\/wp\/v2\/posts\/2447\/revisions"}],"predecessor-version":[{"id":2490,"href":"https:\/\/www.ebg.de\/en\/wp-json\/wp\/v2\/posts\/2447\/revisions\/2490"}],"wp:featuredmedia":[{"embeddable":true,"href":"https:\/\/www.ebg.de\/en\/wp-json\/wp\/v2\/media\/2449"}],"wp:attachment":[{"href":"https:\/\/www.ebg.de\/en\/wp-json\/wp\/v2\/media?parent=2447"}],"wp:term":[{"taxonomy":"category","embeddable":true,"href":"https:\/\/www.ebg.de\/en\/wp-json\/wp\/v2\/categories?post=2447"},{"taxonomy":"post_tag","embeddable":true,"href":"https:\/\/www.ebg.de\/en\/wp-json\/wp\/v2\/tags?post=2447"}],"curies":[{"name":"wp","href":"https:\/\/api.w.org\/{rel}","templated":true}]}}