{"id":23432,"date":"2022-07-25T08:14:29","date_gmt":"2022-07-25T06:14:29","guid":{"rendered":"https:\/\/www.ebg.de\/?p=23432"},"modified":"2022-09-01T13:21:44","modified_gmt":"2022-09-01T11:21:44","slug":"unsere-europa-kita-feierte-10-plus-1","status":"publish","type":"post","link":"https:\/\/www.ebg.de\/en\/unsere-europa-kita-feierte-10-plus-1\/","title":{"rendered":"Unsere Europa- Kita feierte 10 plus 1"},"content":{"rendered":"\n<p>Am 02.07. dieses Jahres haben die Erzieherinnen samt Leiterin Nicole Krietsch und Gesamtleiterin Cornelia Bruchm\u00fcller zahlreiche G\u00e4ste zum gro\u00dfen Jubil\u00e4umsfest begr\u00fc\u00dft.<\/p>\n\n\n\n<figure class=\"wp-block-gallery has-nested-images columns-default is-cropped wp-block-gallery-1 is-layout-flex wp-block-gallery-is-layout-flex\">\n<figure class=\"wp-block-image size-large\"><img loading=\"lazy\" decoding=\"async\" width=\"1024\" height=\"683\" data-id=\"23438\" src=\"https:\/\/www.ebg.de\/wp-content\/uploads\/2022\/07\/IMG_0191-1024x683.jpg\" alt=\"\" class=\"wp-image-23438\" srcset=\"https:\/\/www.ebg.de\/wp-content\/uploads\/2022\/07\/IMG_0191-1024x683.jpg 1024w, https:\/\/www.ebg.de\/wp-content\/uploads\/2022\/07\/IMG_0191-300x200.jpg 300w, https:\/\/www.ebg.de\/wp-content\/uploads\/2022\/07\/IMG_0191-768x512.jpg 768w, https:\/\/www.ebg.de\/wp-content\/uploads\/2022\/07\/IMG_0191-1536x1024.jpg 1536w, https:\/\/www.ebg.de\/wp-content\/uploads\/2022\/07\/IMG_0191-2048x1365.jpg 2048w, https:\/\/www.ebg.de\/wp-content\/uploads\/2022\/07\/IMG_0191-900x600.jpg 900w, https:\/\/www.ebg.de\/wp-content\/uploads\/2022\/07\/IMG_0191-1200x800.jpg 1200w\" sizes=\"auto, (max-width: 1024px) 100vw, 1024px\" \/><\/figure>\n\n\n\n<figure class=\"wp-block-image size-large\"><img loading=\"lazy\" decoding=\"async\" width=\"1024\" height=\"683\" data-id=\"23440\" src=\"https:\/\/www.ebg.de\/wp-content\/uploads\/2022\/07\/IMG_0203-1024x683.jpg\" alt=\"\" class=\"wp-image-23440\" srcset=\"https:\/\/www.ebg.de\/wp-content\/uploads\/2022\/07\/IMG_0203-1024x683.jpg 1024w, https:\/\/www.ebg.de\/wp-content\/uploads\/2022\/07\/IMG_0203-300x200.jpg 300w, https:\/\/www.ebg.de\/wp-content\/uploads\/2022\/07\/IMG_0203-768x512.jpg 768w, https:\/\/www.ebg.de\/wp-content\/uploads\/2022\/07\/IMG_0203-1536x1024.jpg 1536w, https:\/\/www.ebg.de\/wp-content\/uploads\/2022\/07\/IMG_0203-2048x1365.jpg 2048w, https:\/\/www.ebg.de\/wp-content\/uploads\/2022\/07\/IMG_0203-900x600.jpg 900w, https:\/\/www.ebg.de\/wp-content\/uploads\/2022\/07\/IMG_0203-1200x800.jpg 1200w\" sizes=\"auto, (max-width: 1024px) 100vw, 1024px\" \/><\/figure>\n\n\n\n<figure class=\"wp-block-image size-large\"><img loading=\"lazy\" decoding=\"async\" width=\"1024\" height=\"683\" data-id=\"23436\" src=\"https:\/\/www.ebg.de\/wp-content\/uploads\/2022\/07\/IMG_0223-1-1024x683.jpg\" alt=\"\" class=\"wp-image-23436\" srcset=\"https:\/\/www.ebg.de\/wp-content\/uploads\/2022\/07\/IMG_0223-1-1024x683.jpg 1024w, https:\/\/www.ebg.de\/wp-content\/uploads\/2022\/07\/IMG_0223-1-300x200.jpg 300w, https:\/\/www.ebg.de\/wp-content\/uploads\/2022\/07\/IMG_0223-1-768x512.jpg 768w, https:\/\/www.ebg.de\/wp-content\/uploads\/2022\/07\/IMG_0223-1-1536x1024.jpg 1536w, https:\/\/www.ebg.de\/wp-content\/uploads\/2022\/07\/IMG_0223-1-2048x1365.jpg 2048w, https:\/\/www.ebg.de\/wp-content\/uploads\/2022\/07\/IMG_0223-1-900x600.jpg 900w, https:\/\/www.ebg.de\/wp-content\/uploads\/2022\/07\/IMG_0223-1-1200x800.jpg 1200w\" sizes=\"auto, (max-width: 1024px) 100vw, 1024px\" \/><\/figure>\n<\/figure>\n\n\n\n<p><\/p>\n\n\n\n<p>In liebevoller Zusammenarbeit hat sich das gesamte Team unserer Einrichtung im Vorfeld in enger Verzahnung mit zahlreichen Eltern und Gro\u00dfeltern samt dem Kita F\u00f6rderverein, welcher auch einen ph\u00e4nomenalen Kuchenbasar \u201egebacken\u201c bekommen hat, &nbsp;rangehalten, organisiert und geschleppt um diesem Tag den strahlenden Rahmen zu geben.<br>Mit vollem Erfolg!.<\/p>\n\n\n\n<figure class=\"wp-block-gallery has-nested-images columns-default is-cropped wp-block-gallery-2 is-layout-flex wp-block-gallery-is-layout-flex\">\n<figure class=\"wp-block-image size-large\"><img loading=\"lazy\" decoding=\"async\" width=\"1024\" height=\"683\" data-id=\"23442\" src=\"https:\/\/www.ebg.de\/wp-content\/uploads\/2022\/07\/IMG_0326-1024x683.jpg\" alt=\"\" class=\"wp-image-23442\" srcset=\"https:\/\/www.ebg.de\/wp-content\/uploads\/2022\/07\/IMG_0326-1024x683.jpg 1024w, https:\/\/www.ebg.de\/wp-content\/uploads\/2022\/07\/IMG_0326-300x200.jpg 300w, https:\/\/www.ebg.de\/wp-content\/uploads\/2022\/07\/IMG_0326-768x512.jpg 768w, https:\/\/www.ebg.de\/wp-content\/uploads\/2022\/07\/IMG_0326-1536x1024.jpg 1536w, https:\/\/www.ebg.de\/wp-content\/uploads\/2022\/07\/IMG_0326-2048x1365.jpg 2048w, https:\/\/www.ebg.de\/wp-content\/uploads\/2022\/07\/IMG_0326-900x600.jpg 900w, https:\/\/www.ebg.de\/wp-content\/uploads\/2022\/07\/IMG_0326-1200x800.jpg 1200w\" sizes=\"auto, (max-width: 1024px) 100vw, 1024px\" \/><\/figure>\n<\/figure>\n\n\n\n<p>Beim gro\u00dfen Besucheransturm bei erstklassigem Wetter konnten die Kurzen an 10 + 1 Stationen unter anderem Enten angeln oder gar wertvolle Edelsteine finden. Unterst\u00fctzt wurden die St\u00e4nde durch unsere \u201ehauseigenen\u201c Azubis aus dem Fach- und Berufsfachschulzentrum Magdeburg- an dieser Stelle einen gro\u00dfen Dank f\u00fcr euern Support!!<\/p>\n\n\n\n<figure class=\"wp-block-gallery has-nested-images columns-default is-cropped wp-block-gallery-3 is-layout-flex wp-block-gallery-is-layout-flex\">\n<figure class=\"wp-block-image size-large\"><img loading=\"lazy\" decoding=\"async\" width=\"1024\" height=\"683\" data-id=\"23533\" src=\"https:\/\/www.ebg.de\/wp-content\/uploads\/2022\/07\/IMG_0188-1024x683.jpg\" alt=\"\" class=\"wp-image-23533\" srcset=\"https:\/\/www.ebg.de\/wp-content\/uploads\/2022\/07\/IMG_0188-1024x683.jpg 1024w, https:\/\/www.ebg.de\/wp-content\/uploads\/2022\/07\/IMG_0188-300x200.jpg 300w, https:\/\/www.ebg.de\/wp-content\/uploads\/2022\/07\/IMG_0188-768x512.jpg 768w, https:\/\/www.ebg.de\/wp-content\/uploads\/2022\/07\/IMG_0188-1536x1024.jpg 1536w, https:\/\/www.ebg.de\/wp-content\/uploads\/2022\/07\/IMG_0188-2048x1365.jpg 2048w, https:\/\/www.ebg.de\/wp-content\/uploads\/2022\/07\/IMG_0188-900x600.jpg 900w, https:\/\/www.ebg.de\/wp-content\/uploads\/2022\/07\/IMG_0188-1200x800.jpg 1200w\" sizes=\"auto, (max-width: 1024px) 100vw, 1024px\" \/><\/figure>\n\n\n\n<figure class=\"wp-block-image size-large\"><img loading=\"lazy\" decoding=\"async\" width=\"683\" height=\"1024\" data-id=\"23537\" src=\"https:\/\/www.ebg.de\/wp-content\/uploads\/2022\/07\/IMG_0347-683x1024.jpg\" alt=\"\" class=\"wp-image-23537\" srcset=\"https:\/\/www.ebg.de\/wp-content\/uploads\/2022\/07\/IMG_0347-683x1024.jpg 683w, https:\/\/www.ebg.de\/wp-content\/uploads\/2022\/07\/IMG_0347-200x300.jpg 200w, https:\/\/www.ebg.de\/wp-content\/uploads\/2022\/07\/IMG_0347-768x1152.jpg 768w, https:\/\/www.ebg.de\/wp-content\/uploads\/2022\/07\/IMG_0347-1024x1536.jpg 1024w, https:\/\/www.ebg.de\/wp-content\/uploads\/2022\/07\/IMG_0347-1365x2048.jpg 1365w, https:\/\/www.ebg.de\/wp-content\/uploads\/2022\/07\/IMG_0347-900x1350.jpg 900w, https:\/\/www.ebg.de\/wp-content\/uploads\/2022\/07\/IMG_0347-1200x1800.jpg 1200w, https:\/\/www.ebg.de\/wp-content\/uploads\/2022\/07\/IMG_0347-scaled.jpg 1707w\" sizes=\"auto, (max-width: 683px) 100vw, 683px\" \/><\/figure>\n<\/figure>\n\n\n\n<figure class=\"wp-block-gallery has-nested-images columns-default is-cropped wp-block-gallery-4 is-layout-flex wp-block-gallery-is-layout-flex\">\n<figure class=\"wp-block-image size-large\"><img loading=\"lazy\" decoding=\"async\" width=\"1024\" height=\"683\" data-id=\"23540\" src=\"https:\/\/www.ebg.de\/wp-content\/uploads\/2022\/07\/IMG_0362-1-1024x683.jpg\" alt=\"\" class=\"wp-image-23540\" srcset=\"https:\/\/www.ebg.de\/wp-content\/uploads\/2022\/07\/IMG_0362-1-1024x683.jpg 1024w, https:\/\/www.ebg.de\/wp-content\/uploads\/2022\/07\/IMG_0362-1-300x200.jpg 300w, https:\/\/www.ebg.de\/wp-content\/uploads\/2022\/07\/IMG_0362-1-768x512.jpg 768w, https:\/\/www.ebg.de\/wp-content\/uploads\/2022\/07\/IMG_0362-1-1536x1024.jpg 1536w, https:\/\/www.ebg.de\/wp-content\/uploads\/2022\/07\/IMG_0362-1-2048x1365.jpg 2048w, https:\/\/www.ebg.de\/wp-content\/uploads\/2022\/07\/IMG_0362-1-900x600.jpg 900w, https:\/\/www.ebg.de\/wp-content\/uploads\/2022\/07\/IMG_0362-1-1200x800.jpg 1200w\" sizes=\"auto, (max-width: 1024px) 100vw, 1024px\" \/><\/figure>\n\n\n\n<figure class=\"wp-block-image size-large\"><img loading=\"lazy\" decoding=\"async\" width=\"1024\" height=\"683\" data-id=\"23544\" src=\"https:\/\/www.ebg.de\/wp-content\/uploads\/2022\/07\/IMG_0373-1024x683.jpg\" alt=\"\" class=\"wp-image-23544\" srcset=\"https:\/\/www.ebg.de\/wp-content\/uploads\/2022\/07\/IMG_0373-1024x683.jpg 1024w, https:\/\/www.ebg.de\/wp-content\/uploads\/2022\/07\/IMG_0373-300x200.jpg 300w, https:\/\/www.ebg.de\/wp-content\/uploads\/2022\/07\/IMG_0373-768x512.jpg 768w, https:\/\/www.ebg.de\/wp-content\/uploads\/2022\/07\/IMG_0373-1536x1024.jpg 1536w, https:\/\/www.ebg.de\/wp-content\/uploads\/2022\/07\/IMG_0373-2048x1365.jpg 2048w, https:\/\/www.ebg.de\/wp-content\/uploads\/2022\/07\/IMG_0373-900x600.jpg 900w, https:\/\/www.ebg.de\/wp-content\/uploads\/2022\/07\/IMG_0373-1200x800.jpg 1200w\" sizes=\"auto, (max-width: 1024px) 100vw, 1024px\" \/><\/figure>\n\n\n\n<figure class=\"wp-block-image size-large\"><img loading=\"lazy\" decoding=\"async\" width=\"1024\" height=\"683\" data-id=\"23546\" src=\"https:\/\/www.ebg.de\/wp-content\/uploads\/2022\/07\/IMG_0404-1024x683.jpg\" alt=\"\" class=\"wp-image-23546\" srcset=\"https:\/\/www.ebg.de\/wp-content\/uploads\/2022\/07\/IMG_0404-1024x683.jpg 1024w, https:\/\/www.ebg.de\/wp-content\/uploads\/2022\/07\/IMG_0404-300x200.jpg 300w, https:\/\/www.ebg.de\/wp-content\/uploads\/2022\/07\/IMG_0404-768x512.jpg 768w, https:\/\/www.ebg.de\/wp-content\/uploads\/2022\/07\/IMG_0404-1536x1024.jpg 1536w, https:\/\/www.ebg.de\/wp-content\/uploads\/2022\/07\/IMG_0404-2048x1365.jpg 2048w, https:\/\/www.ebg.de\/wp-content\/uploads\/2022\/07\/IMG_0404-900x600.jpg 900w, https:\/\/www.ebg.de\/wp-content\/uploads\/2022\/07\/IMG_0404-1200x800.jpg 1200w\" sizes=\"auto, (max-width: 1024px) 100vw, 1024px\" \/><\/figure>\n\n\n\n<figure class=\"wp-block-image size-large\"><img loading=\"lazy\" decoding=\"async\" width=\"1024\" height=\"683\" data-id=\"23542\" src=\"https:\/\/www.ebg.de\/wp-content\/uploads\/2022\/07\/IMG_0432-1024x683.jpg\" alt=\"\" class=\"wp-image-23542\" srcset=\"https:\/\/www.ebg.de\/wp-content\/uploads\/2022\/07\/IMG_0432-1024x683.jpg 1024w, https:\/\/www.ebg.de\/wp-content\/uploads\/2022\/07\/IMG_0432-300x200.jpg 300w, https:\/\/www.ebg.de\/wp-content\/uploads\/2022\/07\/IMG_0432-768x512.jpg 768w, https:\/\/www.ebg.de\/wp-content\/uploads\/2022\/07\/IMG_0432-1536x1024.jpg 1536w, https:\/\/www.ebg.de\/wp-content\/uploads\/2022\/07\/IMG_0432-2048x1365.jpg 2048w, https:\/\/www.ebg.de\/wp-content\/uploads\/2022\/07\/IMG_0432-900x600.jpg 900w, https:\/\/www.ebg.de\/wp-content\/uploads\/2022\/07\/IMG_0432-1200x800.jpg 1200w\" sizes=\"auto, (max-width: 1024px) 100vw, 1024px\" \/><\/figure>\n<\/figure>\n\n\n\n<p>             <\/p>\n","protected":false},"excerpt":{"rendered":"<p>Schon zehn plus 1 Jahre besteht unsere Kita in Gerwisch. <\/p>\n","protected":false},"author":22,"featured_media":23434,"comment_status":"closed","ping_status":"closed","sticky":false,"template":"","format":"standard","meta":{"_acf_changed":false,"footnotes":""},"categories":[22],"tags":[],"class_list":["post-23432","post","type-post","status-publish","format-standard","has-post-thumbnail","hentry","category-news-gf"],"acf":[],"yoast_head":"<!-- This site is optimized with the Yoast SEO plugin v26.9 - https:\/\/yoast.com\/product\/yoast-seo-wordpress\/ -->\n<title>Unsere Europa- Kita feierte 10 plus 1 EBG Magdeburg<\/title>\n<meta name=\"description\" content=\"Am 2.Juli haben Erzieherinnen samt Leiterin Nicole Krietsch &amp; Gesamtleiterin Cornelia Bruchm\u00fcller zahlreiche G\u00e4ste zum gro\u00dfen Jubil\u00e4umsfest begr\u00fc\u00dft.\" \/>\n<meta name=\"robots\" content=\"index, follow, max-snippet:-1, max-image-preview:large, max-video-preview:-1\" \/>\n<link rel=\"canonical\" href=\"https:\/\/www.ebg.de\/unsere-europa-kita-feierte-10-plus-1\/\" \/>\n<meta property=\"og:locale\" content=\"en_US\" \/>\n<meta property=\"og:type\" content=\"article\" \/>\n<meta property=\"og:title\" content=\"Unsere Europa- Kita feierte 10 plus 1 EBG Magdeburg\" \/>\n<meta property=\"og:description\" content=\"Am 2.Juli haben Erzieherinnen samt Leiterin Nicole Krietsch &amp; Gesamtleiterin Cornelia Bruchm\u00fcller zahlreiche G\u00e4ste zum gro\u00dfen Jubil\u00e4umsfest begr\u00fc\u00dft.\" \/>\n<meta property=\"og:url\" content=\"https:\/\/www.ebg.de\/unsere-europa-kita-feierte-10-plus-1\/\" \/>\n<meta property=\"og:site_name\" content=\"Europ\u00e4isches Bildungswerk f\u00fcr Beruf und Gesellschaft\" \/>\n<meta property=\"article:published_time\" content=\"2022-07-25T06:14:29+00:00\" \/>\n<meta property=\"article:modified_time\" content=\"2022-09-01T11:21:44+00:00\" \/>\n<meta property=\"og:image\" content=\"https:\/\/www.ebg.de\/wp-content\/uploads\/2022\/07\/IMG_0223-scaled.jpg\" \/>\n\t<meta property=\"og:image:width\" content=\"75\" \/>\n\t<meta property=\"og:image:height\" content=\"50\" \/>\n\t<meta property=\"og:image:type\" content=\"image\/jpeg\" \/>\n<meta name=\"author\" content=\"Stephan Deubner\" \/>\n<meta name=\"twitter:card\" content=\"summary_large_image\" \/>\n<meta name=\"twitter:label1\" content=\"Written by\" \/>\n\t<meta name=\"twitter:data1\" content=\"Stephan Deubner\" \/>\n\t<meta name=\"twitter:label2\" content=\"Est. reading time\" \/>\n\t<meta name=\"twitter:data2\" content=\"3 minutes\" \/>\n<!-- \/ Yoast SEO plugin. -->","yoast_head_json":{"title":"Unsere Europa- Kita feierte 10 plus 1 EBG Magdeburg","description":"Am 2.Juli haben Erzieherinnen samt Leiterin Nicole Krietsch & Gesamtleiterin Cornelia Bruchm\u00fcller zahlreiche G\u00e4ste zum gro\u00dfen Jubil\u00e4umsfest begr\u00fc\u00dft.","robots":{"index":"index","follow":"follow","max-snippet":"max-snippet:-1","max-image-preview":"max-image-preview:large","max-video-preview":"max-video-preview:-1"},"canonical":"https:\/\/www.ebg.de\/unsere-europa-kita-feierte-10-plus-1\/","og_locale":"en_US","og_type":"article","og_title":"Unsere Europa- Kita feierte 10 plus 1 EBG Magdeburg","og_description":"Am 2.Juli haben Erzieherinnen samt Leiterin Nicole Krietsch & Gesamtleiterin Cornelia Bruchm\u00fcller zahlreiche G\u00e4ste zum gro\u00dfen Jubil\u00e4umsfest begr\u00fc\u00dft.","og_url":"https:\/\/www.ebg.de\/unsere-europa-kita-feierte-10-plus-1\/","og_site_name":"Europ\u00e4isches Bildungswerk f\u00fcr Beruf und Gesellschaft","article_published_time":"2022-07-25T06:14:29+00:00","article_modified_time":"2022-09-01T11:21:44+00:00","og_image":[{"width":75,"height":50,"url":"https:\/\/www.ebg.de\/wp-content\/uploads\/2022\/07\/IMG_0223-scaled.jpg","type":"image\/jpeg"}],"author":"Stephan Deubner","twitter_card":"summary_large_image","twitter_misc":{"Written by":"Stephan Deubner","Est. reading time":"3 minutes"},"schema":{"@context":"https:\/\/schema.org","@graph":[{"@type":"Article","@id":"https:\/\/www.ebg.de\/unsere-europa-kita-feierte-10-plus-1\/#article","isPartOf":{"@id":"https:\/\/www.ebg.de\/unsere-europa-kita-feierte-10-plus-1\/"},"author":{"name":"Stephan Deubner","@id":"https:\/\/www.ebg.de\/#\/schema\/person\/af645ea1741029d9a44ae532ceb268bc"},"headline":"Unsere Europa- Kita feierte 10 plus 1","datePublished":"2022-07-25T06:14:29+00:00","dateModified":"2022-09-01T11:21:44+00:00","mainEntityOfPage":{"@id":"https:\/\/www.ebg.de\/unsere-europa-kita-feierte-10-plus-1\/"},"wordCount":129,"image":{"@id":"https:\/\/www.ebg.de\/unsere-europa-kita-feierte-10-plus-1\/#primaryimage"},"thumbnailUrl":"https:\/\/www.ebg.de\/wp-content\/uploads\/2022\/07\/IMG_0223-scaled.jpg","articleSection":["News-GF"],"inLanguage":"en-US"},{"@type":"WebPage","@id":"https:\/\/www.ebg.de\/unsere-europa-kita-feierte-10-plus-1\/","url":"https:\/\/www.ebg.de\/unsere-europa-kita-feierte-10-plus-1\/","name":"Unsere Europa- Kita feierte 10 plus 1 EBG Magdeburg","isPartOf":{"@id":"https:\/\/www.ebg.de\/#website"},"primaryImageOfPage":{"@id":"https:\/\/www.ebg.de\/unsere-europa-kita-feierte-10-plus-1\/#primaryimage"},"image":{"@id":"https:\/\/www.ebg.de\/unsere-europa-kita-feierte-10-plus-1\/#primaryimage"},"thumbnailUrl":"https:\/\/www.ebg.de\/wp-content\/uploads\/2022\/07\/IMG_0223-scaled.jpg","datePublished":"2022-07-25T06:14:29+00:00","dateModified":"2022-09-01T11:21:44+00:00","author":{"@id":"https:\/\/www.ebg.de\/#\/schema\/person\/af645ea1741029d9a44ae532ceb268bc"},"description":"Am 2.Juli haben Erzieherinnen samt Leiterin Nicole Krietsch & Gesamtleiterin Cornelia Bruchm\u00fcller zahlreiche G\u00e4ste zum gro\u00dfen Jubil\u00e4umsfest begr\u00fc\u00dft.","breadcrumb":{"@id":"https:\/\/www.ebg.de\/unsere-europa-kita-feierte-10-plus-1\/#breadcrumb"},"inLanguage":"en-US","potentialAction":[{"@type":"ReadAction","target":["https:\/\/www.ebg.de\/unsere-europa-kita-feierte-10-plus-1\/"]}]},{"@type":"ImageObject","inLanguage":"en-US","@id":"https:\/\/www.ebg.de\/unsere-europa-kita-feierte-10-plus-1\/#primaryimage","url":"https:\/\/www.ebg.de\/wp-content\/uploads\/2022\/07\/IMG_0223-scaled.jpg","contentUrl":"https:\/\/www.ebg.de\/wp-content\/uploads\/2022\/07\/IMG_0223-scaled.jpg","width":75,"height":50},{"@type":"BreadcrumbList","@id":"https:\/\/www.ebg.de\/unsere-europa-kita-feierte-10-plus-1\/#breadcrumb","itemListElement":[{"@type":"ListItem","position":1,"name":"Startseite","item":"https:\/\/www.ebg.de\/"},{"@type":"ListItem","position":2,"name":"Unsere Europa- Kita feierte 10 plus 1"}]},{"@type":"WebSite","@id":"https:\/\/www.ebg.de\/#website","url":"https:\/\/www.ebg.de\/","name":"Europ\u00e4isches Bildungswerk f\u00fcr Beruf und Gesellschaft","description":"Bildung, Ausbildung und Weiterbildung","potentialAction":[{"@type":"SearchAction","target":{"@type":"EntryPoint","urlTemplate":"https:\/\/www.ebg.de\/?s={search_term_string}"},"query-input":{"@type":"PropertyValueSpecification","valueRequired":true,"valueName":"search_term_string"}}],"inLanguage":"en-US"},{"@type":"Person","@id":"https:\/\/www.ebg.de\/#\/schema\/person\/af645ea1741029d9a44ae532ceb268bc","name":"Stephan Deubner","image":{"@type":"ImageObject","inLanguage":"en-US","@id":"https:\/\/www.ebg.de\/#\/schema\/person\/image\/","url":"https:\/\/secure.gravatar.com\/avatar\/35731f6a08afa0518c45f153077f6135c0f41aa2ae0b76e850ef9508976a7bbe?s=96&d=mm&r=g","contentUrl":"https:\/\/secure.gravatar.com\/avatar\/35731f6a08afa0518c45f153077f6135c0f41aa2ae0b76e850ef9508976a7bbe?s=96&d=mm&r=g","caption":"Stephan Deubner"},"url":"https:\/\/www.ebg.de\/en\/author\/sdeubner\/"}]}},"_links":{"self":[{"href":"https:\/\/www.ebg.de\/en\/wp-json\/wp\/v2\/posts\/23432","targetHints":{"allow":["GET"]}}],"collection":[{"href":"https:\/\/www.ebg.de\/en\/wp-json\/wp\/v2\/posts"}],"about":[{"href":"https:\/\/www.ebg.de\/en\/wp-json\/wp\/v2\/types\/post"}],"author":[{"embeddable":true,"href":"https:\/\/www.ebg.de\/en\/wp-json\/wp\/v2\/users\/22"}],"replies":[{"embeddable":true,"href":"https:\/\/www.ebg.de\/en\/wp-json\/wp\/v2\/comments?post=23432"}],"version-history":[{"count":6,"href":"https:\/\/www.ebg.de\/en\/wp-json\/wp\/v2\/posts\/23432\/revisions"}],"predecessor-version":[{"id":23548,"href":"https:\/\/www.ebg.de\/en\/wp-json\/wp\/v2\/posts\/23432\/revisions\/23548"}],"wp:featuredmedia":[{"embeddable":true,"href":"https:\/\/www.ebg.de\/en\/wp-json\/wp\/v2\/media\/23434"}],"wp:attachment":[{"href":"https:\/\/www.ebg.de\/en\/wp-json\/wp\/v2\/media?parent=23432"}],"wp:term":[{"taxonomy":"category","embeddable":true,"href":"https:\/\/www.ebg.de\/en\/wp-json\/wp\/v2\/categories?post=23432"},{"taxonomy":"post_tag","embeddable":true,"href":"https:\/\/www.ebg.de\/en\/wp-json\/wp\/v2\/tags?post=23432"}],"curies":[{"name":"wp","href":"https:\/\/api.w.org\/{rel}","templated":true}]}}