{"id":23377,"date":"2022-07-20T10:38:07","date_gmt":"2022-07-20T08:38:07","guid":{"rendered":"https:\/\/www.ebg.de\/?p=23377"},"modified":"2023-03-28T11:13:44","modified_gmt":"2023-03-28T09:13:44","slug":"eroeffnung-des-technikums-magdeburg-2","status":"publish","type":"post","link":"https:\/\/www.ebg.de\/en\/eroeffnung-des-technikums-magdeburg-2\/","title":{"rendered":"Zusatzqualifikation: additive Fertigung"},"content":{"rendered":"\n<p>Damit die Transformation in der Metall- und Elektroindustrie gelingt, m\u00fcssen die Facharbeiter vom morgen, schon heute das Wissen vermittelt bekommen. <br>Eine optimale M\u00f6glichkeit zur Wissensvermittlung sind Zusatzqualifikationen f\u00fcr die genau diese Berufsgruppen.<\/p>\n\n\n\n<p>Mit den additiven Fertigungsverfahren (3D-Druck) k\u00f6nnen wir Formen und Strukturen an Bauteilen ausarbeiten, die man so mit keinem anderen Fertigungsverfahren realisieren kann. Geeignete Ausgangsmaterialien sind Kunststoffe, Metalle und Keramik.<\/p>\n\n\n\n<figure class=\"wp-block-image size-large is-resized\"><img loading=\"lazy\" decoding=\"async\" src=\"https:\/\/www.ebg.de\/wp-content\/uploads\/2022\/07\/ZQ1-1024x827.jpg\" alt=\"\" class=\"wp-image-23416\" width=\"409\" height=\"330\" srcset=\"https:\/\/www.ebg.de\/wp-content\/uploads\/2022\/07\/ZQ1-1024x827.jpg 1024w, https:\/\/www.ebg.de\/wp-content\/uploads\/2022\/07\/ZQ1-300x242.jpg 300w, https:\/\/www.ebg.de\/wp-content\/uploads\/2022\/07\/ZQ1-768x620.jpg 768w, https:\/\/www.ebg.de\/wp-content\/uploads\/2022\/07\/ZQ1-1536x1241.jpg 1536w, https:\/\/www.ebg.de\/wp-content\/uploads\/2022\/07\/ZQ1-2048x1654.jpg 2048w, https:\/\/www.ebg.de\/wp-content\/uploads\/2022\/07\/ZQ1-900x727.jpg 900w, https:\/\/www.ebg.de\/wp-content\/uploads\/2022\/07\/ZQ1-1200x969.jpg 1200w\" sizes=\"auto, (max-width: 409px) 100vw, 409px\" \/><figcaption class=\"wp-element-caption\">Tim Steffen <\/figcaption><\/figure>\n\n\n\n<p><\/p>\n\n\n\n<p>Tim Steffen begann im Fr\u00fchjahr 2022 die Zusatzqualifikation \u201eadditive Fertigung\u201c. &nbsp;Auf Grund seiner guten Leistungen hat er seine Ausbildung ein halbes Jahr fr\u00fcher beendet und parallel die Zusatzqualifikation in der additiven Fertigung als unser erster Azubi erfolgreich absolviert.<\/p>\n\n\n\n<p><\/p>\n\n\n\n<p>In unserem\u201eTechnikum\u201c des Europ\u00e4ischen Bildungswerks f\u00fcr Beruf und Gesellschaft (EBG), das am 03.11.2021 feierlich von Ministerpr\u00e4sident Dr. Reiner Haseloff er\u00f6ffnet wurde, sind alle fachlichen und materiell-technischen Voraussetzungen gegeben, um eine Zusatzqualifikation durchzuf\u00fchren und die Pr\u00fcfung abzulegen.<\/p>\n\n\n\n<p>Die Zusatzqualifizierung f\u00fcr das additive Fertigungsverfahren kann von Auszubildenden <em>aller<\/em> im Kammerbezirk der IHK Magdeburg organisierten Unternehmen der Metall- und Elektrobranche, im Technikum des Europ\u00e4ischen Bildungswerkes absolviert werden.<\/p>\n\n\n\n<p>Die Zusatzqualifikation \u201eAdditive Fertigungsverfahren\u201c wurde im Europ\u00e4ischen Bildungswerk durchgef\u00fchrt.<\/p>\n\n\n\n<figure class=\"wp-block-image size-large is-style-default\"><img loading=\"lazy\" decoding=\"async\" width=\"1024\" height=\"157\" src=\"https:\/\/www.ebg.de\/wp-content\/uploads\/2022\/10\/image-1024x157.png\" alt=\"\" class=\"wp-image-24774\" srcset=\"https:\/\/www.ebg.de\/wp-content\/uploads\/2022\/10\/image-1024x157.png 1024w, https:\/\/www.ebg.de\/wp-content\/uploads\/2022\/10\/image-300x46.png 300w, https:\/\/www.ebg.de\/wp-content\/uploads\/2022\/10\/image-768x118.png 768w, https:\/\/www.ebg.de\/wp-content\/uploads\/2022\/10\/image-900x138.png 900w, https:\/\/www.ebg.de\/wp-content\/uploads\/2022\/10\/image-1200x184.png 1200w, https:\/\/www.ebg.de\/wp-content\/uploads\/2022\/10\/image.png 1388w\" sizes=\"auto, (max-width: 1024px) 100vw, 1024px\" \/><\/figure>\n\n\n\n<p><br><\/p>\n\n\n\n<p><br><br><\/p>\n","protected":false},"excerpt":{"rendered":"<p>Am 28.06.2022 war es soweit: Die erste kodifizierte Zusatzqualifikation (ZQ) im Bereich der additiven Fertigungsverfahren wurde durch den Pr\u00fcfungsausschuss der IHK Magdeburg abgenommen.<\/p>\n","protected":false},"author":22,"featured_media":23427,"comment_status":"closed","ping_status":"closed","sticky":false,"template":"","format":"standard","meta":{"_acf_changed":false,"footnotes":""},"categories":[160],"tags":[],"class_list":["post-23377","post","type-post","status-publish","format-standard","has-post-thumbnail","hentry","category-technikum"],"acf":[],"yoast_head":"<!-- This site is optimized with the Yoast SEO plugin v26.9 - https:\/\/yoast.com\/product\/yoast-seo-wordpress\/ -->\n<title>Zusatzqualifikation: additive Fertigung<\/title>\n<meta name=\"description\" content=\"Damit die Transformation in der Metall- und Elektroindustrie gelingt, m\u00fcssen die Facharbeiter vom morgen, schon heute das Wissen vermittelt bekommen. Ausbildung im Technikum\" \/>\n<meta name=\"robots\" content=\"index, follow, max-snippet:-1, max-image-preview:large, max-video-preview:-1\" \/>\n<link rel=\"canonical\" href=\"https:\/\/www.ebg.de\/eroeffnung-des-technikums-magdeburg-2\/\" \/>\n<meta property=\"og:locale\" content=\"en_US\" \/>\n<meta property=\"og:type\" content=\"article\" \/>\n<meta property=\"og:title\" content=\"Zusatzqualifikation: additive Fertigung\" \/>\n<meta property=\"og:description\" content=\"Damit die Transformation in der Metall- und Elektroindustrie gelingt, m\u00fcssen die Facharbeiter vom morgen, schon heute das Wissen vermittelt bekommen. Ausbildung im Technikum\" \/>\n<meta property=\"og:url\" content=\"https:\/\/www.ebg.de\/eroeffnung-des-technikums-magdeburg-2\/\" \/>\n<meta property=\"og:site_name\" content=\"Europ\u00e4isches Bildungswerk f\u00fcr Beruf und Gesellschaft\" \/>\n<meta property=\"article:published_time\" content=\"2022-07-20T08:38:07+00:00\" \/>\n<meta property=\"article:modified_time\" content=\"2023-03-28T09:13:44+00:00\" \/>\n<meta property=\"og:image\" content=\"https:\/\/www.ebg.de\/wp-content\/uploads\/2022\/07\/IMG_7734-scaled.jpg\" \/>\n\t<meta property=\"og:image:width\" content=\"67\" \/>\n\t<meta property=\"og:image:height\" content=\"50\" \/>\n\t<meta property=\"og:image:type\" content=\"image\/jpeg\" \/>\n<meta name=\"author\" content=\"Stephan Deubner\" \/>\n<meta name=\"twitter:card\" content=\"summary_large_image\" \/>\n<meta name=\"twitter:label1\" content=\"Written by\" \/>\n\t<meta name=\"twitter:data1\" content=\"Stephan Deubner\" \/>\n\t<meta name=\"twitter:label2\" content=\"Est. reading time\" \/>\n\t<meta name=\"twitter:data2\" content=\"2 minutes\" \/>\n<!-- \/ Yoast SEO plugin. -->","yoast_head_json":{"title":"Zusatzqualifikation: additive Fertigung","description":"Damit die Transformation in der Metall- und Elektroindustrie gelingt, m\u00fcssen die Facharbeiter vom morgen, schon heute das Wissen vermittelt bekommen. Ausbildung im Technikum","robots":{"index":"index","follow":"follow","max-snippet":"max-snippet:-1","max-image-preview":"max-image-preview:large","max-video-preview":"max-video-preview:-1"},"canonical":"https:\/\/www.ebg.de\/eroeffnung-des-technikums-magdeburg-2\/","og_locale":"en_US","og_type":"article","og_title":"Zusatzqualifikation: additive Fertigung","og_description":"Damit die Transformation in der Metall- und Elektroindustrie gelingt, m\u00fcssen die Facharbeiter vom morgen, schon heute das Wissen vermittelt bekommen. Ausbildung im Technikum","og_url":"https:\/\/www.ebg.de\/eroeffnung-des-technikums-magdeburg-2\/","og_site_name":"Europ\u00e4isches Bildungswerk f\u00fcr Beruf und Gesellschaft","article_published_time":"2022-07-20T08:38:07+00:00","article_modified_time":"2023-03-28T09:13:44+00:00","og_image":[{"width":67,"height":50,"url":"https:\/\/www.ebg.de\/wp-content\/uploads\/2022\/07\/IMG_7734-scaled.jpg","type":"image\/jpeg"}],"author":"Stephan Deubner","twitter_card":"summary_large_image","twitter_misc":{"Written by":"Stephan Deubner","Est. reading time":"2 minutes"},"schema":{"@context":"https:\/\/schema.org","@graph":[{"@type":"Article","@id":"https:\/\/www.ebg.de\/eroeffnung-des-technikums-magdeburg-2\/#article","isPartOf":{"@id":"https:\/\/www.ebg.de\/eroeffnung-des-technikums-magdeburg-2\/"},"author":{"name":"Stephan Deubner","@id":"https:\/\/www.ebg.de\/#\/schema\/person\/af645ea1741029d9a44ae532ceb268bc"},"headline":"Zusatzqualifikation: additive Fertigung","datePublished":"2022-07-20T08:38:07+00:00","dateModified":"2023-03-28T09:13:44+00:00","mainEntityOfPage":{"@id":"https:\/\/www.ebg.de\/eroeffnung-des-technikums-magdeburg-2\/"},"wordCount":193,"image":{"@id":"https:\/\/www.ebg.de\/eroeffnung-des-technikums-magdeburg-2\/#primaryimage"},"thumbnailUrl":"https:\/\/www.ebg.de\/wp-content\/uploads\/2022\/07\/IMG_7734-scaled.jpg","articleSection":["Technikum"],"inLanguage":"en-US"},{"@type":"WebPage","@id":"https:\/\/www.ebg.de\/eroeffnung-des-technikums-magdeburg-2\/","url":"https:\/\/www.ebg.de\/eroeffnung-des-technikums-magdeburg-2\/","name":"Zusatzqualifikation: additive Fertigung","isPartOf":{"@id":"https:\/\/www.ebg.de\/#website"},"primaryImageOfPage":{"@id":"https:\/\/www.ebg.de\/eroeffnung-des-technikums-magdeburg-2\/#primaryimage"},"image":{"@id":"https:\/\/www.ebg.de\/eroeffnung-des-technikums-magdeburg-2\/#primaryimage"},"thumbnailUrl":"https:\/\/www.ebg.de\/wp-content\/uploads\/2022\/07\/IMG_7734-scaled.jpg","datePublished":"2022-07-20T08:38:07+00:00","dateModified":"2023-03-28T09:13:44+00:00","author":{"@id":"https:\/\/www.ebg.de\/#\/schema\/person\/af645ea1741029d9a44ae532ceb268bc"},"description":"Damit die Transformation in der Metall- und Elektroindustrie gelingt, m\u00fcssen die Facharbeiter vom morgen, schon heute das Wissen vermittelt bekommen. Ausbildung im Technikum","breadcrumb":{"@id":"https:\/\/www.ebg.de\/eroeffnung-des-technikums-magdeburg-2\/#breadcrumb"},"inLanguage":"en-US","potentialAction":[{"@type":"ReadAction","target":["https:\/\/www.ebg.de\/eroeffnung-des-technikums-magdeburg-2\/"]}]},{"@type":"ImageObject","inLanguage":"en-US","@id":"https:\/\/www.ebg.de\/eroeffnung-des-technikums-magdeburg-2\/#primaryimage","url":"https:\/\/www.ebg.de\/wp-content\/uploads\/2022\/07\/IMG_7734-scaled.jpg","contentUrl":"https:\/\/www.ebg.de\/wp-content\/uploads\/2022\/07\/IMG_7734-scaled.jpg","width":67,"height":50},{"@type":"BreadcrumbList","@id":"https:\/\/www.ebg.de\/eroeffnung-des-technikums-magdeburg-2\/#breadcrumb","itemListElement":[{"@type":"ListItem","position":1,"name":"Startseite","item":"https:\/\/www.ebg.de\/"},{"@type":"ListItem","position":2,"name":"Zusatzqualifikation: additive Fertigung"}]},{"@type":"WebSite","@id":"https:\/\/www.ebg.de\/#website","url":"https:\/\/www.ebg.de\/","name":"Europ\u00e4isches Bildungswerk f\u00fcr Beruf und Gesellschaft","description":"Bildung, Ausbildung und Weiterbildung","potentialAction":[{"@type":"SearchAction","target":{"@type":"EntryPoint","urlTemplate":"https:\/\/www.ebg.de\/?s={search_term_string}"},"query-input":{"@type":"PropertyValueSpecification","valueRequired":true,"valueName":"search_term_string"}}],"inLanguage":"en-US"},{"@type":"Person","@id":"https:\/\/www.ebg.de\/#\/schema\/person\/af645ea1741029d9a44ae532ceb268bc","name":"Stephan Deubner","image":{"@type":"ImageObject","inLanguage":"en-US","@id":"https:\/\/www.ebg.de\/#\/schema\/person\/image\/","url":"https:\/\/secure.gravatar.com\/avatar\/35731f6a08afa0518c45f153077f6135c0f41aa2ae0b76e850ef9508976a7bbe?s=96&d=mm&r=g","contentUrl":"https:\/\/secure.gravatar.com\/avatar\/35731f6a08afa0518c45f153077f6135c0f41aa2ae0b76e850ef9508976a7bbe?s=96&d=mm&r=g","caption":"Stephan Deubner"},"url":"https:\/\/www.ebg.de\/en\/author\/sdeubner\/"}]}},"_links":{"self":[{"href":"https:\/\/www.ebg.de\/en\/wp-json\/wp\/v2\/posts\/23377","targetHints":{"allow":["GET"]}}],"collection":[{"href":"https:\/\/www.ebg.de\/en\/wp-json\/wp\/v2\/posts"}],"about":[{"href":"https:\/\/www.ebg.de\/en\/wp-json\/wp\/v2\/types\/post"}],"author":[{"embeddable":true,"href":"https:\/\/www.ebg.de\/en\/wp-json\/wp\/v2\/users\/22"}],"replies":[{"embeddable":true,"href":"https:\/\/www.ebg.de\/en\/wp-json\/wp\/v2\/comments?post=23377"}],"version-history":[{"count":7,"href":"https:\/\/www.ebg.de\/en\/wp-json\/wp\/v2\/posts\/23377\/revisions"}],"predecessor-version":[{"id":28511,"href":"https:\/\/www.ebg.de\/en\/wp-json\/wp\/v2\/posts\/23377\/revisions\/28511"}],"wp:featuredmedia":[{"embeddable":true,"href":"https:\/\/www.ebg.de\/en\/wp-json\/wp\/v2\/media\/23427"}],"wp:attachment":[{"href":"https:\/\/www.ebg.de\/en\/wp-json\/wp\/v2\/media?parent=23377"}],"wp:term":[{"taxonomy":"category","embeddable":true,"href":"https:\/\/www.ebg.de\/en\/wp-json\/wp\/v2\/categories?post=23377"},{"taxonomy":"post_tag","embeddable":true,"href":"https:\/\/www.ebg.de\/en\/wp-json\/wp\/v2\/tags?post=23377"}],"curies":[{"name":"wp","href":"https:\/\/api.w.org\/{rel}","templated":true}]}}