{"id":23327,"date":"2022-07-15T11:35:21","date_gmt":"2022-07-15T09:35:21","guid":{"rendered":"https:\/\/www.ebg.de\/?p=23327"},"modified":"2022-07-25T08:59:12","modified_gmt":"2022-07-25T06:59:12","slug":"10-jaehriges-jubilaeum-halberstadt","status":"publish","type":"post","link":"https:\/\/www.ebg.de\/en\/10-jaehriges-jubilaeum-halberstadt\/","title":{"rendered":"Ein w\u00fcrdiges 10-j\u00e4hriges Jubil\u00e4um"},"content":{"rendered":"\n<p>Bedeutende G\u00e4ste die unser Schulleben begleiten und unterst\u00fctzen, fanden sich zum 10- J\u00e4hrigen Schuljubil\u00e4um in unseren feierlich geschm\u00fcckten R\u00e4umlichkeiten ein.<\/p>\n\n\n\n<figure class=\"wp-block-gallery has-nested-images columns-default is-cropped wp-block-gallery-1 is-layout-flex wp-block-gallery-is-layout-flex\">\n<figure class=\"wp-block-image size-large\"><img loading=\"lazy\" decoding=\"async\" width=\"2560\" height=\"1707\" data-id=\"23400\" src=\"https:\/\/www.ebg.de\/wp-content\/uploads\/2022\/07\/IMG_0027-1-scaled.jpg\" alt=\"\" class=\"wp-image-23400\" srcset=\"https:\/\/www.ebg.de\/wp-content\/uploads\/2022\/07\/IMG_0027-1-scaled.jpg 2560w, https:\/\/www.ebg.de\/wp-content\/uploads\/2022\/07\/IMG_0027-1-300x200.jpg 300w, https:\/\/www.ebg.de\/wp-content\/uploads\/2022\/07\/IMG_0027-1-1024x683.jpg 1024w, https:\/\/www.ebg.de\/wp-content\/uploads\/2022\/07\/IMG_0027-1-768x512.jpg 768w, https:\/\/www.ebg.de\/wp-content\/uploads\/2022\/07\/IMG_0027-1-1536x1024.jpg 1536w, https:\/\/www.ebg.de\/wp-content\/uploads\/2022\/07\/IMG_0027-1-2048x1365.jpg 2048w, https:\/\/www.ebg.de\/wp-content\/uploads\/2022\/07\/IMG_0027-1-900x600.jpg 900w, https:\/\/www.ebg.de\/wp-content\/uploads\/2022\/07\/IMG_0027-1-1200x800.jpg 1200w\" sizes=\"auto, (max-width: 2560px) 100vw, 2560px\" \/><\/figure>\n\n\n\n<figure class=\"wp-block-image size-large\"><img loading=\"lazy\" decoding=\"async\" width=\"2560\" height=\"1707\" data-id=\"23398\" src=\"https:\/\/www.ebg.de\/wp-content\/uploads\/2022\/07\/IMG_0009-1-scaled.jpg\" alt=\"\" class=\"wp-image-23398\" srcset=\"https:\/\/www.ebg.de\/wp-content\/uploads\/2022\/07\/IMG_0009-1-scaled.jpg 2560w, https:\/\/www.ebg.de\/wp-content\/uploads\/2022\/07\/IMG_0009-1-300x200.jpg 300w, https:\/\/www.ebg.de\/wp-content\/uploads\/2022\/07\/IMG_0009-1-1024x683.jpg 1024w, https:\/\/www.ebg.de\/wp-content\/uploads\/2022\/07\/IMG_0009-1-768x512.jpg 768w, https:\/\/www.ebg.de\/wp-content\/uploads\/2022\/07\/IMG_0009-1-1536x1024.jpg 1536w, https:\/\/www.ebg.de\/wp-content\/uploads\/2022\/07\/IMG_0009-1-2048x1365.jpg 2048w, https:\/\/www.ebg.de\/wp-content\/uploads\/2022\/07\/IMG_0009-1-900x600.jpg 900w, https:\/\/www.ebg.de\/wp-content\/uploads\/2022\/07\/IMG_0009-1-1200x800.jpg 1200w\" sizes=\"auto, (max-width: 2560px) 100vw, 2560px\" \/><\/figure>\n\n\n\n<figure class=\"wp-block-image size-large\"><img loading=\"lazy\" decoding=\"async\" width=\"2560\" height=\"1707\" data-id=\"23396\" src=\"https:\/\/www.ebg.de\/wp-content\/uploads\/2022\/07\/IMG_0005-scaled.jpg\" alt=\"\" class=\"wp-image-23396\" srcset=\"https:\/\/www.ebg.de\/wp-content\/uploads\/2022\/07\/IMG_0005-scaled.jpg 2560w, https:\/\/www.ebg.de\/wp-content\/uploads\/2022\/07\/IMG_0005-300x200.jpg 300w, https:\/\/www.ebg.de\/wp-content\/uploads\/2022\/07\/IMG_0005-1024x683.jpg 1024w, https:\/\/www.ebg.de\/wp-content\/uploads\/2022\/07\/IMG_0005-768x512.jpg 768w, https:\/\/www.ebg.de\/wp-content\/uploads\/2022\/07\/IMG_0005-1536x1024.jpg 1536w, https:\/\/www.ebg.de\/wp-content\/uploads\/2022\/07\/IMG_0005-2048x1365.jpg 2048w, https:\/\/www.ebg.de\/wp-content\/uploads\/2022\/07\/IMG_0005-900x600.jpg 900w, https:\/\/www.ebg.de\/wp-content\/uploads\/2022\/07\/IMG_0005-1200x800.jpg 1200w\" sizes=\"auto, (max-width: 2560px) 100vw, 2560px\" \/><\/figure>\n<\/figure>\n\n\n\n<p><\/p>\n\n\n\n<p>Nach der musikalischen Einstimmung schenkte die Gesellschaft bemerkenswerten Vortr\u00e4gen und Reden von Heike Brehmer (MdB), Dr. Ute Pott (Direktorin des Gleimhauses), Timo G\u00fcnther (stellv. Oberb\u00fcrgermeister Halberstadt) sowie dem Gesch\u00e4ftsf\u00fchrer des Europ\u00e4ischen Bildungswerkes Herrn Thilo Reichelt Geh\u00f6r.<\/p>\n\n\n\n<figure class=\"wp-block-gallery has-nested-images columns-default is-cropped wp-block-gallery-2 is-layout-flex wp-block-gallery-is-layout-flex\">\n<figure class=\"wp-block-image size-large\"><img loading=\"lazy\" decoding=\"async\" width=\"1024\" height=\"683\" data-id=\"23402\" src=\"https:\/\/www.ebg.de\/wp-content\/uploads\/2022\/07\/IMG_0035-2-1024x683.jpg\" alt=\"\" class=\"wp-image-23402\" srcset=\"https:\/\/www.ebg.de\/wp-content\/uploads\/2022\/07\/IMG_0035-2-1024x683.jpg 1024w, https:\/\/www.ebg.de\/wp-content\/uploads\/2022\/07\/IMG_0035-2-300x200.jpg 300w, https:\/\/www.ebg.de\/wp-content\/uploads\/2022\/07\/IMG_0035-2-768x512.jpg 768w, https:\/\/www.ebg.de\/wp-content\/uploads\/2022\/07\/IMG_0035-2-1536x1024.jpg 1536w, https:\/\/www.ebg.de\/wp-content\/uploads\/2022\/07\/IMG_0035-2-2048x1365.jpg 2048w, https:\/\/www.ebg.de\/wp-content\/uploads\/2022\/07\/IMG_0035-2-900x600.jpg 900w, https:\/\/www.ebg.de\/wp-content\/uploads\/2022\/07\/IMG_0035-2-1200x800.jpg 1200w\" sizes=\"auto, (max-width: 1024px) 100vw, 1024px\" \/><\/figure>\n\n\n\n<figure class=\"wp-block-image size-large\"><img loading=\"lazy\" decoding=\"async\" width=\"683\" height=\"1024\" data-id=\"23404\" src=\"https:\/\/www.ebg.de\/wp-content\/uploads\/2022\/07\/IMG_0067-683x1024.jpg\" alt=\"\" class=\"wp-image-23404\" srcset=\"https:\/\/www.ebg.de\/wp-content\/uploads\/2022\/07\/IMG_0067-683x1024.jpg 683w, https:\/\/www.ebg.de\/wp-content\/uploads\/2022\/07\/IMG_0067-200x300.jpg 200w, https:\/\/www.ebg.de\/wp-content\/uploads\/2022\/07\/IMG_0067-768x1152.jpg 768w, https:\/\/www.ebg.de\/wp-content\/uploads\/2022\/07\/IMG_0067-1024x1536.jpg 1024w, https:\/\/www.ebg.de\/wp-content\/uploads\/2022\/07\/IMG_0067-1365x2048.jpg 1365w, https:\/\/www.ebg.de\/wp-content\/uploads\/2022\/07\/IMG_0067-900x1350.jpg 900w, https:\/\/www.ebg.de\/wp-content\/uploads\/2022\/07\/IMG_0067-1200x1800.jpg 1200w, https:\/\/www.ebg.de\/wp-content\/uploads\/2022\/07\/IMG_0067-scaled.jpg 1707w\" sizes=\"auto, (max-width: 683px) 100vw, 683px\" \/><\/figure>\n\n\n\n<figure class=\"wp-block-image size-large\"><img loading=\"lazy\" decoding=\"async\" width=\"1024\" height=\"683\" data-id=\"23406\" src=\"https:\/\/www.ebg.de\/wp-content\/uploads\/2022\/07\/IMG_0088-1-1024x683.jpg\" alt=\"\" class=\"wp-image-23406\" srcset=\"https:\/\/www.ebg.de\/wp-content\/uploads\/2022\/07\/IMG_0088-1-1024x683.jpg 1024w, https:\/\/www.ebg.de\/wp-content\/uploads\/2022\/07\/IMG_0088-1-300x200.jpg 300w, https:\/\/www.ebg.de\/wp-content\/uploads\/2022\/07\/IMG_0088-1-768x512.jpg 768w, https:\/\/www.ebg.de\/wp-content\/uploads\/2022\/07\/IMG_0088-1-1536x1024.jpg 1536w, https:\/\/www.ebg.de\/wp-content\/uploads\/2022\/07\/IMG_0088-1-2048x1365.jpg 2048w, https:\/\/www.ebg.de\/wp-content\/uploads\/2022\/07\/IMG_0088-1-900x600.jpg 900w, https:\/\/www.ebg.de\/wp-content\/uploads\/2022\/07\/IMG_0088-1-1200x800.jpg 1200w\" sizes=\"auto, (max-width: 1024px) 100vw, 1024px\" \/><\/figure>\n<\/figure>\n\n\n\n<p>Nach einem belebenden Schulrundgang und einer abschlie\u00dfenden, rhythmisch unterlegten Verk\u00f6stigung, schloss sich der w\u00fcrdige Rahmen unseres 10-j\u00e4hrigen Jubil\u00e4ums.<br>Wir danken all unseren Arbeits- und Kooperationspartnern, dem Dozenten- sowie Kollegenteam unserer Schule und den Sch\u00fclerinnen und Sch\u00fclern f\u00fcr diesen gelungenen und denkw\u00fcrdigen Tag!<\/p>\n\n\n\n<figure class=\"wp-block-gallery has-nested-images columns-default is-cropped wp-block-gallery-3 is-layout-flex wp-block-gallery-is-layout-flex\">\n<figure class=\"wp-block-image size-large\"><img loading=\"lazy\" decoding=\"async\" width=\"1024\" height=\"683\" data-id=\"23408\" src=\"https:\/\/www.ebg.de\/wp-content\/uploads\/2022\/07\/IMG_0093-1-1024x683.jpg\" alt=\"\" class=\"wp-image-23408\" srcset=\"https:\/\/www.ebg.de\/wp-content\/uploads\/2022\/07\/IMG_0093-1-1024x683.jpg 1024w, https:\/\/www.ebg.de\/wp-content\/uploads\/2022\/07\/IMG_0093-1-300x200.jpg 300w, https:\/\/www.ebg.de\/wp-content\/uploads\/2022\/07\/IMG_0093-1-768x512.jpg 768w, https:\/\/www.ebg.de\/wp-content\/uploads\/2022\/07\/IMG_0093-1-1536x1024.jpg 1536w, https:\/\/www.ebg.de\/wp-content\/uploads\/2022\/07\/IMG_0093-1-2048x1365.jpg 2048w, https:\/\/www.ebg.de\/wp-content\/uploads\/2022\/07\/IMG_0093-1-900x600.jpg 900w, https:\/\/www.ebg.de\/wp-content\/uploads\/2022\/07\/IMG_0093-1-1200x800.jpg 1200w\" sizes=\"auto, (max-width: 1024px) 100vw, 1024px\" \/><\/figure>\n\n\n\n<figure class=\"wp-block-image size-large\"><img loading=\"lazy\" decoding=\"async\" width=\"1024\" height=\"683\" data-id=\"23410\" src=\"https:\/\/www.ebg.de\/wp-content\/uploads\/2022\/07\/IMG_0130-1024x683.jpg\" alt=\"\" class=\"wp-image-23410\" srcset=\"https:\/\/www.ebg.de\/wp-content\/uploads\/2022\/07\/IMG_0130-1024x683.jpg 1024w, https:\/\/www.ebg.de\/wp-content\/uploads\/2022\/07\/IMG_0130-300x200.jpg 300w, https:\/\/www.ebg.de\/wp-content\/uploads\/2022\/07\/IMG_0130-768x512.jpg 768w, https:\/\/www.ebg.de\/wp-content\/uploads\/2022\/07\/IMG_0130-1536x1024.jpg 1536w, https:\/\/www.ebg.de\/wp-content\/uploads\/2022\/07\/IMG_0130-2048x1365.jpg 2048w, https:\/\/www.ebg.de\/wp-content\/uploads\/2022\/07\/IMG_0130-900x600.jpg 900w, https:\/\/www.ebg.de\/wp-content\/uploads\/2022\/07\/IMG_0130-1200x800.jpg 1200w\" sizes=\"auto, (max-width: 1024px) 100vw, 1024px\" \/><\/figure>\n\n\n\n<figure class=\"wp-block-image size-large\"><img loading=\"lazy\" decoding=\"async\" width=\"683\" height=\"1024\" data-id=\"23412\" src=\"https:\/\/www.ebg.de\/wp-content\/uploads\/2022\/07\/IMG_0155-1-683x1024.jpg\" alt=\"\" class=\"wp-image-23412\" srcset=\"https:\/\/www.ebg.de\/wp-content\/uploads\/2022\/07\/IMG_0155-1-683x1024.jpg 683w, https:\/\/www.ebg.de\/wp-content\/uploads\/2022\/07\/IMG_0155-1-200x300.jpg 200w, https:\/\/www.ebg.de\/wp-content\/uploads\/2022\/07\/IMG_0155-1-768x1152.jpg 768w, https:\/\/www.ebg.de\/wp-content\/uploads\/2022\/07\/IMG_0155-1-1024x1536.jpg 1024w, https:\/\/www.ebg.de\/wp-content\/uploads\/2022\/07\/IMG_0155-1-1365x2048.jpg 1365w, https:\/\/www.ebg.de\/wp-content\/uploads\/2022\/07\/IMG_0155-1-900x1350.jpg 900w, https:\/\/www.ebg.de\/wp-content\/uploads\/2022\/07\/IMG_0155-1-1200x1800.jpg 1200w, https:\/\/www.ebg.de\/wp-content\/uploads\/2022\/07\/IMG_0155-1-scaled.jpg 1707w\" sizes=\"auto, (max-width: 683px) 100vw, 683px\" \/><\/figure>\n<\/figure>\n\n\n\n<p><\/p>\n\n\n\n<p>             <\/p>\n","protected":false},"excerpt":{"rendered":"<p>Am 15.06.22 um 11.00 Uhr erstrahlte unser Musikraum in einem ganz neuen Ambiente.<\/p>\n","protected":false},"author":22,"featured_media":23549,"comment_status":"closed","ping_status":"closed","sticky":false,"template":"","format":"standard","meta":{"_acf_changed":false,"footnotes":""},"categories":[22],"tags":[],"class_list":["post-23327","post","type-post","status-publish","format-standard","has-post-thumbnail","hentry","category-news-gf"],"acf":[],"yoast_head":"<!-- This site is optimized with the Yoast SEO plugin v26.9 - https:\/\/yoast.com\/product\/yoast-seo-wordpress\/ -->\n<title>Ein w\u00fcrdiges 10-j\u00e4hriges Jubil\u00e4um -<\/title>\n<meta name=\"description\" content=\"Bedeutende G\u00e4ste die unser Schulleben begleiten und unterst\u00fctzen, fanden sich zum 10- J\u00e4hrigen Schuljubil\u00e4um in unseren feierlich geschm\u00fcckten R\u00e4umlichkeiten im Fach- und Berufsfachschulzentrum Halberstadt ein.\" \/>\n<meta name=\"robots\" content=\"index, follow, max-snippet:-1, max-image-preview:large, max-video-preview:-1\" \/>\n<link rel=\"canonical\" href=\"https:\/\/www.ebg.de\/10-jaehriges-jubilaeum-halberstadt\/\" \/>\n<meta property=\"og:locale\" content=\"en_US\" \/>\n<meta property=\"og:type\" content=\"article\" \/>\n<meta property=\"og:title\" content=\"Ein w\u00fcrdiges 10-j\u00e4hriges Jubil\u00e4um -\" \/>\n<meta property=\"og:description\" content=\"Bedeutende G\u00e4ste die unser Schulleben begleiten und unterst\u00fctzen, fanden sich zum 10- J\u00e4hrigen Schuljubil\u00e4um in unseren feierlich geschm\u00fcckten R\u00e4umlichkeiten im Fach- und Berufsfachschulzentrum Halberstadt ein.\" \/>\n<meta property=\"og:url\" content=\"https:\/\/www.ebg.de\/10-jaehriges-jubilaeum-halberstadt\/\" \/>\n<meta property=\"og:site_name\" content=\"Europ\u00e4isches Bildungswerk f\u00fcr Beruf und Gesellschaft\" \/>\n<meta property=\"article:published_time\" content=\"2022-07-15T09:35:21+00:00\" \/>\n<meta property=\"article:modified_time\" content=\"2022-07-25T06:59:12+00:00\" \/>\n<meta property=\"og:image\" content=\"https:\/\/www.ebg.de\/wp-content\/uploads\/2022\/07\/IMG_9945-scaled.jpg\" \/>\n\t<meta property=\"og:image:width\" content=\"75\" \/>\n\t<meta property=\"og:image:height\" content=\"50\" \/>\n\t<meta property=\"og:image:type\" content=\"image\/jpeg\" \/>\n<meta name=\"author\" content=\"Stephan Deubner\" \/>\n<meta name=\"twitter:card\" content=\"summary_large_image\" \/>\n<meta name=\"twitter:label1\" content=\"Written by\" \/>\n\t<meta name=\"twitter:data1\" content=\"Stephan Deubner\" \/>\n\t<meta name=\"twitter:label2\" content=\"Est. reading time\" \/>\n\t<meta name=\"twitter:data2\" content=\"3 minutes\" \/>\n<!-- \/ Yoast SEO plugin. -->","yoast_head_json":{"title":"Ein w\u00fcrdiges 10-j\u00e4hriges Jubil\u00e4um -","description":"Bedeutende G\u00e4ste die unser Schulleben begleiten und unterst\u00fctzen, fanden sich zum 10- J\u00e4hrigen Schuljubil\u00e4um in unseren feierlich geschm\u00fcckten R\u00e4umlichkeiten im Fach- und Berufsfachschulzentrum Halberstadt ein.","robots":{"index":"index","follow":"follow","max-snippet":"max-snippet:-1","max-image-preview":"max-image-preview:large","max-video-preview":"max-video-preview:-1"},"canonical":"https:\/\/www.ebg.de\/10-jaehriges-jubilaeum-halberstadt\/","og_locale":"en_US","og_type":"article","og_title":"Ein w\u00fcrdiges 10-j\u00e4hriges Jubil\u00e4um -","og_description":"Bedeutende G\u00e4ste die unser Schulleben begleiten und unterst\u00fctzen, fanden sich zum 10- J\u00e4hrigen Schuljubil\u00e4um in unseren feierlich geschm\u00fcckten R\u00e4umlichkeiten im Fach- und Berufsfachschulzentrum Halberstadt ein.","og_url":"https:\/\/www.ebg.de\/10-jaehriges-jubilaeum-halberstadt\/","og_site_name":"Europ\u00e4isches Bildungswerk f\u00fcr Beruf und Gesellschaft","article_published_time":"2022-07-15T09:35:21+00:00","article_modified_time":"2022-07-25T06:59:12+00:00","og_image":[{"width":75,"height":50,"url":"https:\/\/www.ebg.de\/wp-content\/uploads\/2022\/07\/IMG_9945-scaled.jpg","type":"image\/jpeg"}],"author":"Stephan Deubner","twitter_card":"summary_large_image","twitter_misc":{"Written by":"Stephan Deubner","Est. reading time":"3 minutes"},"schema":{"@context":"https:\/\/schema.org","@graph":[{"@type":"Article","@id":"https:\/\/www.ebg.de\/10-jaehriges-jubilaeum-halberstadt\/#article","isPartOf":{"@id":"https:\/\/www.ebg.de\/10-jaehriges-jubilaeum-halberstadt\/"},"author":{"name":"Stephan Deubner","@id":"https:\/\/www.ebg.de\/#\/schema\/person\/af645ea1741029d9a44ae532ceb268bc"},"headline":"Ein w\u00fcrdiges 10-j\u00e4hriges Jubil\u00e4um","datePublished":"2022-07-15T09:35:21+00:00","dateModified":"2022-07-25T06:59:12+00:00","mainEntityOfPage":{"@id":"https:\/\/www.ebg.de\/10-jaehriges-jubilaeum-halberstadt\/"},"wordCount":127,"image":{"@id":"https:\/\/www.ebg.de\/10-jaehriges-jubilaeum-halberstadt\/#primaryimage"},"thumbnailUrl":"https:\/\/www.ebg.de\/wp-content\/uploads\/2022\/07\/IMG_9945-scaled.jpg","articleSection":["News-GF"],"inLanguage":"en-US"},{"@type":"WebPage","@id":"https:\/\/www.ebg.de\/10-jaehriges-jubilaeum-halberstadt\/","url":"https:\/\/www.ebg.de\/10-jaehriges-jubilaeum-halberstadt\/","name":"Ein w\u00fcrdiges 10-j\u00e4hriges Jubil\u00e4um -","isPartOf":{"@id":"https:\/\/www.ebg.de\/#website"},"primaryImageOfPage":{"@id":"https:\/\/www.ebg.de\/10-jaehriges-jubilaeum-halberstadt\/#primaryimage"},"image":{"@id":"https:\/\/www.ebg.de\/10-jaehriges-jubilaeum-halberstadt\/#primaryimage"},"thumbnailUrl":"https:\/\/www.ebg.de\/wp-content\/uploads\/2022\/07\/IMG_9945-scaled.jpg","datePublished":"2022-07-15T09:35:21+00:00","dateModified":"2022-07-25T06:59:12+00:00","author":{"@id":"https:\/\/www.ebg.de\/#\/schema\/person\/af645ea1741029d9a44ae532ceb268bc"},"description":"Bedeutende G\u00e4ste die unser Schulleben begleiten und unterst\u00fctzen, fanden sich zum 10- J\u00e4hrigen Schuljubil\u00e4um in unseren feierlich geschm\u00fcckten R\u00e4umlichkeiten im Fach- und Berufsfachschulzentrum Halberstadt ein.","breadcrumb":{"@id":"https:\/\/www.ebg.de\/10-jaehriges-jubilaeum-halberstadt\/#breadcrumb"},"inLanguage":"en-US","potentialAction":[{"@type":"ReadAction","target":["https:\/\/www.ebg.de\/10-jaehriges-jubilaeum-halberstadt\/"]}]},{"@type":"ImageObject","inLanguage":"en-US","@id":"https:\/\/www.ebg.de\/10-jaehriges-jubilaeum-halberstadt\/#primaryimage","url":"https:\/\/www.ebg.de\/wp-content\/uploads\/2022\/07\/IMG_9945-scaled.jpg","contentUrl":"https:\/\/www.ebg.de\/wp-content\/uploads\/2022\/07\/IMG_9945-scaled.jpg","width":75,"height":50},{"@type":"BreadcrumbList","@id":"https:\/\/www.ebg.de\/10-jaehriges-jubilaeum-halberstadt\/#breadcrumb","itemListElement":[{"@type":"ListItem","position":1,"name":"Startseite","item":"https:\/\/www.ebg.de\/"},{"@type":"ListItem","position":2,"name":"Ein w\u00fcrdiges 10-j\u00e4hriges Jubil\u00e4um"}]},{"@type":"WebSite","@id":"https:\/\/www.ebg.de\/#website","url":"https:\/\/www.ebg.de\/","name":"Europ\u00e4isches Bildungswerk f\u00fcr Beruf und Gesellschaft","description":"Bildung, Ausbildung und Weiterbildung","potentialAction":[{"@type":"SearchAction","target":{"@type":"EntryPoint","urlTemplate":"https:\/\/www.ebg.de\/?s={search_term_string}"},"query-input":{"@type":"PropertyValueSpecification","valueRequired":true,"valueName":"search_term_string"}}],"inLanguage":"en-US"},{"@type":"Person","@id":"https:\/\/www.ebg.de\/#\/schema\/person\/af645ea1741029d9a44ae532ceb268bc","name":"Stephan Deubner","image":{"@type":"ImageObject","inLanguage":"en-US","@id":"https:\/\/www.ebg.de\/#\/schema\/person\/image\/","url":"https:\/\/secure.gravatar.com\/avatar\/35731f6a08afa0518c45f153077f6135c0f41aa2ae0b76e850ef9508976a7bbe?s=96&d=mm&r=g","contentUrl":"https:\/\/secure.gravatar.com\/avatar\/35731f6a08afa0518c45f153077f6135c0f41aa2ae0b76e850ef9508976a7bbe?s=96&d=mm&r=g","caption":"Stephan Deubner"},"url":"https:\/\/www.ebg.de\/en\/author\/sdeubner\/"}]}},"_links":{"self":[{"href":"https:\/\/www.ebg.de\/en\/wp-json\/wp\/v2\/posts\/23327","targetHints":{"allow":["GET"]}}],"collection":[{"href":"https:\/\/www.ebg.de\/en\/wp-json\/wp\/v2\/posts"}],"about":[{"href":"https:\/\/www.ebg.de\/en\/wp-json\/wp\/v2\/types\/post"}],"author":[{"embeddable":true,"href":"https:\/\/www.ebg.de\/en\/wp-json\/wp\/v2\/users\/22"}],"replies":[{"embeddable":true,"href":"https:\/\/www.ebg.de\/en\/wp-json\/wp\/v2\/comments?post=23327"}],"version-history":[{"count":5,"href":"https:\/\/www.ebg.de\/en\/wp-json\/wp\/v2\/posts\/23327\/revisions"}],"predecessor-version":[{"id":23459,"href":"https:\/\/www.ebg.de\/en\/wp-json\/wp\/v2\/posts\/23327\/revisions\/23459"}],"wp:featuredmedia":[{"embeddable":true,"href":"https:\/\/www.ebg.de\/en\/wp-json\/wp\/v2\/media\/23549"}],"wp:attachment":[{"href":"https:\/\/www.ebg.de\/en\/wp-json\/wp\/v2\/media?parent=23327"}],"wp:term":[{"taxonomy":"category","embeddable":true,"href":"https:\/\/www.ebg.de\/en\/wp-json\/wp\/v2\/categories?post=23327"},{"taxonomy":"post_tag","embeddable":true,"href":"https:\/\/www.ebg.de\/en\/wp-json\/wp\/v2\/tags?post=23327"}],"curies":[{"name":"wp","href":"https:\/\/api.w.org\/{rel}","templated":true}]}}