{"id":23034,"date":"2022-07-07T12:56:30","date_gmt":"2022-07-07T10:56:30","guid":{"rendered":"https:\/\/www.ebg.de\/?p=23034"},"modified":"2022-07-07T13:46:20","modified_gmt":"2022-07-07T11:46:20","slug":"wirsindeinteam","status":"publish","type":"post","link":"https:\/\/www.ebg.de\/en\/wirsindeinteam\/","title":{"rendered":"#wirsindeinteam"},"content":{"rendered":"\n<p>Bereits zum dritten Mal fand die <strong>Firmenstaffel DIGITAL<\/strong> in Sachsen-Anhalt statt. Im Zeitraum vom <strong>01.05. bis 07.07.22<\/strong> gab es sportliche Kopf-an-Kopf-Rennen unter den <strong>191 beteiligten Unternehmen<\/strong>, die insgesamt <strong>4560 L\u00e4uferInnen<\/strong> an den Start brachten. Darunter auch das Fach- und Berufsfachschulzentrum des <strong>EBG in Magdeburg<\/strong>.<\/p>\n\n\n\n<p>Dieses Team bestehend aus <strong>18 Teilnehmenden<\/strong> stellte in diesem Jahr einen beachtlichen neuen Rekord auf: Insgesamt sammelten die sich beteiligten Sch\u00fclerInnen und Lehrkr\u00e4fte <strong>2214 km<\/strong> und sicherten sich somit den <strong>84. Platz<\/strong> in der Firmenwertung Gesamtkilometer sowie den <strong>23. Platz<\/strong> in der Firmenwertung Kilometer pro Mitarbeiter.<\/p>\n\n\n\n<p>Nicht zu vergessen an dieser Stelle sind auch die Einzelwertungen innerhalb des Teams. Die <strong>Top 3<\/strong> unter den Sch\u00fclerInnen erbrachte beeindruckende Ergebnisse:<\/p>\n\n\n\n<p>Platz 1: Sandy Lorenz (316 km)<\/p>\n\n\n\n<p>Platz 2: Janin Bosse (281 km)<\/p>\n\n\n\n<p>Platz 3: Doreen Hauck (209 km)<\/p>\n\n\n\n<p>Die Teamkapit\u00e4ne bedanken sich bei allen Beteiligten und Unterst\u00fctzern und w\u00fcnschen auch in Zukunft: <strong>Sport frei!<\/strong><\/p>\n","protected":false},"excerpt":{"rendered":"<p>Bereits zum dritten Mal fand die Firmenstaffel DIGITAL in Sachsen-Anhalt statt.<\/p>\n","protected":false},"author":21,"featured_media":23035,"comment_status":"closed","ping_status":"closed","sticky":false,"template":"","format":"standard","meta":{"_acf_changed":false,"footnotes":""},"categories":[19],"tags":[],"class_list":["post-23034","post","type-post","status-publish","format-standard","has-post-thumbnail","hentry","category-news-magdeburg-schulen"],"acf":[],"yoast_head":"<!-- This site is optimized with the Yoast SEO plugin v26.9 - https:\/\/yoast.com\/product\/yoast-seo-wordpress\/ -->\n<title>#wirsindeinteam - Europ\u00e4isches Bildungswerk f\u00fcr Beruf und Gesellschaft<\/title>\n<meta name=\"robots\" content=\"index, follow, max-snippet:-1, max-image-preview:large, max-video-preview:-1\" \/>\n<link rel=\"canonical\" href=\"https:\/\/www.ebg.de\/wirsindeinteam\/?lang=en\" \/>\n<meta property=\"og:locale\" content=\"en_US\" \/>\n<meta property=\"og:type\" content=\"article\" \/>\n<meta property=\"og:title\" content=\"#wirsindeinteam - Europ\u00e4isches Bildungswerk f\u00fcr Beruf und Gesellschaft\" \/>\n<meta property=\"og:description\" content=\"Bereits zum dritten Mal fand die Firmenstaffel DIGITAL in Sachsen-Anhalt statt.\" \/>\n<meta property=\"og:url\" content=\"https:\/\/www.ebg.de\/wirsindeinteam\/?lang=en\" \/>\n<meta property=\"og:site_name\" content=\"Europ\u00e4isches Bildungswerk f\u00fcr Beruf und Gesellschaft\" \/>\n<meta property=\"article:published_time\" content=\"2022-07-07T10:56:30+00:00\" \/>\n<meta property=\"article:modified_time\" content=\"2022-07-07T11:46:20+00:00\" \/>\n<meta property=\"og:image\" content=\"https:\/\/www.ebg.de\/wp-content\/uploads\/2022\/07\/Firmenstaffel-2022.jpg\" \/>\n\t<meta property=\"og:image:width\" content=\"304\" \/>\n\t<meta property=\"og:image:height\" content=\"405\" \/>\n\t<meta property=\"og:image:type\" content=\"image\/jpeg\" \/>\n<meta name=\"author\" content=\"Annett Schuldt\" \/>\n<meta name=\"twitter:card\" content=\"summary_large_image\" \/>\n<meta name=\"twitter:label1\" content=\"Written by\" \/>\n\t<meta name=\"twitter:data1\" content=\"Annett Schuldt\" \/>\n\t<meta name=\"twitter:label2\" content=\"Est. reading time\" \/>\n\t<meta name=\"twitter:data2\" content=\"1 minute\" \/>\n<!-- \/ Yoast SEO plugin. -->","yoast_head_json":{"title":"#wirsindeinteam - Europ\u00e4isches Bildungswerk f\u00fcr Beruf und Gesellschaft","robots":{"index":"index","follow":"follow","max-snippet":"max-snippet:-1","max-image-preview":"max-image-preview:large","max-video-preview":"max-video-preview:-1"},"canonical":"https:\/\/www.ebg.de\/wirsindeinteam\/?lang=en","og_locale":"en_US","og_type":"article","og_title":"#wirsindeinteam - Europ\u00e4isches Bildungswerk f\u00fcr Beruf und Gesellschaft","og_description":"Bereits zum dritten Mal fand die Firmenstaffel DIGITAL in Sachsen-Anhalt statt.","og_url":"https:\/\/www.ebg.de\/wirsindeinteam\/?lang=en","og_site_name":"Europ\u00e4isches Bildungswerk f\u00fcr Beruf und Gesellschaft","article_published_time":"2022-07-07T10:56:30+00:00","article_modified_time":"2022-07-07T11:46:20+00:00","og_image":[{"width":304,"height":405,"url":"https:\/\/www.ebg.de\/wp-content\/uploads\/2022\/07\/Firmenstaffel-2022.jpg","type":"image\/jpeg"}],"author":"Annett Schuldt","twitter_card":"summary_large_image","twitter_misc":{"Written by":"Annett Schuldt","Est. reading time":"1 minute"},"schema":{"@context":"https:\/\/schema.org","@graph":[{"@type":"Article","@id":"https:\/\/www.ebg.de\/wirsindeinteam\/?lang=en#article","isPartOf":{"@id":"https:\/\/www.ebg.de\/wirsindeinteam\/?lang=en"},"author":{"name":"Annett Schuldt","@id":"https:\/\/www.ebg.de\/#\/schema\/person\/d9d18d8e217556f034719e96291a453e"},"headline":"#wirsindeinteam","datePublished":"2022-07-07T10:56:30+00:00","dateModified":"2022-07-07T11:46:20+00:00","mainEntityOfPage":{"@id":"https:\/\/www.ebg.de\/wirsindeinteam\/?lang=en"},"wordCount":139,"image":{"@id":"https:\/\/www.ebg.de\/wirsindeinteam\/?lang=en#primaryimage"},"thumbnailUrl":"https:\/\/www.ebg.de\/wp-content\/uploads\/2022\/07\/Firmenstaffel-2022.jpg","articleSection":["News - Magdeburg Schulen"],"inLanguage":"en-US"},{"@type":"WebPage","@id":"https:\/\/www.ebg.de\/wirsindeinteam\/?lang=en","url":"https:\/\/www.ebg.de\/wirsindeinteam\/?lang=en","name":"#wirsindeinteam - Europ\u00e4isches Bildungswerk f\u00fcr Beruf und Gesellschaft","isPartOf":{"@id":"https:\/\/www.ebg.de\/#website"},"primaryImageOfPage":{"@id":"https:\/\/www.ebg.de\/wirsindeinteam\/?lang=en#primaryimage"},"image":{"@id":"https:\/\/www.ebg.de\/wirsindeinteam\/?lang=en#primaryimage"},"thumbnailUrl":"https:\/\/www.ebg.de\/wp-content\/uploads\/2022\/07\/Firmenstaffel-2022.jpg","datePublished":"2022-07-07T10:56:30+00:00","dateModified":"2022-07-07T11:46:20+00:00","author":{"@id":"https:\/\/www.ebg.de\/#\/schema\/person\/d9d18d8e217556f034719e96291a453e"},"breadcrumb":{"@id":"https:\/\/www.ebg.de\/wirsindeinteam\/?lang=en#breadcrumb"},"inLanguage":"en-US","potentialAction":[{"@type":"ReadAction","target":["https:\/\/www.ebg.de\/wirsindeinteam\/?lang=en"]}]},{"@type":"ImageObject","inLanguage":"en-US","@id":"https:\/\/www.ebg.de\/wirsindeinteam\/?lang=en#primaryimage","url":"https:\/\/www.ebg.de\/wp-content\/uploads\/2022\/07\/Firmenstaffel-2022.jpg","contentUrl":"https:\/\/www.ebg.de\/wp-content\/uploads\/2022\/07\/Firmenstaffel-2022.jpg","width":304,"height":405},{"@type":"BreadcrumbList","@id":"https:\/\/www.ebg.de\/wirsindeinteam\/?lang=en#breadcrumb","itemListElement":[{"@type":"ListItem","position":1,"name":"Startseite","item":"https:\/\/www.ebg.de\/"},{"@type":"ListItem","position":2,"name":"#wirsindeinteam"}]},{"@type":"WebSite","@id":"https:\/\/www.ebg.de\/#website","url":"https:\/\/www.ebg.de\/","name":"Europ\u00e4isches Bildungswerk f\u00fcr Beruf und Gesellschaft","description":"Bildung, Ausbildung und Weiterbildung","potentialAction":[{"@type":"SearchAction","target":{"@type":"EntryPoint","urlTemplate":"https:\/\/www.ebg.de\/?s={search_term_string}"},"query-input":{"@type":"PropertyValueSpecification","valueRequired":true,"valueName":"search_term_string"}}],"inLanguage":"en-US"},{"@type":"Person","@id":"https:\/\/www.ebg.de\/#\/schema\/person\/d9d18d8e217556f034719e96291a453e","name":"Annett Schuldt","image":{"@type":"ImageObject","inLanguage":"en-US","@id":"https:\/\/www.ebg.de\/#\/schema\/person\/image\/","url":"https:\/\/secure.gravatar.com\/avatar\/abe19a9ad2aaf0199ddc3283fe9aaec50317447b19cc4ffbef6a0d142bb1e674?s=96&d=mm&r=g","contentUrl":"https:\/\/secure.gravatar.com\/avatar\/abe19a9ad2aaf0199ddc3283fe9aaec50317447b19cc4ffbef6a0d142bb1e674?s=96&d=mm&r=g","caption":"Annett Schuldt"},"url":"https:\/\/www.ebg.de\/en\/author\/aschuldt\/"}]}},"_links":{"self":[{"href":"https:\/\/www.ebg.de\/en\/wp-json\/wp\/v2\/posts\/23034","targetHints":{"allow":["GET"]}}],"collection":[{"href":"https:\/\/www.ebg.de\/en\/wp-json\/wp\/v2\/posts"}],"about":[{"href":"https:\/\/www.ebg.de\/en\/wp-json\/wp\/v2\/types\/post"}],"author":[{"embeddable":true,"href":"https:\/\/www.ebg.de\/en\/wp-json\/wp\/v2\/users\/21"}],"replies":[{"embeddable":true,"href":"https:\/\/www.ebg.de\/en\/wp-json\/wp\/v2\/comments?post=23034"}],"version-history":[{"count":3,"href":"https:\/\/www.ebg.de\/en\/wp-json\/wp\/v2\/posts\/23034\/revisions"}],"predecessor-version":[{"id":23041,"href":"https:\/\/www.ebg.de\/en\/wp-json\/wp\/v2\/posts\/23034\/revisions\/23041"}],"wp:featuredmedia":[{"embeddable":true,"href":"https:\/\/www.ebg.de\/en\/wp-json\/wp\/v2\/media\/23035"}],"wp:attachment":[{"href":"https:\/\/www.ebg.de\/en\/wp-json\/wp\/v2\/media?parent=23034"}],"wp:term":[{"taxonomy":"category","embeddable":true,"href":"https:\/\/www.ebg.de\/en\/wp-json\/wp\/v2\/categories?post=23034"},{"taxonomy":"post_tag","embeddable":true,"href":"https:\/\/www.ebg.de\/en\/wp-json\/wp\/v2\/tags?post=23034"}],"curies":[{"name":"wp","href":"https:\/\/api.w.org\/{rel}","templated":true}]}}