{"id":2188,"date":"2018-07-26T11:18:09","date_gmt":"2018-07-26T09:18:09","guid":{"rendered":"http:\/\/www.ebg.de\/?p=2188"},"modified":"2018-11-01T09:23:56","modified_gmt":"2018-11-01T08:23:56","slug":"neue-homepage-online","status":"publish","type":"post","link":"https:\/\/www.ebg.de\/en\/neue-homepage-online\/","title":{"rendered":"Neue Homepage online!"},"content":{"rendered":"<p>Willkommen beim neuen Internetauftritt des Europ\u00e4ischen Bildungswerkes f\u00fcr Beruf und Gesellschaft.<br \/>\nP\u00fcnktlich zum neuen Schuljahr freuen wir uns, unsere neue Homepage pr\u00e4sentieren zu k\u00f6nnen.<!--more-->Rund sechs Jahre nach dem letzten Relaunch haben wir jetzt unsere Webseite runderneuert.<br \/>\nUnser neues Design ist nun \u00fcbersichtlicher gegliedert. Wir bieten allen Interessierten umfangreiche Informationen \u00fcber unser Leistungsspektrum und unser Unternehmen. Durch eine einfache Bedienoberfl\u00e4che, k\u00f6nnen Sie auch schnell und unkompliziert einen Eindruck \u00fcber unsere Fachschulen, Ausbildungszentren, Standorte und Aktivit\u00e4ten erhalten.<\/p>\n<p>Wir freuen uns \u00fcber Lob und Kritik.<br \/>\nSollten sich kleine Fehler eingeschlichen haben, k\u00f6nnen Sie uns noch Verbesserungsvorschl\u00e4ge schicken,<\/p>\n<p class=\"BigText\">Wir w\u00fcnschen Ihnen viel Spa\u00df auf unserer neuen Homepage!<\/p>\n<p>&nbsp;<\/p>\n<p>&nbsp;<\/p>\n","protected":false},"excerpt":{"rendered":"<p>Willkommen beim neuen Internetauftritt des Europ\u00e4ischen Bildungswerkes f\u00fcr Beruf und Gesellschaft. P\u00fcnktlich zum neuen Schuljahr freuen wir uns, unsere neue Homepage pr\u00e4sentieren zu k\u00f6nnen.<\/p>\n","protected":false},"author":2,"featured_media":2189,"comment_status":"closed","ping_status":"closed","sticky":false,"template":"","format":"standard","meta":{"_acf_changed":false,"footnotes":""},"categories":[19,20],"tags":[],"class_list":["post-2188","post","type-post","status-publish","format-standard","has-post-thumbnail","hentry","category-news-magdeburg-schulen","category-news-startseite"],"acf":[],"yoast_head":"<!-- This site is optimized with the Yoast SEO plugin v26.9 - https:\/\/yoast.com\/product\/yoast-seo-wordpress\/ -->\n<title>Neue Homepage online! - Europ\u00e4isches Bildungswerk f\u00fcr Beruf und Gesellschaft<\/title>\n<meta name=\"robots\" content=\"index, follow, max-snippet:-1, max-image-preview:large, max-video-preview:-1\" \/>\n<link rel=\"canonical\" href=\"https:\/\/www.ebg.de\/neue-homepage-online\/\" \/>\n<meta property=\"og:locale\" content=\"en_US\" \/>\n<meta property=\"og:type\" content=\"article\" \/>\n<meta property=\"og:title\" content=\"Neue Homepage online! - Europ\u00e4isches Bildungswerk f\u00fcr Beruf und Gesellschaft\" \/>\n<meta property=\"og:description\" content=\"Willkommen beim neuen Internetauftritt des Europ\u00e4ischen Bildungswerkes f\u00fcr Beruf und Gesellschaft. P\u00fcnktlich zum neuen Schuljahr freuen wir uns, unsere neue Homepage pr\u00e4sentieren zu k\u00f6nnen.\" \/>\n<meta property=\"og:url\" content=\"https:\/\/www.ebg.de\/neue-homepage-online\/\" \/>\n<meta property=\"og:site_name\" content=\"Europ\u00e4isches Bildungswerk f\u00fcr Beruf und Gesellschaft\" \/>\n<meta property=\"article:published_time\" content=\"2018-07-26T09:18:09+00:00\" \/>\n<meta property=\"article:modified_time\" content=\"2018-11-01T08:23:56+00:00\" \/>\n<meta property=\"og:image\" content=\"https:\/\/www.ebg.de\/wp-content\/uploads\/2018\/07\/start.jpg\" \/>\n\t<meta property=\"og:image:width\" content=\"900\" \/>\n\t<meta property=\"og:image:height\" content=\"453\" \/>\n\t<meta property=\"og:image:type\" content=\"image\/jpeg\" \/>\n<meta name=\"author\" content=\"Carla R\u00f6blitz\" \/>\n<meta name=\"twitter:card\" content=\"summary_large_image\" \/>\n<meta name=\"twitter:label1\" content=\"Written by\" \/>\n\t<meta name=\"twitter:data1\" content=\"Carla R\u00f6blitz\" \/>\n\t<meta name=\"twitter:label2\" content=\"Est. reading time\" \/>\n\t<meta name=\"twitter:data2\" content=\"1 minute\" \/>\n<!-- \/ Yoast SEO plugin. -->","yoast_head_json":{"title":"Neue Homepage online! - Europ\u00e4isches Bildungswerk f\u00fcr Beruf und Gesellschaft","robots":{"index":"index","follow":"follow","max-snippet":"max-snippet:-1","max-image-preview":"max-image-preview:large","max-video-preview":"max-video-preview:-1"},"canonical":"https:\/\/www.ebg.de\/neue-homepage-online\/","og_locale":"en_US","og_type":"article","og_title":"Neue Homepage online! - Europ\u00e4isches Bildungswerk f\u00fcr Beruf und Gesellschaft","og_description":"Willkommen beim neuen Internetauftritt des Europ\u00e4ischen Bildungswerkes f\u00fcr Beruf und Gesellschaft. P\u00fcnktlich zum neuen Schuljahr freuen wir uns, unsere neue Homepage pr\u00e4sentieren zu k\u00f6nnen.","og_url":"https:\/\/www.ebg.de\/neue-homepage-online\/","og_site_name":"Europ\u00e4isches Bildungswerk f\u00fcr Beruf und Gesellschaft","article_published_time":"2018-07-26T09:18:09+00:00","article_modified_time":"2018-11-01T08:23:56+00:00","og_image":[{"width":900,"height":453,"url":"https:\/\/www.ebg.de\/wp-content\/uploads\/2018\/07\/start.jpg","type":"image\/jpeg"}],"author":"Carla R\u00f6blitz","twitter_card":"summary_large_image","twitter_misc":{"Written by":"Carla R\u00f6blitz","Est. reading time":"1 minute"},"schema":{"@context":"https:\/\/schema.org","@graph":[{"@type":"Article","@id":"https:\/\/www.ebg.de\/neue-homepage-online\/#article","isPartOf":{"@id":"https:\/\/www.ebg.de\/neue-homepage-online\/"},"author":{"name":"Carla R\u00f6blitz","@id":"https:\/\/www.ebg.de\/#\/schema\/person\/6194a3051c516578ca559a6b15ac8fd8"},"headline":"Neue Homepage online!","datePublished":"2018-07-26T09:18:09+00:00","dateModified":"2018-11-01T08:23:56+00:00","mainEntityOfPage":{"@id":"https:\/\/www.ebg.de\/neue-homepage-online\/"},"wordCount":120,"image":{"@id":"https:\/\/www.ebg.de\/neue-homepage-online\/#primaryimage"},"thumbnailUrl":"https:\/\/www.ebg.de\/wp-content\/uploads\/2018\/07\/start.jpg","articleSection":["News - Magdeburg Schulen","News - Startseite"],"inLanguage":"en-US"},{"@type":"WebPage","@id":"https:\/\/www.ebg.de\/neue-homepage-online\/","url":"https:\/\/www.ebg.de\/neue-homepage-online\/","name":"Neue Homepage online! - Europ\u00e4isches Bildungswerk f\u00fcr Beruf und Gesellschaft","isPartOf":{"@id":"https:\/\/www.ebg.de\/#website"},"primaryImageOfPage":{"@id":"https:\/\/www.ebg.de\/neue-homepage-online\/#primaryimage"},"image":{"@id":"https:\/\/www.ebg.de\/neue-homepage-online\/#primaryimage"},"thumbnailUrl":"https:\/\/www.ebg.de\/wp-content\/uploads\/2018\/07\/start.jpg","datePublished":"2018-07-26T09:18:09+00:00","dateModified":"2018-11-01T08:23:56+00:00","author":{"@id":"https:\/\/www.ebg.de\/#\/schema\/person\/6194a3051c516578ca559a6b15ac8fd8"},"breadcrumb":{"@id":"https:\/\/www.ebg.de\/neue-homepage-online\/#breadcrumb"},"inLanguage":"en-US","potentialAction":[{"@type":"ReadAction","target":["https:\/\/www.ebg.de\/neue-homepage-online\/"]}]},{"@type":"ImageObject","inLanguage":"en-US","@id":"https:\/\/www.ebg.de\/neue-homepage-online\/#primaryimage","url":"https:\/\/www.ebg.de\/wp-content\/uploads\/2018\/07\/start.jpg","contentUrl":"https:\/\/www.ebg.de\/wp-content\/uploads\/2018\/07\/start.jpg","width":900,"height":453},{"@type":"BreadcrumbList","@id":"https:\/\/www.ebg.de\/neue-homepage-online\/#breadcrumb","itemListElement":[{"@type":"ListItem","position":1,"name":"Startseite","item":"https:\/\/www.ebg.de\/"},{"@type":"ListItem","position":2,"name":"Neue Homepage online!"}]},{"@type":"WebSite","@id":"https:\/\/www.ebg.de\/#website","url":"https:\/\/www.ebg.de\/","name":"Europ\u00e4isches Bildungswerk f\u00fcr Beruf und Gesellschaft","description":"Bildung, Ausbildung und Weiterbildung","potentialAction":[{"@type":"SearchAction","target":{"@type":"EntryPoint","urlTemplate":"https:\/\/www.ebg.de\/?s={search_term_string}"},"query-input":{"@type":"PropertyValueSpecification","valueRequired":true,"valueName":"search_term_string"}}],"inLanguage":"en-US"},{"@type":"Person","@id":"https:\/\/www.ebg.de\/#\/schema\/person\/6194a3051c516578ca559a6b15ac8fd8","name":"Carla R\u00f6blitz","image":{"@type":"ImageObject","inLanguage":"en-US","@id":"https:\/\/www.ebg.de\/#\/schema\/person\/image\/","url":"https:\/\/secure.gravatar.com\/avatar\/a857149204a48781b4d141524fc4cbc60c48bb5682271a5e2762174f7ac85a2d?s=96&d=mm&r=g","contentUrl":"https:\/\/secure.gravatar.com\/avatar\/a857149204a48781b4d141524fc4cbc60c48bb5682271a5e2762174f7ac85a2d?s=96&d=mm&r=g","caption":"Carla R\u00f6blitz"},"url":"https:\/\/www.ebg.de\/en\/author\/croeblitz\/"}]}},"_links":{"self":[{"href":"https:\/\/www.ebg.de\/en\/wp-json\/wp\/v2\/posts\/2188","targetHints":{"allow":["GET"]}}],"collection":[{"href":"https:\/\/www.ebg.de\/en\/wp-json\/wp\/v2\/posts"}],"about":[{"href":"https:\/\/www.ebg.de\/en\/wp-json\/wp\/v2\/types\/post"}],"author":[{"embeddable":true,"href":"https:\/\/www.ebg.de\/en\/wp-json\/wp\/v2\/users\/2"}],"replies":[{"embeddable":true,"href":"https:\/\/www.ebg.de\/en\/wp-json\/wp\/v2\/comments?post=2188"}],"version-history":[{"count":3,"href":"https:\/\/www.ebg.de\/en\/wp-json\/wp\/v2\/posts\/2188\/revisions"}],"predecessor-version":[{"id":2192,"href":"https:\/\/www.ebg.de\/en\/wp-json\/wp\/v2\/posts\/2188\/revisions\/2192"}],"wp:featuredmedia":[{"embeddable":true,"href":"https:\/\/www.ebg.de\/en\/wp-json\/wp\/v2\/media\/2189"}],"wp:attachment":[{"href":"https:\/\/www.ebg.de\/en\/wp-json\/wp\/v2\/media?parent=2188"}],"wp:term":[{"taxonomy":"category","embeddable":true,"href":"https:\/\/www.ebg.de\/en\/wp-json\/wp\/v2\/categories?post=2188"},{"taxonomy":"post_tag","embeddable":true,"href":"https:\/\/www.ebg.de\/en\/wp-json\/wp\/v2\/tags?post=2188"}],"curies":[{"name":"wp","href":"https:\/\/api.w.org\/{rel}","templated":true}]}}