{"id":2153,"date":"2018-07-24T13:43:05","date_gmt":"2018-07-24T11:43:05","guid":{"rendered":"http:\/\/www.ebg.de\/?p=2153"},"modified":"2018-11-06T12:16:52","modified_gmt":"2018-11-06T11:16:52","slug":"wohlverdiente-sommerferien","status":"publish","type":"post","link":"https:\/\/www.ebg.de\/en\/wohlverdiente-sommerferien\/","title":{"rendered":"wohlverdiente Sommerferien"},"content":{"rendered":"<div id=\"js_n\" class=\"_5pbx userContent _3576\" data-ft=\"{&quot;tn&quot;:&quot;K&quot;}\">\n<p>Allen Sch\u00fclerinnen und Sch\u00fclern unserer Vollzeitklassen einen sonnigen Start<\/p>\n<p><!--more--><\/p>\n<p>in Ihre\u00a0wohlverdienten Sommerferien! Anbei noch ein kleiner R\u00fcckblick in unsere letzten 2 Projektwochen &#8230; die von Sch\u00fclern kreierte Ausstellung zur Reformation sowie die F\u00fchrung durch den beeindruckenden Halberst\u00e4dter Dom waren hier nur einige Highlights &#8230;<\/p>\n<p><img loading=\"lazy\" decoding=\"async\" class=\"alignnone wp-image-2155 size-medium\" src=\"http:\/\/www.ebg.de\/wp-content\/uploads\/2018\/07\/19390541_1090438727756255_7167820992590679874_o-300x225.jpg\" alt=\"\" width=\"300\" height=\"225\" \/>\u00a0\u00a0 <img loading=\"lazy\" decoding=\"async\" class=\"alignnone wp-image-2156 size-ebg-gallery\" src=\"http:\/\/www.ebg.de\/wp-content\/uploads\/2018\/07\/19402023_1090439537756174_8556112862020335107_o-360x181.jpg\" alt=\"\" width=\"360\" height=\"181\" \/>\u00a0 <img loading=\"lazy\" decoding=\"async\" class=\"alignnone wp-image-2157 size-medium\" src=\"http:\/\/www.ebg.de\/wp-content\/uploads\/2018\/07\/19441882_1090438831089578_8495043840263714416_o-300x225.jpg\" alt=\"\" width=\"300\" height=\"225\" \/><\/p>\n<\/div>\n","protected":false},"excerpt":{"rendered":"<p>Allen Sch\u00fclerinnen und Sch\u00fclern unserer Vollzeitklassen einen sonnigen Start<\/p>\n","protected":false},"author":2,"featured_media":2154,"comment_status":"closed","ping_status":"closed","sticky":false,"template":"","format":"standard","meta":{"_acf_changed":false,"footnotes":""},"categories":[28],"tags":[],"class_list":["post-2153","post","type-post","status-publish","format-standard","has-post-thumbnail","hentry","category-news-halberstadt-schulen"],"acf":[],"yoast_head":"<!-- This site is optimized with the Yoast SEO plugin v26.9 - https:\/\/yoast.com\/product\/yoast-seo-wordpress\/ -->\n<title>wohlverdiente Sommerferien - Europ\u00e4isches Bildungswerk f\u00fcr Beruf und Gesellschaft<\/title>\n<meta name=\"robots\" content=\"index, follow, max-snippet:-1, max-image-preview:large, max-video-preview:-1\" \/>\n<link rel=\"canonical\" href=\"https:\/\/www.ebg.de\/wohlverdiente-sommerferien\/?lang=en\" \/>\n<meta property=\"og:locale\" content=\"en_US\" \/>\n<meta property=\"og:type\" content=\"article\" \/>\n<meta property=\"og:title\" content=\"wohlverdiente Sommerferien - Europ\u00e4isches Bildungswerk f\u00fcr Beruf und Gesellschaft\" \/>\n<meta property=\"og:description\" content=\"Allen Sch\u00fclerinnen und Sch\u00fclern unserer Vollzeitklassen einen sonnigen Start\" \/>\n<meta property=\"og:url\" content=\"https:\/\/www.ebg.de\/wohlverdiente-sommerferien\/?lang=en\" \/>\n<meta property=\"og:site_name\" content=\"Europ\u00e4isches Bildungswerk f\u00fcr Beruf und Gesellschaft\" \/>\n<meta property=\"article:published_time\" content=\"2018-07-24T11:43:05+00:00\" \/>\n<meta property=\"article:modified_time\" content=\"2018-11-06T11:16:52+00:00\" \/>\n<meta property=\"og:image\" content=\"https:\/\/www.ebg.de\/wp-content\/uploads\/2018\/07\/19400652_1090439534422841_6648336688317163458_o.jpg\" \/>\n\t<meta property=\"og:image:width\" content=\"1040\" \/>\n\t<meta property=\"og:image:height\" content=\"584\" \/>\n\t<meta property=\"og:image:type\" content=\"image\/jpeg\" \/>\n<meta name=\"author\" content=\"Carla R\u00f6blitz\" \/>\n<meta name=\"twitter:card\" content=\"summary_large_image\" \/>\n<meta name=\"twitter:label1\" content=\"Written by\" \/>\n\t<meta name=\"twitter:data1\" content=\"Carla R\u00f6blitz\" \/>\n<!-- \/ Yoast SEO plugin. -->","yoast_head_json":{"title":"wohlverdiente Sommerferien - Europ\u00e4isches Bildungswerk f\u00fcr Beruf und Gesellschaft","robots":{"index":"index","follow":"follow","max-snippet":"max-snippet:-1","max-image-preview":"max-image-preview:large","max-video-preview":"max-video-preview:-1"},"canonical":"https:\/\/www.ebg.de\/wohlverdiente-sommerferien\/?lang=en","og_locale":"en_US","og_type":"article","og_title":"wohlverdiente Sommerferien - Europ\u00e4isches Bildungswerk f\u00fcr Beruf und Gesellschaft","og_description":"Allen Sch\u00fclerinnen und Sch\u00fclern unserer Vollzeitklassen einen sonnigen Start","og_url":"https:\/\/www.ebg.de\/wohlverdiente-sommerferien\/?lang=en","og_site_name":"Europ\u00e4isches Bildungswerk f\u00fcr Beruf und Gesellschaft","article_published_time":"2018-07-24T11:43:05+00:00","article_modified_time":"2018-11-06T11:16:52+00:00","og_image":[{"width":1040,"height":584,"url":"https:\/\/www.ebg.de\/wp-content\/uploads\/2018\/07\/19400652_1090439534422841_6648336688317163458_o.jpg","type":"image\/jpeg"}],"author":"Carla R\u00f6blitz","twitter_card":"summary_large_image","twitter_misc":{"Written by":"Carla R\u00f6blitz"},"schema":{"@context":"https:\/\/schema.org","@graph":[{"@type":"Article","@id":"https:\/\/www.ebg.de\/wohlverdiente-sommerferien\/?lang=en#article","isPartOf":{"@id":"https:\/\/www.ebg.de\/wohlverdiente-sommerferien\/?lang=en"},"author":{"name":"Carla R\u00f6blitz","@id":"https:\/\/www.ebg.de\/#\/schema\/person\/6194a3051c516578ca559a6b15ac8fd8"},"headline":"wohlverdiente Sommerferien","datePublished":"2018-07-24T11:43:05+00:00","dateModified":"2018-11-06T11:16:52+00:00","mainEntityOfPage":{"@id":"https:\/\/www.ebg.de\/wohlverdiente-sommerferien\/?lang=en"},"wordCount":50,"image":{"@id":"https:\/\/www.ebg.de\/wohlverdiente-sommerferien\/?lang=en#primaryimage"},"thumbnailUrl":"https:\/\/www.ebg.de\/wp-content\/uploads\/2018\/07\/19400652_1090439534422841_6648336688317163458_o.jpg","articleSection":["News - Halberstadt Schulen"],"inLanguage":"en-US"},{"@type":"WebPage","@id":"https:\/\/www.ebg.de\/wohlverdiente-sommerferien\/?lang=en","url":"https:\/\/www.ebg.de\/wohlverdiente-sommerferien\/?lang=en","name":"wohlverdiente Sommerferien - Europ\u00e4isches Bildungswerk f\u00fcr Beruf und Gesellschaft","isPartOf":{"@id":"https:\/\/www.ebg.de\/#website"},"primaryImageOfPage":{"@id":"https:\/\/www.ebg.de\/wohlverdiente-sommerferien\/?lang=en#primaryimage"},"image":{"@id":"https:\/\/www.ebg.de\/wohlverdiente-sommerferien\/?lang=en#primaryimage"},"thumbnailUrl":"https:\/\/www.ebg.de\/wp-content\/uploads\/2018\/07\/19400652_1090439534422841_6648336688317163458_o.jpg","datePublished":"2018-07-24T11:43:05+00:00","dateModified":"2018-11-06T11:16:52+00:00","author":{"@id":"https:\/\/www.ebg.de\/#\/schema\/person\/6194a3051c516578ca559a6b15ac8fd8"},"breadcrumb":{"@id":"https:\/\/www.ebg.de\/wohlverdiente-sommerferien\/?lang=en#breadcrumb"},"inLanguage":"en-US","potentialAction":[{"@type":"ReadAction","target":["https:\/\/www.ebg.de\/wohlverdiente-sommerferien\/?lang=en"]}]},{"@type":"ImageObject","inLanguage":"en-US","@id":"https:\/\/www.ebg.de\/wohlverdiente-sommerferien\/?lang=en#primaryimage","url":"https:\/\/www.ebg.de\/wp-content\/uploads\/2018\/07\/19400652_1090439534422841_6648336688317163458_o.jpg","contentUrl":"https:\/\/www.ebg.de\/wp-content\/uploads\/2018\/07\/19400652_1090439534422841_6648336688317163458_o.jpg","width":1040,"height":584},{"@type":"BreadcrumbList","@id":"https:\/\/www.ebg.de\/wohlverdiente-sommerferien\/?lang=en#breadcrumb","itemListElement":[{"@type":"ListItem","position":1,"name":"Startseite","item":"https:\/\/www.ebg.de\/"},{"@type":"ListItem","position":2,"name":"wohlverdiente Sommerferien"}]},{"@type":"WebSite","@id":"https:\/\/www.ebg.de\/#website","url":"https:\/\/www.ebg.de\/","name":"Europ\u00e4isches Bildungswerk f\u00fcr Beruf und Gesellschaft","description":"Bildung, Ausbildung und Weiterbildung","potentialAction":[{"@type":"SearchAction","target":{"@type":"EntryPoint","urlTemplate":"https:\/\/www.ebg.de\/?s={search_term_string}"},"query-input":{"@type":"PropertyValueSpecification","valueRequired":true,"valueName":"search_term_string"}}],"inLanguage":"en-US"},{"@type":"Person","@id":"https:\/\/www.ebg.de\/#\/schema\/person\/6194a3051c516578ca559a6b15ac8fd8","name":"Carla R\u00f6blitz","image":{"@type":"ImageObject","inLanguage":"en-US","@id":"https:\/\/www.ebg.de\/#\/schema\/person\/image\/","url":"https:\/\/secure.gravatar.com\/avatar\/a857149204a48781b4d141524fc4cbc60c48bb5682271a5e2762174f7ac85a2d?s=96&d=mm&r=g","contentUrl":"https:\/\/secure.gravatar.com\/avatar\/a857149204a48781b4d141524fc4cbc60c48bb5682271a5e2762174f7ac85a2d?s=96&d=mm&r=g","caption":"Carla R\u00f6blitz"},"url":"https:\/\/www.ebg.de\/en\/author\/croeblitz\/"}]}},"_links":{"self":[{"href":"https:\/\/www.ebg.de\/en\/wp-json\/wp\/v2\/posts\/2153","targetHints":{"allow":["GET"]}}],"collection":[{"href":"https:\/\/www.ebg.de\/en\/wp-json\/wp\/v2\/posts"}],"about":[{"href":"https:\/\/www.ebg.de\/en\/wp-json\/wp\/v2\/types\/post"}],"author":[{"embeddable":true,"href":"https:\/\/www.ebg.de\/en\/wp-json\/wp\/v2\/users\/2"}],"replies":[{"embeddable":true,"href":"https:\/\/www.ebg.de\/en\/wp-json\/wp\/v2\/comments?post=2153"}],"version-history":[{"count":3,"href":"https:\/\/www.ebg.de\/en\/wp-json\/wp\/v2\/posts\/2153\/revisions"}],"predecessor-version":[{"id":2711,"href":"https:\/\/www.ebg.de\/en\/wp-json\/wp\/v2\/posts\/2153\/revisions\/2711"}],"wp:featuredmedia":[{"embeddable":true,"href":"https:\/\/www.ebg.de\/en\/wp-json\/wp\/v2\/media\/2154"}],"wp:attachment":[{"href":"https:\/\/www.ebg.de\/en\/wp-json\/wp\/v2\/media?parent=2153"}],"wp:term":[{"taxonomy":"category","embeddable":true,"href":"https:\/\/www.ebg.de\/en\/wp-json\/wp\/v2\/categories?post=2153"},{"taxonomy":"post_tag","embeddable":true,"href":"https:\/\/www.ebg.de\/en\/wp-json\/wp\/v2\/tags?post=2153"}],"curies":[{"name":"wp","href":"https:\/\/api.w.org\/{rel}","templated":true}]}}