{"id":21266,"date":"2022-05-18T13:44:10","date_gmt":"2022-05-18T11:44:10","guid":{"rendered":"https:\/\/www.ebg.de\/?p=21266"},"modified":"2022-05-18T13:44:10","modified_gmt":"2022-05-18T11:44:10","slug":"plastisches-gestalten-mit-holz","status":"publish","type":"post","link":"https:\/\/www.ebg.de\/en\/plastisches-gestalten-mit-holz\/","title":{"rendered":"Plastisches Gestalten mit Holz"},"content":{"rendered":"\n<p><strong>Im Rahmen des Unterrichts zum Thema &#8220;Plastisches Gestalten&#8221; entstanden tolle Werkst\u00fccke. Diese wurden am 30.03.2022 durch die Sch\u00fcler im Schulhaus arrangiert und pr\u00e4sentiert.<\/strong><\/p>\n\n\n\n<figure class=\"wp-block-image size-full\"><img loading=\"lazy\" decoding=\"async\" width=\"425\" height=\"425\" src=\"https:\/\/www.ebg.de\/wp-content\/uploads\/2022\/05\/Collage_3_Rede_72dpi.jpg\" alt=\"\" class=\"wp-image-21270\" srcset=\"https:\/\/www.ebg.de\/wp-content\/uploads\/2022\/05\/Collage_3_Rede_72dpi.jpg 425w, https:\/\/www.ebg.de\/wp-content\/uploads\/2022\/05\/Collage_3_Rede_72dpi-300x300.jpg 300w, https:\/\/www.ebg.de\/wp-content\/uploads\/2022\/05\/Collage_3_Rede_72dpi-150x150.jpg 150w, https:\/\/www.ebg.de\/wp-content\/uploads\/2022\/05\/Collage_3_Rede_72dpi-400x400.jpg 400w\" sizes=\"auto, (max-width: 425px) 100vw, 425px\" \/><\/figure>\n\n\n\n<p>Nach einer bildhaften Er\u00f6ffnungsrede konnten die Werke von den Besuchern betrachtet werden.<\/p>\n\n\n\n<p>Die Ausstellung umfasste von Blumenb\u00e4nken \u00fcber Dekoelemente bis zum Katzenkratzbaum die verschiedensten Unikate. Sogar f\u00fcr das leibliche Wohl wurde bestens gesorgt.<\/p>\n\n\n\n<figure class=\"wp-block-gallery has-nested-images columns-default is-cropped wp-block-gallery-1 is-layout-flex wp-block-gallery-is-layout-flex\">\n<figure class=\"wp-block-image size-large\"><img loading=\"lazy\" decoding=\"async\" width=\"425\" height=\"425\" data-id=\"21272\" src=\"https:\/\/www.ebg.de\/wp-content\/uploads\/2022\/05\/Collage_1_Pflanzen_72dpi.jpg\" alt=\"\" class=\"wp-image-21272\" srcset=\"https:\/\/www.ebg.de\/wp-content\/uploads\/2022\/05\/Collage_1_Pflanzen_72dpi.jpg 425w, https:\/\/www.ebg.de\/wp-content\/uploads\/2022\/05\/Collage_1_Pflanzen_72dpi-300x300.jpg 300w, https:\/\/www.ebg.de\/wp-content\/uploads\/2022\/05\/Collage_1_Pflanzen_72dpi-150x150.jpg 150w, https:\/\/www.ebg.de\/wp-content\/uploads\/2022\/05\/Collage_1_Pflanzen_72dpi-400x400.jpg 400w\" sizes=\"auto, (max-width: 425px) 100vw, 425px\" \/><\/figure>\n\n\n\n<figure class=\"wp-block-image size-large\"><img loading=\"lazy\" decoding=\"async\" width=\"425\" height=\"425\" data-id=\"21276\" src=\"https:\/\/www.ebg.de\/wp-content\/uploads\/2022\/05\/Collage_4_Ausstellung_72dpi.jpg\" alt=\"\" class=\"wp-image-21276\" srcset=\"https:\/\/www.ebg.de\/wp-content\/uploads\/2022\/05\/Collage_4_Ausstellung_72dpi.jpg 425w, https:\/\/www.ebg.de\/wp-content\/uploads\/2022\/05\/Collage_4_Ausstellung_72dpi-300x300.jpg 300w, https:\/\/www.ebg.de\/wp-content\/uploads\/2022\/05\/Collage_4_Ausstellung_72dpi-150x150.jpg 150w, https:\/\/www.ebg.de\/wp-content\/uploads\/2022\/05\/Collage_4_Ausstellung_72dpi-400x400.jpg 400w\" sizes=\"auto, (max-width: 425px) 100vw, 425px\" \/><\/figure>\n\n\n\n<figure class=\"wp-block-image size-large\"><img loading=\"lazy\" decoding=\"async\" width=\"425\" height=\"425\" data-id=\"21274\" src=\"https:\/\/www.ebg.de\/wp-content\/uploads\/2022\/05\/Collage_5_Besucher_72dpi.jpg\" alt=\"\" class=\"wp-image-21274\" srcset=\"https:\/\/www.ebg.de\/wp-content\/uploads\/2022\/05\/Collage_5_Besucher_72dpi.jpg 425w, https:\/\/www.ebg.de\/wp-content\/uploads\/2022\/05\/Collage_5_Besucher_72dpi-300x300.jpg 300w, https:\/\/www.ebg.de\/wp-content\/uploads\/2022\/05\/Collage_5_Besucher_72dpi-150x150.jpg 150w, https:\/\/www.ebg.de\/wp-content\/uploads\/2022\/05\/Collage_5_Besucher_72dpi-400x400.jpg 400w\" sizes=\"auto, (max-width: 425px) 100vw, 425px\" \/><\/figure>\n<\/figure>\n\n\n\n<p>Wir bedanken uns nochmals recht herzlich bei unserer Erzieher-Klasse ERZ21 VZ f\u00fcr die gelungene Veranstaltung. ( <a href=\"https:\/\/www.ebg.de\/job\/ausbildung-in-naumburg-zum-zur-erzieher-erzieherin-m-w-d-vz-oder-bb\/\">Staatlich anerkannte\/r Erzieher\/in <\/a>)<\/p>\n\n\n\n<p><\/p>\n\n\n\n<p><\/p>\n\n\n\n<p><\/p>\n\n\n\n<p><br><br><br><\/p>\n","protected":false},"excerpt":{"rendered":"<p>Im Rahmen des Unterrichts zum Thema &#8220;Plastisches Gestalten&#8221; entstanden tolle Werkst\u00fccke. <\/p>\n","protected":false},"author":22,"featured_media":21268,"comment_status":"closed","ping_status":"closed","sticky":false,"template":"","format":"standard","meta":{"_acf_changed":false,"footnotes":""},"categories":[30],"tags":[],"class_list":["post-21266","post","type-post","status-publish","format-standard","has-post-thumbnail","hentry","category-news-naumburg-schulen"],"acf":[],"yoast_head":"<!-- This site is optimized with the Yoast SEO plugin v26.9 - https:\/\/yoast.com\/product\/yoast-seo-wordpress\/ -->\n<title>Plastisches Gestalten mit Holz - Europ\u00e4isches Bildungswerk f\u00fcr Beruf und Gesellschaft<\/title>\n<meta name=\"robots\" content=\"index, follow, max-snippet:-1, max-image-preview:large, max-video-preview:-1\" \/>\n<link rel=\"canonical\" href=\"https:\/\/www.ebg.de\/plastisches-gestalten-mit-holz\/\" \/>\n<meta property=\"og:locale\" content=\"en_US\" \/>\n<meta property=\"og:type\" content=\"article\" \/>\n<meta property=\"og:title\" content=\"Plastisches Gestalten mit Holz - Europ\u00e4isches Bildungswerk f\u00fcr Beruf und Gesellschaft\" \/>\n<meta property=\"og:description\" content=\"Im Rahmen des Unterrichts zum Thema &quot;Plastisches Gestalten&quot; entstanden tolle Werkst\u00fccke.\" \/>\n<meta property=\"og:url\" content=\"https:\/\/www.ebg.de\/plastisches-gestalten-mit-holz\/\" \/>\n<meta property=\"og:site_name\" content=\"Europ\u00e4isches Bildungswerk f\u00fcr Beruf und Gesellschaft\" \/>\n<meta property=\"article:published_time\" content=\"2022-05-18T11:44:10+00:00\" \/>\n<meta property=\"og:image\" content=\"https:\/\/www.ebg.de\/wp-content\/uploads\/2022\/05\/Collage_2_Einstieg_72dpi.jpg\" \/>\n\t<meta property=\"og:image:width\" content=\"425\" \/>\n\t<meta property=\"og:image:height\" content=\"425\" \/>\n\t<meta property=\"og:image:type\" content=\"image\/jpeg\" \/>\n<meta name=\"author\" content=\"Stephan Deubner\" \/>\n<meta name=\"twitter:card\" content=\"summary_large_image\" \/>\n<meta name=\"twitter:label1\" content=\"Written by\" \/>\n\t<meta name=\"twitter:data1\" content=\"Stephan Deubner\" \/>\n<!-- \/ Yoast SEO plugin. -->","yoast_head_json":{"title":"Plastisches Gestalten mit Holz - Europ\u00e4isches Bildungswerk f\u00fcr Beruf und Gesellschaft","robots":{"index":"index","follow":"follow","max-snippet":"max-snippet:-1","max-image-preview":"max-image-preview:large","max-video-preview":"max-video-preview:-1"},"canonical":"https:\/\/www.ebg.de\/plastisches-gestalten-mit-holz\/","og_locale":"en_US","og_type":"article","og_title":"Plastisches Gestalten mit Holz - Europ\u00e4isches Bildungswerk f\u00fcr Beruf und Gesellschaft","og_description":"Im Rahmen des Unterrichts zum Thema \"Plastisches Gestalten\" entstanden tolle Werkst\u00fccke.","og_url":"https:\/\/www.ebg.de\/plastisches-gestalten-mit-holz\/","og_site_name":"Europ\u00e4isches Bildungswerk f\u00fcr Beruf und Gesellschaft","article_published_time":"2022-05-18T11:44:10+00:00","og_image":[{"width":425,"height":425,"url":"https:\/\/www.ebg.de\/wp-content\/uploads\/2022\/05\/Collage_2_Einstieg_72dpi.jpg","type":"image\/jpeg"}],"author":"Stephan Deubner","twitter_card":"summary_large_image","twitter_misc":{"Written by":"Stephan Deubner"},"schema":{"@context":"https:\/\/schema.org","@graph":[{"@type":"Article","@id":"https:\/\/www.ebg.de\/plastisches-gestalten-mit-holz\/#article","isPartOf":{"@id":"https:\/\/www.ebg.de\/plastisches-gestalten-mit-holz\/"},"author":{"name":"Stephan Deubner","@id":"https:\/\/www.ebg.de\/#\/schema\/person\/af645ea1741029d9a44ae532ceb268bc"},"headline":"Plastisches Gestalten mit Holz","datePublished":"2022-05-18T11:44:10+00:00","mainEntityOfPage":{"@id":"https:\/\/www.ebg.de\/plastisches-gestalten-mit-holz\/"},"wordCount":86,"image":{"@id":"https:\/\/www.ebg.de\/plastisches-gestalten-mit-holz\/#primaryimage"},"thumbnailUrl":"https:\/\/www.ebg.de\/wp-content\/uploads\/2022\/05\/Collage_2_Einstieg_72dpi.jpg","articleSection":["News - Naumburg Schulen"],"inLanguage":"en-US"},{"@type":"WebPage","@id":"https:\/\/www.ebg.de\/plastisches-gestalten-mit-holz\/","url":"https:\/\/www.ebg.de\/plastisches-gestalten-mit-holz\/","name":"Plastisches Gestalten mit Holz - Europ\u00e4isches Bildungswerk f\u00fcr Beruf und Gesellschaft","isPartOf":{"@id":"https:\/\/www.ebg.de\/#website"},"primaryImageOfPage":{"@id":"https:\/\/www.ebg.de\/plastisches-gestalten-mit-holz\/#primaryimage"},"image":{"@id":"https:\/\/www.ebg.de\/plastisches-gestalten-mit-holz\/#primaryimage"},"thumbnailUrl":"https:\/\/www.ebg.de\/wp-content\/uploads\/2022\/05\/Collage_2_Einstieg_72dpi.jpg","datePublished":"2022-05-18T11:44:10+00:00","author":{"@id":"https:\/\/www.ebg.de\/#\/schema\/person\/af645ea1741029d9a44ae532ceb268bc"},"breadcrumb":{"@id":"https:\/\/www.ebg.de\/plastisches-gestalten-mit-holz\/#breadcrumb"},"inLanguage":"en-US","potentialAction":[{"@type":"ReadAction","target":["https:\/\/www.ebg.de\/plastisches-gestalten-mit-holz\/"]}]},{"@type":"ImageObject","inLanguage":"en-US","@id":"https:\/\/www.ebg.de\/plastisches-gestalten-mit-holz\/#primaryimage","url":"https:\/\/www.ebg.de\/wp-content\/uploads\/2022\/05\/Collage_2_Einstieg_72dpi.jpg","contentUrl":"https:\/\/www.ebg.de\/wp-content\/uploads\/2022\/05\/Collage_2_Einstieg_72dpi.jpg","width":425,"height":425},{"@type":"BreadcrumbList","@id":"https:\/\/www.ebg.de\/plastisches-gestalten-mit-holz\/#breadcrumb","itemListElement":[{"@type":"ListItem","position":1,"name":"Startseite","item":"https:\/\/www.ebg.de\/"},{"@type":"ListItem","position":2,"name":"Plastisches Gestalten mit Holz"}]},{"@type":"WebSite","@id":"https:\/\/www.ebg.de\/#website","url":"https:\/\/www.ebg.de\/","name":"Europ\u00e4isches Bildungswerk f\u00fcr Beruf und Gesellschaft","description":"Bildung, Ausbildung und Weiterbildung","potentialAction":[{"@type":"SearchAction","target":{"@type":"EntryPoint","urlTemplate":"https:\/\/www.ebg.de\/?s={search_term_string}"},"query-input":{"@type":"PropertyValueSpecification","valueRequired":true,"valueName":"search_term_string"}}],"inLanguage":"en-US"},{"@type":"Person","@id":"https:\/\/www.ebg.de\/#\/schema\/person\/af645ea1741029d9a44ae532ceb268bc","name":"Stephan Deubner","image":{"@type":"ImageObject","inLanguage":"en-US","@id":"https:\/\/www.ebg.de\/#\/schema\/person\/image\/","url":"https:\/\/secure.gravatar.com\/avatar\/35731f6a08afa0518c45f153077f6135c0f41aa2ae0b76e850ef9508976a7bbe?s=96&d=mm&r=g","contentUrl":"https:\/\/secure.gravatar.com\/avatar\/35731f6a08afa0518c45f153077f6135c0f41aa2ae0b76e850ef9508976a7bbe?s=96&d=mm&r=g","caption":"Stephan Deubner"},"url":"https:\/\/www.ebg.de\/en\/author\/sdeubner\/"}]}},"_links":{"self":[{"href":"https:\/\/www.ebg.de\/en\/wp-json\/wp\/v2\/posts\/21266","targetHints":{"allow":["GET"]}}],"collection":[{"href":"https:\/\/www.ebg.de\/en\/wp-json\/wp\/v2\/posts"}],"about":[{"href":"https:\/\/www.ebg.de\/en\/wp-json\/wp\/v2\/types\/post"}],"author":[{"embeddable":true,"href":"https:\/\/www.ebg.de\/en\/wp-json\/wp\/v2\/users\/22"}],"replies":[{"embeddable":true,"href":"https:\/\/www.ebg.de\/en\/wp-json\/wp\/v2\/comments?post=21266"}],"version-history":[{"count":4,"href":"https:\/\/www.ebg.de\/en\/wp-json\/wp\/v2\/posts\/21266\/revisions"}],"predecessor-version":[{"id":21287,"href":"https:\/\/www.ebg.de\/en\/wp-json\/wp\/v2\/posts\/21266\/revisions\/21287"}],"wp:featuredmedia":[{"embeddable":true,"href":"https:\/\/www.ebg.de\/en\/wp-json\/wp\/v2\/media\/21268"}],"wp:attachment":[{"href":"https:\/\/www.ebg.de\/en\/wp-json\/wp\/v2\/media?parent=21266"}],"wp:term":[{"taxonomy":"category","embeddable":true,"href":"https:\/\/www.ebg.de\/en\/wp-json\/wp\/v2\/categories?post=21266"},{"taxonomy":"post_tag","embeddable":true,"href":"https:\/\/www.ebg.de\/en\/wp-json\/wp\/v2\/tags?post=21266"}],"curies":[{"name":"wp","href":"https:\/\/api.w.org\/{rel}","templated":true}]}}