{"id":2064,"date":"2018-07-16T11:52:08","date_gmt":"2018-07-16T09:52:08","guid":{"rendered":"http:\/\/www.ebg.de\/?p=2064"},"modified":"2018-07-16T12:16:50","modified_gmt":"2018-07-16T10:16:50","slug":"massnahmen-fuer-fluechtlinge-und-asylbewerber","status":"publish","type":"post","link":"https:\/\/www.ebg.de\/en\/massnahmen-fuer-fluechtlinge-und-asylbewerber\/","title":{"rendered":"Ma\u00dfnahmen f\u00fcr Fl\u00fcchtlinge und Asylbewerber"},"content":{"rendered":"<p><strong>Europ\u00e4isches Bildungswerk <\/strong>expandiert im Landkreis Delitzsch.<!--more--><\/p>\n<p>Seit dem einem Jahr f\u00fchrt das Regionale Kompetenzzentrum Sachsen-Anhalt S\u00fcd\/Sachsen in Torgau Ma\u00dfnahmen f\u00fcr Fl\u00fcchtlinge und Asylbewerber durch. Das Modell, eine Ma\u00dfnahmekette bestehend aus Beruflicher Grundqualifizierung mit Sprachanteilen, Beruflicher Weiterbildung f\u00fcr Fl\u00fcchtlinge und Asylbewerber und das Aktivierungscenter, welches der Vorbereitung auf eine berufliche T\u00e4tigkeit und Vermittlung in ein sozialversicherungspflichtiges Arbeitsverh\u00e4ltnis, dienen soll, funktioniert so gut, dass nun auch Fl\u00fcchtlinge aus anderen St\u00e4dten des Landkreises profitieren.<\/p>\n<p>In Delitzsch l\u00e4uft bereits seit 11.09.2017 ein Kurs \u201eBerufliche Weiterbildung\u201c mit 15 Teilnehmern und am 16.10.2017 beginnt ein weiterer Kurs mit 15 Teilnehmern in Bad D\u00fcben.<\/p>\n<p>Wie die Torgauer Regionalzeitung schreibt: \u201eEin Grund daf\u00fcr ist die auch in diesen beiden St\u00e4dten \u2013wie in Torgau- vorbildlich funktionierende Zusammenarbeit mit der Agentur f\u00fcr Arbeit, Jobcenter und kommunalen Integrationsbeauftragten\u201c.<\/p>\n<p><img loading=\"lazy\" decoding=\"async\" class=\"alignnone wp-image-2066 size-ebg-gallery\" src=\"http:\/\/www.ebg.de\/wp-content\/uploads\/2018\/07\/DSC_0756-360x181.jpg\" alt=\"\" width=\"360\" height=\"181\" \/>\u00a0\u00a0 <img loading=\"lazy\" decoding=\"async\" class=\"alignnone wp-image-2067 size-ebg-gallery\" src=\"http:\/\/www.ebg.de\/wp-content\/uploads\/2018\/07\/DSC_0648-360x181.jpg\" alt=\"\" width=\"360\" height=\"181\" \/><\/p>\n","protected":false},"excerpt":{"rendered":"<p>Europ\u00e4isches Bildungswerk expandiert im Landkreis Delitzsch.<\/p>\n","protected":false},"author":2,"featured_media":2065,"comment_status":"closed","ping_status":"closed","sticky":false,"template":"","format":"standard","meta":{"_acf_changed":false,"footnotes":""},"categories":[32],"tags":[77],"class_list":["post-2064","post","type-post","status-publish","format-standard","has-post-thumbnail","hentry","category-news-torgau-bildungszentrum","tag-massnahmen-fuer-fluechtlinge"],"acf":[],"yoast_head":"<!-- This site is optimized with the Yoast SEO plugin v26.9 - https:\/\/yoast.com\/product\/yoast-seo-wordpress\/ -->\n<title>Ma\u00dfnahmen f\u00fcr Fl\u00fcchtlinge und Asylbewerber - Europ\u00e4isches Bildungswerk f\u00fcr Beruf und Gesellschaft<\/title>\n<meta name=\"robots\" content=\"index, follow, max-snippet:-1, max-image-preview:large, max-video-preview:-1\" \/>\n<link rel=\"canonical\" href=\"https:\/\/www.ebg.de\/massnahmen-fuer-fluechtlinge-und-asylbewerber\/\" \/>\n<meta property=\"og:locale\" content=\"en_US\" \/>\n<meta property=\"og:type\" content=\"article\" \/>\n<meta property=\"og:title\" content=\"Ma\u00dfnahmen f\u00fcr Fl\u00fcchtlinge und Asylbewerber - Europ\u00e4isches Bildungswerk f\u00fcr Beruf und Gesellschaft\" \/>\n<meta property=\"og:description\" content=\"Europ\u00e4isches Bildungswerk expandiert im Landkreis Delitzsch.\" \/>\n<meta property=\"og:url\" content=\"https:\/\/www.ebg.de\/massnahmen-fuer-fluechtlinge-und-asylbewerber\/\" \/>\n<meta property=\"og:site_name\" content=\"Europ\u00e4isches Bildungswerk f\u00fcr Beruf und Gesellschaft\" \/>\n<meta property=\"article:published_time\" content=\"2018-07-16T09:52:08+00:00\" \/>\n<meta property=\"article:modified_time\" content=\"2018-07-16T10:16:50+00:00\" \/>\n<meta property=\"og:image\" content=\"https:\/\/www.ebg.de\/wp-content\/uploads\/2018\/07\/DSC_1118.jpg\" \/>\n\t<meta property=\"og:image:width\" content=\"900\" \/>\n\t<meta property=\"og:image:height\" content=\"453\" \/>\n\t<meta property=\"og:image:type\" content=\"image\/jpeg\" \/>\n<meta name=\"author\" content=\"Carla R\u00f6blitz\" \/>\n<meta name=\"twitter:card\" content=\"summary_large_image\" \/>\n<meta name=\"twitter:label1\" content=\"Written by\" \/>\n\t<meta name=\"twitter:data1\" content=\"Carla R\u00f6blitz\" \/>\n\t<meta name=\"twitter:label2\" content=\"Est. reading time\" \/>\n\t<meta name=\"twitter:data2\" content=\"1 minute\" \/>\n<!-- \/ Yoast SEO plugin. -->","yoast_head_json":{"title":"Ma\u00dfnahmen f\u00fcr Fl\u00fcchtlinge und Asylbewerber - Europ\u00e4isches Bildungswerk f\u00fcr Beruf und Gesellschaft","robots":{"index":"index","follow":"follow","max-snippet":"max-snippet:-1","max-image-preview":"max-image-preview:large","max-video-preview":"max-video-preview:-1"},"canonical":"https:\/\/www.ebg.de\/massnahmen-fuer-fluechtlinge-und-asylbewerber\/","og_locale":"en_US","og_type":"article","og_title":"Ma\u00dfnahmen f\u00fcr Fl\u00fcchtlinge und Asylbewerber - Europ\u00e4isches Bildungswerk f\u00fcr Beruf und Gesellschaft","og_description":"Europ\u00e4isches Bildungswerk expandiert im Landkreis Delitzsch.","og_url":"https:\/\/www.ebg.de\/massnahmen-fuer-fluechtlinge-und-asylbewerber\/","og_site_name":"Europ\u00e4isches Bildungswerk f\u00fcr Beruf und Gesellschaft","article_published_time":"2018-07-16T09:52:08+00:00","article_modified_time":"2018-07-16T10:16:50+00:00","og_image":[{"width":900,"height":453,"url":"https:\/\/www.ebg.de\/wp-content\/uploads\/2018\/07\/DSC_1118.jpg","type":"image\/jpeg"}],"author":"Carla R\u00f6blitz","twitter_card":"summary_large_image","twitter_misc":{"Written by":"Carla R\u00f6blitz","Est. reading time":"1 minute"},"schema":{"@context":"https:\/\/schema.org","@graph":[{"@type":"Article","@id":"https:\/\/www.ebg.de\/massnahmen-fuer-fluechtlinge-und-asylbewerber\/#article","isPartOf":{"@id":"https:\/\/www.ebg.de\/massnahmen-fuer-fluechtlinge-und-asylbewerber\/"},"author":{"name":"Carla R\u00f6blitz","@id":"https:\/\/www.ebg.de\/#\/schema\/person\/6194a3051c516578ca559a6b15ac8fd8"},"headline":"Ma\u00dfnahmen f\u00fcr Fl\u00fcchtlinge und Asylbewerber","datePublished":"2018-07-16T09:52:08+00:00","dateModified":"2018-07-16T10:16:50+00:00","mainEntityOfPage":{"@id":"https:\/\/www.ebg.de\/massnahmen-fuer-fluechtlinge-und-asylbewerber\/"},"wordCount":150,"image":{"@id":"https:\/\/www.ebg.de\/massnahmen-fuer-fluechtlinge-und-asylbewerber\/#primaryimage"},"thumbnailUrl":"https:\/\/www.ebg.de\/wp-content\/uploads\/2018\/07\/DSC_1118.jpg","keywords":["Ma\u00dfnahmen f\u00fcr Fl\u00fcchtlinge"],"articleSection":["News - Torgau BZ"],"inLanguage":"en-US"},{"@type":"WebPage","@id":"https:\/\/www.ebg.de\/massnahmen-fuer-fluechtlinge-und-asylbewerber\/","url":"https:\/\/www.ebg.de\/massnahmen-fuer-fluechtlinge-und-asylbewerber\/","name":"Ma\u00dfnahmen f\u00fcr Fl\u00fcchtlinge und Asylbewerber - Europ\u00e4isches Bildungswerk f\u00fcr Beruf und Gesellschaft","isPartOf":{"@id":"https:\/\/www.ebg.de\/#website"},"primaryImageOfPage":{"@id":"https:\/\/www.ebg.de\/massnahmen-fuer-fluechtlinge-und-asylbewerber\/#primaryimage"},"image":{"@id":"https:\/\/www.ebg.de\/massnahmen-fuer-fluechtlinge-und-asylbewerber\/#primaryimage"},"thumbnailUrl":"https:\/\/www.ebg.de\/wp-content\/uploads\/2018\/07\/DSC_1118.jpg","datePublished":"2018-07-16T09:52:08+00:00","dateModified":"2018-07-16T10:16:50+00:00","author":{"@id":"https:\/\/www.ebg.de\/#\/schema\/person\/6194a3051c516578ca559a6b15ac8fd8"},"breadcrumb":{"@id":"https:\/\/www.ebg.de\/massnahmen-fuer-fluechtlinge-und-asylbewerber\/#breadcrumb"},"inLanguage":"en-US","potentialAction":[{"@type":"ReadAction","target":["https:\/\/www.ebg.de\/massnahmen-fuer-fluechtlinge-und-asylbewerber\/"]}]},{"@type":"ImageObject","inLanguage":"en-US","@id":"https:\/\/www.ebg.de\/massnahmen-fuer-fluechtlinge-und-asylbewerber\/#primaryimage","url":"https:\/\/www.ebg.de\/wp-content\/uploads\/2018\/07\/DSC_1118.jpg","contentUrl":"https:\/\/www.ebg.de\/wp-content\/uploads\/2018\/07\/DSC_1118.jpg","width":900,"height":453},{"@type":"BreadcrumbList","@id":"https:\/\/www.ebg.de\/massnahmen-fuer-fluechtlinge-und-asylbewerber\/#breadcrumb","itemListElement":[{"@type":"ListItem","position":1,"name":"Startseite","item":"https:\/\/www.ebg.de\/"},{"@type":"ListItem","position":2,"name":"Ma\u00dfnahmen f\u00fcr Fl\u00fcchtlinge und Asylbewerber"}]},{"@type":"WebSite","@id":"https:\/\/www.ebg.de\/#website","url":"https:\/\/www.ebg.de\/","name":"Europ\u00e4isches Bildungswerk f\u00fcr Beruf und Gesellschaft","description":"Bildung, Ausbildung und Weiterbildung","potentialAction":[{"@type":"SearchAction","target":{"@type":"EntryPoint","urlTemplate":"https:\/\/www.ebg.de\/?s={search_term_string}"},"query-input":{"@type":"PropertyValueSpecification","valueRequired":true,"valueName":"search_term_string"}}],"inLanguage":"en-US"},{"@type":"Person","@id":"https:\/\/www.ebg.de\/#\/schema\/person\/6194a3051c516578ca559a6b15ac8fd8","name":"Carla R\u00f6blitz","image":{"@type":"ImageObject","inLanguage":"en-US","@id":"https:\/\/www.ebg.de\/#\/schema\/person\/image\/","url":"https:\/\/secure.gravatar.com\/avatar\/a857149204a48781b4d141524fc4cbc60c48bb5682271a5e2762174f7ac85a2d?s=96&d=mm&r=g","contentUrl":"https:\/\/secure.gravatar.com\/avatar\/a857149204a48781b4d141524fc4cbc60c48bb5682271a5e2762174f7ac85a2d?s=96&d=mm&r=g","caption":"Carla R\u00f6blitz"},"url":"https:\/\/www.ebg.de\/en\/author\/croeblitz\/"}]}},"_links":{"self":[{"href":"https:\/\/www.ebg.de\/en\/wp-json\/wp\/v2\/posts\/2064","targetHints":{"allow":["GET"]}}],"collection":[{"href":"https:\/\/www.ebg.de\/en\/wp-json\/wp\/v2\/posts"}],"about":[{"href":"https:\/\/www.ebg.de\/en\/wp-json\/wp\/v2\/types\/post"}],"author":[{"embeddable":true,"href":"https:\/\/www.ebg.de\/en\/wp-json\/wp\/v2\/users\/2"}],"replies":[{"embeddable":true,"href":"https:\/\/www.ebg.de\/en\/wp-json\/wp\/v2\/comments?post=2064"}],"version-history":[{"count":3,"href":"https:\/\/www.ebg.de\/en\/wp-json\/wp\/v2\/posts\/2064\/revisions"}],"predecessor-version":[{"id":2071,"href":"https:\/\/www.ebg.de\/en\/wp-json\/wp\/v2\/posts\/2064\/revisions\/2071"}],"wp:featuredmedia":[{"embeddable":true,"href":"https:\/\/www.ebg.de\/en\/wp-json\/wp\/v2\/media\/2065"}],"wp:attachment":[{"href":"https:\/\/www.ebg.de\/en\/wp-json\/wp\/v2\/media?parent=2064"}],"wp:term":[{"taxonomy":"category","embeddable":true,"href":"https:\/\/www.ebg.de\/en\/wp-json\/wp\/v2\/categories?post=2064"},{"taxonomy":"post_tag","embeddable":true,"href":"https:\/\/www.ebg.de\/en\/wp-json\/wp\/v2\/tags?post=2064"}],"curies":[{"name":"wp","href":"https:\/\/api.w.org\/{rel}","templated":true}]}}