{"id":2010,"date":"2018-06-21T08:56:50","date_gmt":"2018-06-21T06:56:50","guid":{"rendered":"http:\/\/www.ebg.de\/?p=2010"},"modified":"2018-07-24T13:54:52","modified_gmt":"2018-07-24T11:54:52","slug":"unser-aufenthalt-in-zavadka-slowakei","status":"publish","type":"post","link":"https:\/\/www.ebg.de\/en\/unser-aufenthalt-in-zavadka-slowakei\/","title":{"rendered":"Unser Aufenthalt in Zavadka \/ Slowakei"},"content":{"rendered":"<p>Nach endlosen Stunden im Bus wurden wir herzlich empfangen und durften uns, sehr \u00fcberm\u00fcdet, in den zweigesch\u00f6ssigen Holzh\u00e4usern einrichten. <!--more--><\/p>\n<p>Am Morgen konnten wir die wundersch\u00f6ne Natur bewundern und freuten uns auf die vor uns liegende Woche. Wir besuchten die Fachschule in Bresno, ein Kinderheim in Ktoba, den Kindergarten in Zavadka und die Fachschule, eine Kita und ein M\u00e4nnerbehindertenheim in Ziar nad Hronom. Es war eindrucksvoll und spannend, das Berufsfeld des Erziehers in einem anderen Land zu beleuchten und zu erfahren. Im Theater der Fachschule des EBG in Ziar nad Hronom begeisterten wir die Lehrkr\u00e4fte mit einem Bodypercussionprogramm. Wir erlebten kulturelle, kulinarische und zwischenmenschlich bedeutsame Momente, bezwangen mit einem Schlauchboot den Fluss Hronom, erweckten einen schon fast totgeglaubten Grill und gaben dem Lagerfeuer richtig Zunder. Wir m\u00f6chten alle nachkommenden Sch\u00fcler motivierend einladen, sich dieses eindrucksvolle Erlebnis nicht entgehen zu lassen.<\/p>\n\n\t\t<style type=\"text\/css\">\n\t\t\t#gallery-1 {\n\t\t\t\tmargin: auto;\n\t\t\t}\n\t\t\t#gallery-1 .gallery-item {\n\t\t\t\tfloat: left;\n\t\t\t\tmargin-top: 10px;\n\t\t\t\ttext-align: center;\n\t\t\t\twidth: 25%;\n\t\t\t}\n\t\t\t#gallery-1 img {\n\t\t\t\tborder: 2px solid #cfcfcf;\n\t\t\t}\n\t\t\t#gallery-1 .gallery-caption {\n\t\t\t\tmargin-left: 0;\n\t\t\t}\n\t\t\t\/* see gallery_shortcode() in wp-includes\/media.php *\/\n\t\t<\/style>\n\t\t<div id='gallery-1' class='gallery galleryid-2010 gallery-columns-4 gallery-size-ebg-gallery'><dl class='gallery-item'>\n\t\t\t<dt class='gallery-icon landscape'>\n\t\t\t\t<a href='https:\/\/www.ebg.de\/en\/unser-aufenthalt-in-zavadka-slowakei\/natur_scr\/'><img loading=\"lazy\" decoding=\"async\" width=\"360\" height=\"181\" src=\"https:\/\/www.ebg.de\/wp-content\/uploads\/2018\/06\/NATUR_scr-360x181.jpg\" class=\"attachment-ebg-gallery size-ebg-gallery\" alt=\"\" \/><\/a>\n\t\t\t<\/dt><\/dl>\n\t\t\t<br style='clear: both' \/>\n\t\t<\/div>\n\n","protected":false},"excerpt":{"rendered":"<p>Nach endlosen Stunden im Bus wurden wir herzlich empfangen und durften uns, sehr \u00fcberm\u00fcdet, in den zweigesch\u00f6ssigen Holzh\u00e4usern einrichten.<\/p>\n","protected":false},"author":2,"featured_media":2162,"comment_status":"closed","ping_status":"closed","sticky":false,"template":"","format":"standard","meta":{"_acf_changed":false,"footnotes":""},"categories":[28],"tags":[],"class_list":["post-2010","post","type-post","status-publish","format-standard","has-post-thumbnail","hentry","category-news-halberstadt-schulen"],"acf":[],"yoast_head":"<!-- This site is optimized with the Yoast SEO plugin v26.9 - https:\/\/yoast.com\/product\/yoast-seo-wordpress\/ -->\n<title>Unser Aufenthalt in Zavadka \/ Slowakei - Europ\u00e4isches Bildungswerk f\u00fcr Beruf und Gesellschaft<\/title>\n<meta name=\"robots\" content=\"index, follow, max-snippet:-1, max-image-preview:large, max-video-preview:-1\" \/>\n<link rel=\"canonical\" href=\"https:\/\/www.ebg.de\/unser-aufenthalt-in-zavadka-slowakei\/\" \/>\n<meta property=\"og:locale\" content=\"en_US\" \/>\n<meta property=\"og:type\" content=\"article\" \/>\n<meta property=\"og:title\" content=\"Unser Aufenthalt in Zavadka \/ Slowakei - Europ\u00e4isches Bildungswerk f\u00fcr Beruf und Gesellschaft\" \/>\n<meta property=\"og:description\" content=\"Nach endlosen Stunden im Bus wurden wir herzlich empfangen und durften uns, sehr \u00fcberm\u00fcdet, in den zweigesch\u00f6ssigen Holzh\u00e4usern einrichten.\" \/>\n<meta property=\"og:url\" content=\"https:\/\/www.ebg.de\/unser-aufenthalt-in-zavadka-slowakei\/\" \/>\n<meta property=\"og:site_name\" content=\"Europ\u00e4isches Bildungswerk f\u00fcr Beruf und Gesellschaft\" \/>\n<meta property=\"article:published_time\" content=\"2018-06-21T06:56:50+00:00\" \/>\n<meta property=\"article:modified_time\" content=\"2018-07-24T11:54:52+00:00\" \/>\n<meta property=\"og:image\" content=\"https:\/\/www.ebg.de\/wp-content\/uploads\/2018\/06\/KINDERGARTEN-ZAVADKA_scr-1.jpg\" \/>\n\t<meta property=\"og:image:width\" content=\"900\" \/>\n\t<meta property=\"og:image:height\" content=\"435\" \/>\n\t<meta property=\"og:image:type\" content=\"image\/jpeg\" \/>\n<meta name=\"author\" content=\"Carla R\u00f6blitz\" \/>\n<meta name=\"twitter:card\" content=\"summary_large_image\" \/>\n<meta name=\"twitter:label1\" content=\"Written by\" \/>\n\t<meta name=\"twitter:data1\" content=\"Carla R\u00f6blitz\" \/>\n\t<meta name=\"twitter:label2\" content=\"Est. reading time\" \/>\n\t<meta name=\"twitter:data2\" content=\"1 minute\" \/>\n<!-- \/ Yoast SEO plugin. -->","yoast_head_json":{"title":"Unser Aufenthalt in Zavadka \/ Slowakei - Europ\u00e4isches Bildungswerk f\u00fcr Beruf und Gesellschaft","robots":{"index":"index","follow":"follow","max-snippet":"max-snippet:-1","max-image-preview":"max-image-preview:large","max-video-preview":"max-video-preview:-1"},"canonical":"https:\/\/www.ebg.de\/unser-aufenthalt-in-zavadka-slowakei\/","og_locale":"en_US","og_type":"article","og_title":"Unser Aufenthalt in Zavadka \/ Slowakei - Europ\u00e4isches Bildungswerk f\u00fcr Beruf und Gesellschaft","og_description":"Nach endlosen Stunden im Bus wurden wir herzlich empfangen und durften uns, sehr \u00fcberm\u00fcdet, in den zweigesch\u00f6ssigen Holzh\u00e4usern einrichten.","og_url":"https:\/\/www.ebg.de\/unser-aufenthalt-in-zavadka-slowakei\/","og_site_name":"Europ\u00e4isches Bildungswerk f\u00fcr Beruf und Gesellschaft","article_published_time":"2018-06-21T06:56:50+00:00","article_modified_time":"2018-07-24T11:54:52+00:00","og_image":[{"width":900,"height":435,"url":"https:\/\/www.ebg.de\/wp-content\/uploads\/2018\/06\/KINDERGARTEN-ZAVADKA_scr-1.jpg","type":"image\/jpeg"}],"author":"Carla R\u00f6blitz","twitter_card":"summary_large_image","twitter_misc":{"Written by":"Carla R\u00f6blitz","Est. reading time":"1 minute"},"schema":{"@context":"https:\/\/schema.org","@graph":[{"@type":"Article","@id":"https:\/\/www.ebg.de\/unser-aufenthalt-in-zavadka-slowakei\/#article","isPartOf":{"@id":"https:\/\/www.ebg.de\/unser-aufenthalt-in-zavadka-slowakei\/"},"author":{"name":"Carla R\u00f6blitz","@id":"https:\/\/www.ebg.de\/#\/schema\/person\/6194a3051c516578ca559a6b15ac8fd8"},"headline":"Unser Aufenthalt in Zavadka \/ Slowakei","datePublished":"2018-06-21T06:56:50+00:00","dateModified":"2018-07-24T11:54:52+00:00","mainEntityOfPage":{"@id":"https:\/\/www.ebg.de\/unser-aufenthalt-in-zavadka-slowakei\/"},"wordCount":157,"image":{"@id":"https:\/\/www.ebg.de\/unser-aufenthalt-in-zavadka-slowakei\/#primaryimage"},"thumbnailUrl":"https:\/\/www.ebg.de\/wp-content\/uploads\/2018\/06\/KINDERGARTEN-ZAVADKA_scr-1.jpg","articleSection":["News - Halberstadt Schulen"],"inLanguage":"en-US"},{"@type":"WebPage","@id":"https:\/\/www.ebg.de\/unser-aufenthalt-in-zavadka-slowakei\/","url":"https:\/\/www.ebg.de\/unser-aufenthalt-in-zavadka-slowakei\/","name":"Unser Aufenthalt in Zavadka \/ Slowakei - Europ\u00e4isches Bildungswerk f\u00fcr Beruf und Gesellschaft","isPartOf":{"@id":"https:\/\/www.ebg.de\/#website"},"primaryImageOfPage":{"@id":"https:\/\/www.ebg.de\/unser-aufenthalt-in-zavadka-slowakei\/#primaryimage"},"image":{"@id":"https:\/\/www.ebg.de\/unser-aufenthalt-in-zavadka-slowakei\/#primaryimage"},"thumbnailUrl":"https:\/\/www.ebg.de\/wp-content\/uploads\/2018\/06\/KINDERGARTEN-ZAVADKA_scr-1.jpg","datePublished":"2018-06-21T06:56:50+00:00","dateModified":"2018-07-24T11:54:52+00:00","author":{"@id":"https:\/\/www.ebg.de\/#\/schema\/person\/6194a3051c516578ca559a6b15ac8fd8"},"breadcrumb":{"@id":"https:\/\/www.ebg.de\/unser-aufenthalt-in-zavadka-slowakei\/#breadcrumb"},"inLanguage":"en-US","potentialAction":[{"@type":"ReadAction","target":["https:\/\/www.ebg.de\/unser-aufenthalt-in-zavadka-slowakei\/"]}]},{"@type":"ImageObject","inLanguage":"en-US","@id":"https:\/\/www.ebg.de\/unser-aufenthalt-in-zavadka-slowakei\/#primaryimage","url":"https:\/\/www.ebg.de\/wp-content\/uploads\/2018\/06\/KINDERGARTEN-ZAVADKA_scr-1.jpg","contentUrl":"https:\/\/www.ebg.de\/wp-content\/uploads\/2018\/06\/KINDERGARTEN-ZAVADKA_scr-1.jpg","width":900,"height":435},{"@type":"BreadcrumbList","@id":"https:\/\/www.ebg.de\/unser-aufenthalt-in-zavadka-slowakei\/#breadcrumb","itemListElement":[{"@type":"ListItem","position":1,"name":"Startseite","item":"https:\/\/www.ebg.de\/"},{"@type":"ListItem","position":2,"name":"Unser Aufenthalt in Zavadka \/ Slowakei"}]},{"@type":"WebSite","@id":"https:\/\/www.ebg.de\/#website","url":"https:\/\/www.ebg.de\/","name":"Europ\u00e4isches Bildungswerk f\u00fcr Beruf und Gesellschaft","description":"Bildung, Ausbildung und Weiterbildung","potentialAction":[{"@type":"SearchAction","target":{"@type":"EntryPoint","urlTemplate":"https:\/\/www.ebg.de\/?s={search_term_string}"},"query-input":{"@type":"PropertyValueSpecification","valueRequired":true,"valueName":"search_term_string"}}],"inLanguage":"en-US"},{"@type":"Person","@id":"https:\/\/www.ebg.de\/#\/schema\/person\/6194a3051c516578ca559a6b15ac8fd8","name":"Carla R\u00f6blitz","image":{"@type":"ImageObject","inLanguage":"en-US","@id":"https:\/\/www.ebg.de\/#\/schema\/person\/image\/","url":"https:\/\/secure.gravatar.com\/avatar\/a857149204a48781b4d141524fc4cbc60c48bb5682271a5e2762174f7ac85a2d?s=96&d=mm&r=g","contentUrl":"https:\/\/secure.gravatar.com\/avatar\/a857149204a48781b4d141524fc4cbc60c48bb5682271a5e2762174f7ac85a2d?s=96&d=mm&r=g","caption":"Carla R\u00f6blitz"},"url":"https:\/\/www.ebg.de\/en\/author\/croeblitz\/"}]}},"_links":{"self":[{"href":"https:\/\/www.ebg.de\/en\/wp-json\/wp\/v2\/posts\/2010","targetHints":{"allow":["GET"]}}],"collection":[{"href":"https:\/\/www.ebg.de\/en\/wp-json\/wp\/v2\/posts"}],"about":[{"href":"https:\/\/www.ebg.de\/en\/wp-json\/wp\/v2\/types\/post"}],"author":[{"embeddable":true,"href":"https:\/\/www.ebg.de\/en\/wp-json\/wp\/v2\/users\/2"}],"replies":[{"embeddable":true,"href":"https:\/\/www.ebg.de\/en\/wp-json\/wp\/v2\/comments?post=2010"}],"version-history":[{"count":7,"href":"https:\/\/www.ebg.de\/en\/wp-json\/wp\/v2\/posts\/2010\/revisions"}],"predecessor-version":[{"id":2019,"href":"https:\/\/www.ebg.de\/en\/wp-json\/wp\/v2\/posts\/2010\/revisions\/2019"}],"wp:featuredmedia":[{"embeddable":true,"href":"https:\/\/www.ebg.de\/en\/wp-json\/wp\/v2\/media\/2162"}],"wp:attachment":[{"href":"https:\/\/www.ebg.de\/en\/wp-json\/wp\/v2\/media?parent=2010"}],"wp:term":[{"taxonomy":"category","embeddable":true,"href":"https:\/\/www.ebg.de\/en\/wp-json\/wp\/v2\/categories?post=2010"},{"taxonomy":"post_tag","embeddable":true,"href":"https:\/\/www.ebg.de\/en\/wp-json\/wp\/v2\/tags?post=2010"}],"curies":[{"name":"wp","href":"https:\/\/api.w.org\/{rel}","templated":true}]}}