{"id":19916,"date":"2022-04-07T14:12:39","date_gmt":"2022-04-07T12:12:39","guid":{"rendered":"https:\/\/www.ebg.de\/?p=19916"},"modified":"2022-04-07T14:12:40","modified_gmt":"2022-04-07T12:12:40","slug":"chancen-in-halle","status":"publish","type":"post","link":"https:\/\/www.ebg.de\/en\/chancen-in-halle\/","title":{"rendered":"Chance(n) in Halle"},"content":{"rendered":"\n<p>Unter dem Motto \u201eZukunft selbst gestalten\u201c war nach zwei Jahren Pause das Fach- und Berfusfachschulzentrum wieder mit seinem Stand auf der &#8220;Chance&#8221;- die Bildungs-, Job- und Gr\u00fcndermesse-  dabei!<\/p>\n\n\n\n<figure class=\"wp-block-image size-large is-resized\"><img loading=\"lazy\" decoding=\"async\" src=\"https:\/\/www.ebg.de\/wp-content\/uploads\/2022\/04\/IMG_8491-1024x683.jpg\" alt=\"\" class=\"wp-image-19930\" width=\"440\" height=\"293\" srcset=\"https:\/\/www.ebg.de\/wp-content\/uploads\/2022\/04\/IMG_8491-1024x683.jpg 1024w, https:\/\/www.ebg.de\/wp-content\/uploads\/2022\/04\/IMG_8491-300x200.jpg 300w, https:\/\/www.ebg.de\/wp-content\/uploads\/2022\/04\/IMG_8491-768x512.jpg 768w, https:\/\/www.ebg.de\/wp-content\/uploads\/2022\/04\/IMG_8491-1536x1024.jpg 1536w, https:\/\/www.ebg.de\/wp-content\/uploads\/2022\/04\/IMG_8491-2048x1365.jpg 2048w, https:\/\/www.ebg.de\/wp-content\/uploads\/2022\/04\/IMG_8491-900x600.jpg 900w, https:\/\/www.ebg.de\/wp-content\/uploads\/2022\/04\/IMG_8491-1200x800.jpg 1200w\" sizes=\"auto, (max-width: 440px) 100vw, 440px\" \/><\/figure>\n\n\n\n<p>Am 01. und 02. April haben sich auf der gr\u00f6\u00dften Mitteldeutschen Bildungsmesse zahlreiche Interssenten in den Messehallen in Halle eingefunden.<\/p>\n\n\n\n<p>Zahlreiche Sch\u00fcler, Umsch\u00fcler und  Absolventen konnten wir durch unsere fachkundigen Dozenten und Azubis an unseren Stand locken und Ihnen jegliche Informationen zu unseren Ausbildungsg\u00e4ngen darbieten. <\/p>\n\n\n\n<figure class=\"wp-block-gallery columns-3 is-cropped wp-block-gallery-1 is-layout-flex wp-block-gallery-is-layout-flex\"><ul class=\"blocks-gallery-grid\"><li class=\"blocks-gallery-item\"><figure><img loading=\"lazy\" decoding=\"async\" width=\"1024\" height=\"683\" src=\"https:\/\/www.ebg.de\/wp-content\/uploads\/2022\/04\/IMG_8512-1024x683.jpg\" alt=\"\" data-id=\"19942\" data-full-url=\"https:\/\/www.ebg.de\/wp-content\/uploads\/2022\/04\/IMG_8512-scaled.jpg\" data-link=\"https:\/\/www.ebg.de\/?attachment_id=19942\" class=\"wp-image-19942\" srcset=\"https:\/\/www.ebg.de\/wp-content\/uploads\/2022\/04\/IMG_8512-1024x683.jpg 1024w, https:\/\/www.ebg.de\/wp-content\/uploads\/2022\/04\/IMG_8512-300x200.jpg 300w, https:\/\/www.ebg.de\/wp-content\/uploads\/2022\/04\/IMG_8512-768x512.jpg 768w, https:\/\/www.ebg.de\/wp-content\/uploads\/2022\/04\/IMG_8512-1536x1024.jpg 1536w, https:\/\/www.ebg.de\/wp-content\/uploads\/2022\/04\/IMG_8512-2048x1365.jpg 2048w, https:\/\/www.ebg.de\/wp-content\/uploads\/2022\/04\/IMG_8512-900x600.jpg 900w, https:\/\/www.ebg.de\/wp-content\/uploads\/2022\/04\/IMG_8512-1200x800.jpg 1200w\" sizes=\"auto, (max-width: 1024px) 100vw, 1024px\" \/><\/figure><\/li><li class=\"blocks-gallery-item\"><figure><img loading=\"lazy\" decoding=\"async\" width=\"1024\" height=\"683\" src=\"https:\/\/www.ebg.de\/wp-content\/uploads\/2022\/04\/IMG_8502-1024x683.jpg\" alt=\"\" data-id=\"19934\" data-full-url=\"https:\/\/www.ebg.de\/wp-content\/uploads\/2022\/04\/IMG_8502-scaled.jpg\" data-link=\"https:\/\/www.ebg.de\/?attachment_id=19934\" class=\"wp-image-19934\" srcset=\"https:\/\/www.ebg.de\/wp-content\/uploads\/2022\/04\/IMG_8502-1024x683.jpg 1024w, https:\/\/www.ebg.de\/wp-content\/uploads\/2022\/04\/IMG_8502-300x200.jpg 300w, https:\/\/www.ebg.de\/wp-content\/uploads\/2022\/04\/IMG_8502-768x512.jpg 768w, https:\/\/www.ebg.de\/wp-content\/uploads\/2022\/04\/IMG_8502-1536x1024.jpg 1536w, https:\/\/www.ebg.de\/wp-content\/uploads\/2022\/04\/IMG_8502-2048x1365.jpg 2048w, https:\/\/www.ebg.de\/wp-content\/uploads\/2022\/04\/IMG_8502-900x600.jpg 900w, https:\/\/www.ebg.de\/wp-content\/uploads\/2022\/04\/IMG_8502-1200x800.jpg 1200w\" sizes=\"auto, (max-width: 1024px) 100vw, 1024px\" \/><\/figure><\/li><li class=\"blocks-gallery-item\"><figure><img loading=\"lazy\" decoding=\"async\" width=\"1024\" height=\"683\" src=\"https:\/\/www.ebg.de\/wp-content\/uploads\/2022\/04\/IMG_8507-1024x683.jpg\" alt=\"\" data-id=\"19936\" data-full-url=\"https:\/\/www.ebg.de\/wp-content\/uploads\/2022\/04\/IMG_8507-scaled.jpg\" data-link=\"https:\/\/www.ebg.de\/?attachment_id=19936\" class=\"wp-image-19936\" srcset=\"https:\/\/www.ebg.de\/wp-content\/uploads\/2022\/04\/IMG_8507-1024x683.jpg 1024w, https:\/\/www.ebg.de\/wp-content\/uploads\/2022\/04\/IMG_8507-300x200.jpg 300w, https:\/\/www.ebg.de\/wp-content\/uploads\/2022\/04\/IMG_8507-768x512.jpg 768w, https:\/\/www.ebg.de\/wp-content\/uploads\/2022\/04\/IMG_8507-1536x1024.jpg 1536w, https:\/\/www.ebg.de\/wp-content\/uploads\/2022\/04\/IMG_8507-2048x1365.jpg 2048w, https:\/\/www.ebg.de\/wp-content\/uploads\/2022\/04\/IMG_8507-900x600.jpg 900w, https:\/\/www.ebg.de\/wp-content\/uploads\/2022\/04\/IMG_8507-1200x800.jpg 1200w\" sizes=\"auto, (max-width: 1024px) 100vw, 1024px\" \/><\/figure><\/li><li class=\"blocks-gallery-item\"><figure><img loading=\"lazy\" decoding=\"async\" width=\"1024\" height=\"683\" src=\"https:\/\/www.ebg.de\/wp-content\/uploads\/2022\/04\/IMG_8511-1024x683.jpg\" alt=\"\" data-id=\"19938\" data-full-url=\"https:\/\/www.ebg.de\/wp-content\/uploads\/2022\/04\/IMG_8511-scaled.jpg\" data-link=\"https:\/\/www.ebg.de\/?attachment_id=19938\" class=\"wp-image-19938\" srcset=\"https:\/\/www.ebg.de\/wp-content\/uploads\/2022\/04\/IMG_8511-1024x683.jpg 1024w, https:\/\/www.ebg.de\/wp-content\/uploads\/2022\/04\/IMG_8511-300x200.jpg 300w, https:\/\/www.ebg.de\/wp-content\/uploads\/2022\/04\/IMG_8511-768x512.jpg 768w, https:\/\/www.ebg.de\/wp-content\/uploads\/2022\/04\/IMG_8511-1536x1024.jpg 1536w, https:\/\/www.ebg.de\/wp-content\/uploads\/2022\/04\/IMG_8511-2048x1365.jpg 2048w, https:\/\/www.ebg.de\/wp-content\/uploads\/2022\/04\/IMG_8511-900x600.jpg 900w, https:\/\/www.ebg.de\/wp-content\/uploads\/2022\/04\/IMG_8511-1200x800.jpg 1200w\" sizes=\"auto, (max-width: 1024px) 100vw, 1024px\" \/><\/figure><\/li><li class=\"blocks-gallery-item\"><figure><img loading=\"lazy\" decoding=\"async\" width=\"1024\" height=\"683\" src=\"https:\/\/www.ebg.de\/wp-content\/uploads\/2022\/04\/IMG_8520-1024x683.jpg\" alt=\"\" data-id=\"19940\" data-full-url=\"https:\/\/www.ebg.de\/wp-content\/uploads\/2022\/04\/IMG_8520-scaled.jpg\" data-link=\"https:\/\/www.ebg.de\/?attachment_id=19940\" class=\"wp-image-19940\" srcset=\"https:\/\/www.ebg.de\/wp-content\/uploads\/2022\/04\/IMG_8520-1024x683.jpg 1024w, https:\/\/www.ebg.de\/wp-content\/uploads\/2022\/04\/IMG_8520-300x200.jpg 300w, https:\/\/www.ebg.de\/wp-content\/uploads\/2022\/04\/IMG_8520-768x512.jpg 768w, https:\/\/www.ebg.de\/wp-content\/uploads\/2022\/04\/IMG_8520-1536x1024.jpg 1536w, https:\/\/www.ebg.de\/wp-content\/uploads\/2022\/04\/IMG_8520-2048x1365.jpg 2048w, https:\/\/www.ebg.de\/wp-content\/uploads\/2022\/04\/IMG_8520-900x600.jpg 900w, https:\/\/www.ebg.de\/wp-content\/uploads\/2022\/04\/IMG_8520-1200x800.jpg 1200w\" sizes=\"auto, (max-width: 1024px) 100vw, 1024px\" \/><\/figure><\/li><\/ul><\/figure>\n\n\n\n<p>Wir bedanken uns ganz herzlich bei unseren Azubis sowie nat\u00fcrlich auch bei unseren Lehrkr\u00e4ften f\u00fcr die Umsetzung und Durchf\u00fchrung dieser gelungenen Tage!!<\/p>\n","protected":false},"excerpt":{"rendered":"<p>Das EBG Halle hat keine Chance vertan!<\/p>\n","protected":false},"author":22,"featured_media":19944,"comment_status":"closed","ping_status":"closed","sticky":false,"template":"","format":"standard","meta":{"_acf_changed":false,"footnotes":""},"categories":[29],"tags":[95,78,98,80,92,82,97],"class_list":["post-19916","post","type-post","status-publish","format-standard","has-post-thumbnail","hentry","category-news-halle-schulen","tag-ausbildung","tag-ebg","tag-ergotherapie","tag-erzieher","tag-halle","tag-heilerziehungspfleger","tag-heilpaedagogik"],"acf":[],"yoast_head":"<!-- This site is optimized with the Yoast SEO plugin v26.9 - https:\/\/yoast.com\/product\/yoast-seo-wordpress\/ -->\n<title>Chance(n) in Halle - Europ\u00e4isches Bildungswerk f\u00fcr Beruf und Gesellschaft<\/title>\n<meta name=\"robots\" content=\"index, follow, max-snippet:-1, max-image-preview:large, max-video-preview:-1\" \/>\n<link rel=\"canonical\" href=\"https:\/\/www.ebg.de\/chancen-in-halle\/\" \/>\n<meta property=\"og:locale\" content=\"en_US\" \/>\n<meta property=\"og:type\" content=\"article\" \/>\n<meta property=\"og:title\" content=\"Chance(n) in Halle - Europ\u00e4isches Bildungswerk f\u00fcr Beruf und Gesellschaft\" \/>\n<meta property=\"og:description\" content=\"Das EBG Halle hat keine Chance vertan!\" \/>\n<meta property=\"og:url\" content=\"https:\/\/www.ebg.de\/chancen-in-halle\/\" \/>\n<meta property=\"og:site_name\" content=\"Europ\u00e4isches Bildungswerk f\u00fcr Beruf und Gesellschaft\" \/>\n<meta property=\"article:published_time\" content=\"2022-04-07T12:12:39+00:00\" \/>\n<meta property=\"article:modified_time\" content=\"2022-04-07T12:12:40+00:00\" \/>\n<meta property=\"og:image\" content=\"https:\/\/www.ebg.de\/wp-content\/uploads\/2022\/04\/IMG_8491-1-scaled.jpg\" \/>\n\t<meta property=\"og:image:width\" content=\"2560\" \/>\n\t<meta property=\"og:image:height\" content=\"1707\" \/>\n\t<meta property=\"og:image:type\" content=\"image\/jpeg\" \/>\n<meta name=\"author\" content=\"Stephan Deubner\" \/>\n<meta name=\"twitter:card\" content=\"summary_large_image\" \/>\n<meta name=\"twitter:label1\" content=\"Written by\" \/>\n\t<meta name=\"twitter:data1\" content=\"Stephan Deubner\" \/>\n\t<meta name=\"twitter:label2\" content=\"Est. reading time\" \/>\n\t<meta name=\"twitter:data2\" content=\"1 minute\" \/>\n<!-- \/ Yoast SEO plugin. -->","yoast_head_json":{"title":"Chance(n) in Halle - Europ\u00e4isches Bildungswerk f\u00fcr Beruf und Gesellschaft","robots":{"index":"index","follow":"follow","max-snippet":"max-snippet:-1","max-image-preview":"max-image-preview:large","max-video-preview":"max-video-preview:-1"},"canonical":"https:\/\/www.ebg.de\/chancen-in-halle\/","og_locale":"en_US","og_type":"article","og_title":"Chance(n) in Halle - Europ\u00e4isches Bildungswerk f\u00fcr Beruf und Gesellschaft","og_description":"Das EBG Halle hat keine Chance vertan!","og_url":"https:\/\/www.ebg.de\/chancen-in-halle\/","og_site_name":"Europ\u00e4isches Bildungswerk f\u00fcr Beruf und Gesellschaft","article_published_time":"2022-04-07T12:12:39+00:00","article_modified_time":"2022-04-07T12:12:40+00:00","og_image":[{"width":2560,"height":1707,"url":"https:\/\/www.ebg.de\/wp-content\/uploads\/2022\/04\/IMG_8491-1-scaled.jpg","type":"image\/jpeg"}],"author":"Stephan Deubner","twitter_card":"summary_large_image","twitter_misc":{"Written by":"Stephan Deubner","Est. reading time":"1 minute"},"schema":{"@context":"https:\/\/schema.org","@graph":[{"@type":"Article","@id":"https:\/\/www.ebg.de\/chancen-in-halle\/#article","isPartOf":{"@id":"https:\/\/www.ebg.de\/chancen-in-halle\/"},"author":{"name":"Stephan Deubner","@id":"https:\/\/www.ebg.de\/#\/schema\/person\/af645ea1741029d9a44ae532ceb268bc"},"headline":"Chance(n) in Halle","datePublished":"2022-04-07T12:12:39+00:00","dateModified":"2022-04-07T12:12:40+00:00","mainEntityOfPage":{"@id":"https:\/\/www.ebg.de\/chancen-in-halle\/"},"wordCount":107,"image":{"@id":"https:\/\/www.ebg.de\/chancen-in-halle\/#primaryimage"},"thumbnailUrl":"https:\/\/www.ebg.de\/wp-content\/uploads\/2022\/04\/IMG_8491-1-scaled.jpg","keywords":["Ausbildung","EBG","Ergotherapie","Erzieher","Halle","Heilerziehungspfleger","Heilp\u00e4dagogik"],"articleSection":["News - Halle Schulen"],"inLanguage":"en-US"},{"@type":"WebPage","@id":"https:\/\/www.ebg.de\/chancen-in-halle\/","url":"https:\/\/www.ebg.de\/chancen-in-halle\/","name":"Chance(n) in Halle - Europ\u00e4isches Bildungswerk f\u00fcr Beruf und Gesellschaft","isPartOf":{"@id":"https:\/\/www.ebg.de\/#website"},"primaryImageOfPage":{"@id":"https:\/\/www.ebg.de\/chancen-in-halle\/#primaryimage"},"image":{"@id":"https:\/\/www.ebg.de\/chancen-in-halle\/#primaryimage"},"thumbnailUrl":"https:\/\/www.ebg.de\/wp-content\/uploads\/2022\/04\/IMG_8491-1-scaled.jpg","datePublished":"2022-04-07T12:12:39+00:00","dateModified":"2022-04-07T12:12:40+00:00","author":{"@id":"https:\/\/www.ebg.de\/#\/schema\/person\/af645ea1741029d9a44ae532ceb268bc"},"breadcrumb":{"@id":"https:\/\/www.ebg.de\/chancen-in-halle\/#breadcrumb"},"inLanguage":"en-US","potentialAction":[{"@type":"ReadAction","target":["https:\/\/www.ebg.de\/chancen-in-halle\/"]}]},{"@type":"ImageObject","inLanguage":"en-US","@id":"https:\/\/www.ebg.de\/chancen-in-halle\/#primaryimage","url":"https:\/\/www.ebg.de\/wp-content\/uploads\/2022\/04\/IMG_8491-1-scaled.jpg","contentUrl":"https:\/\/www.ebg.de\/wp-content\/uploads\/2022\/04\/IMG_8491-1-scaled.jpg","width":2560,"height":1707},{"@type":"BreadcrumbList","@id":"https:\/\/www.ebg.de\/chancen-in-halle\/#breadcrumb","itemListElement":[{"@type":"ListItem","position":1,"name":"Startseite","item":"https:\/\/www.ebg.de\/"},{"@type":"ListItem","position":2,"name":"Chance(n) in Halle"}]},{"@type":"WebSite","@id":"https:\/\/www.ebg.de\/#website","url":"https:\/\/www.ebg.de\/","name":"Europ\u00e4isches Bildungswerk f\u00fcr Beruf und Gesellschaft","description":"Bildung, Ausbildung und Weiterbildung","potentialAction":[{"@type":"SearchAction","target":{"@type":"EntryPoint","urlTemplate":"https:\/\/www.ebg.de\/?s={search_term_string}"},"query-input":{"@type":"PropertyValueSpecification","valueRequired":true,"valueName":"search_term_string"}}],"inLanguage":"en-US"},{"@type":"Person","@id":"https:\/\/www.ebg.de\/#\/schema\/person\/af645ea1741029d9a44ae532ceb268bc","name":"Stephan Deubner","image":{"@type":"ImageObject","inLanguage":"en-US","@id":"https:\/\/www.ebg.de\/#\/schema\/person\/image\/","url":"https:\/\/secure.gravatar.com\/avatar\/35731f6a08afa0518c45f153077f6135c0f41aa2ae0b76e850ef9508976a7bbe?s=96&d=mm&r=g","contentUrl":"https:\/\/secure.gravatar.com\/avatar\/35731f6a08afa0518c45f153077f6135c0f41aa2ae0b76e850ef9508976a7bbe?s=96&d=mm&r=g","caption":"Stephan Deubner"},"url":"https:\/\/www.ebg.de\/en\/author\/sdeubner\/"}]}},"_links":{"self":[{"href":"https:\/\/www.ebg.de\/en\/wp-json\/wp\/v2\/posts\/19916","targetHints":{"allow":["GET"]}}],"collection":[{"href":"https:\/\/www.ebg.de\/en\/wp-json\/wp\/v2\/posts"}],"about":[{"href":"https:\/\/www.ebg.de\/en\/wp-json\/wp\/v2\/types\/post"}],"author":[{"embeddable":true,"href":"https:\/\/www.ebg.de\/en\/wp-json\/wp\/v2\/users\/22"}],"replies":[{"embeddable":true,"href":"https:\/\/www.ebg.de\/en\/wp-json\/wp\/v2\/comments?post=19916"}],"version-history":[{"count":6,"href":"https:\/\/www.ebg.de\/en\/wp-json\/wp\/v2\/posts\/19916\/revisions"}],"predecessor-version":[{"id":19946,"href":"https:\/\/www.ebg.de\/en\/wp-json\/wp\/v2\/posts\/19916\/revisions\/19946"}],"wp:featuredmedia":[{"embeddable":true,"href":"https:\/\/www.ebg.de\/en\/wp-json\/wp\/v2\/media\/19944"}],"wp:attachment":[{"href":"https:\/\/www.ebg.de\/en\/wp-json\/wp\/v2\/media?parent=19916"}],"wp:term":[{"taxonomy":"category","embeddable":true,"href":"https:\/\/www.ebg.de\/en\/wp-json\/wp\/v2\/categories?post=19916"},{"taxonomy":"post_tag","embeddable":true,"href":"https:\/\/www.ebg.de\/en\/wp-json\/wp\/v2\/tags?post=19916"}],"curies":[{"name":"wp","href":"https:\/\/api.w.org\/{rel}","templated":true}]}}