{"id":19471,"date":"2022-03-29T14:17:12","date_gmt":"2022-03-29T12:17:12","guid":{"rendered":"https:\/\/www.ebg.de\/?p=19471"},"modified":"2022-03-29T14:17:12","modified_gmt":"2022-03-29T12:17:12","slug":"7-mai-22-tag-der-offenen-tuer","status":"publish","type":"post","link":"https:\/\/www.ebg.de\/en\/7-mai-22-tag-der-offenen-tuer\/","title":{"rendered":"7. Mai \u00b422: Tag der offenen T\u00fcr"},"content":{"rendered":"\n<p><strong>Am 07. Mai 2022, 10.00 Uhr \u2013 14.00 Uhr  findet im Fach und Berufsfachschulzentrum Naumburg , Jakobsring 4a, unser Tag der offenen T\u00fcr statt.<\/strong><\/p>\n\n\n\n<figure class=\"wp-block-image size-large\"><img loading=\"lazy\" decoding=\"async\" width=\"1024\" height=\"683\" src=\"https:\/\/www.ebg.de\/wp-content\/uploads\/2022\/03\/IMG_1343-1-1024x683.jpg\" alt=\"\" class=\"wp-image-19482\" srcset=\"https:\/\/www.ebg.de\/wp-content\/uploads\/2022\/03\/IMG_1343-1-1024x683.jpg 1024w, https:\/\/www.ebg.de\/wp-content\/uploads\/2022\/03\/IMG_1343-1-300x200.jpg 300w, https:\/\/www.ebg.de\/wp-content\/uploads\/2022\/03\/IMG_1343-1-768x512.jpg 768w, https:\/\/www.ebg.de\/wp-content\/uploads\/2022\/03\/IMG_1343-1-1536x1024.jpg 1536w, https:\/\/www.ebg.de\/wp-content\/uploads\/2022\/03\/IMG_1343-1-2048x1365.jpg 2048w, https:\/\/www.ebg.de\/wp-content\/uploads\/2022\/03\/IMG_1343-1-900x600.jpg 900w, https:\/\/www.ebg.de\/wp-content\/uploads\/2022\/03\/IMG_1343-1-1200x800.jpg 1200w\" sizes=\"auto, (max-width: 1024px) 100vw, 1024px\" \/><\/figure>\n\n\n\n<p><strong>Sie wollen kreativ arbeiten?<\/strong><br><strong>Sie arbeiten gern mit Menschen?<\/strong><br><strong>Sie suchen einen Beruf mit Zukunft?<\/strong><br><br>Dann sind sie hier richtig!!<br>Schon mit dem beginnenden Ausbildungsjahr am <strong>01.08.2022<\/strong> kann eine Ausbildung begonnen werden:<\/p>\n\n\n\n<ul class=\"wp-block-list\"><li><a href=\"https:\/\/www.ebg.de\/job\/ausbildung-in-naumburg-zum-zur-erzieher-erzieherin-m-w-d-vz-oder-bb\/\">Staatlich anerkannte\/r Erzieher\/in <\/a>(Vollzeit 3 Jahre und berufsbegleitend 4 Jahre)<\/li><li><a href=\"https:\/\/www.ebg.de\/job\/ausbildung-in-naumburg-zum-zur-pflegefachmann-pflegefachfrau-m-w-d\/\">Pflegefachmann\/frau<\/a> (Erstausbildung 3 Jahre, 4 Jahren in Teilzeit)<\/li><li><a href=\"https:\/\/www.ebg.de\/job\/ausbildung-in-naumburg-zum-zur-altenpflegehelfer-altenpflegehelferin-m-w-d\/\">Pflegehelfer\/in<\/a> (Vollzeit 1 Jahr)<\/li><li>seit 2020: <a href=\"https:\/\/www.ebg.de\/job\/ausbildung-weiterbildung-in-naumburg-praxisanleiterin-im-gesundheitswesen-m-w-d\/\">Praxisanleiter\/in im Gesundheitswesen<\/a> (Weiterbildung entsprechend dem Curriculum der Deutschen Krankenhausgesellschaft &#8211; DKG)<\/li><\/ul>\n\n\n\n<figure class=\"wp-block-gallery columns-3 is-cropped wp-block-gallery-1 is-layout-flex wp-block-gallery-is-layout-flex\"><ul class=\"blocks-gallery-grid\"><li class=\"blocks-gallery-item\"><figure><img loading=\"lazy\" decoding=\"async\" width=\"1024\" height=\"683\" src=\"https:\/\/www.ebg.de\/wp-content\/uploads\/2022\/03\/IMG_1373-2-1024x683.jpg\" alt=\"\" data-id=\"19486\" data-full-url=\"https:\/\/www.ebg.de\/wp-content\/uploads\/2022\/03\/IMG_1373-2-scaled.jpg\" data-link=\"https:\/\/www.ebg.de\/?attachment_id=19486\" class=\"wp-image-19486\" srcset=\"https:\/\/www.ebg.de\/wp-content\/uploads\/2022\/03\/IMG_1373-2-1024x683.jpg 1024w, https:\/\/www.ebg.de\/wp-content\/uploads\/2022\/03\/IMG_1373-2-300x200.jpg 300w, https:\/\/www.ebg.de\/wp-content\/uploads\/2022\/03\/IMG_1373-2-768x512.jpg 768w, https:\/\/www.ebg.de\/wp-content\/uploads\/2022\/03\/IMG_1373-2-1536x1024.jpg 1536w, https:\/\/www.ebg.de\/wp-content\/uploads\/2022\/03\/IMG_1373-2-2048x1366.jpg 2048w, https:\/\/www.ebg.de\/wp-content\/uploads\/2022\/03\/IMG_1373-2-900x600.jpg 900w, https:\/\/www.ebg.de\/wp-content\/uploads\/2022\/03\/IMG_1373-2-1200x800.jpg 1200w\" sizes=\"auto, (max-width: 1024px) 100vw, 1024px\" \/><\/figure><\/li><li class=\"blocks-gallery-item\"><figure><img loading=\"lazy\" decoding=\"async\" width=\"1024\" height=\"683\" src=\"https:\/\/www.ebg.de\/wp-content\/uploads\/2022\/03\/IMG_1387-1024x683.jpg\" alt=\"\" data-id=\"19490\" data-full-url=\"https:\/\/www.ebg.de\/wp-content\/uploads\/2022\/03\/IMG_1387-scaled.jpg\" data-link=\"https:\/\/www.ebg.de\/?attachment_id=19490\" class=\"wp-image-19490\" srcset=\"https:\/\/www.ebg.de\/wp-content\/uploads\/2022\/03\/IMG_1387-1024x683.jpg 1024w, https:\/\/www.ebg.de\/wp-content\/uploads\/2022\/03\/IMG_1387-300x200.jpg 300w, https:\/\/www.ebg.de\/wp-content\/uploads\/2022\/03\/IMG_1387-768x512.jpg 768w, https:\/\/www.ebg.de\/wp-content\/uploads\/2022\/03\/IMG_1387-1536x1024.jpg 1536w, https:\/\/www.ebg.de\/wp-content\/uploads\/2022\/03\/IMG_1387-2048x1365.jpg 2048w, https:\/\/www.ebg.de\/wp-content\/uploads\/2022\/03\/IMG_1387-900x600.jpg 900w, https:\/\/www.ebg.de\/wp-content\/uploads\/2022\/03\/IMG_1387-1200x800.jpg 1200w\" sizes=\"auto, (max-width: 1024px) 100vw, 1024px\" \/><\/figure><\/li><li class=\"blocks-gallery-item\"><figure><img loading=\"lazy\" decoding=\"async\" width=\"1024\" height=\"683\" src=\"https:\/\/www.ebg.de\/wp-content\/uploads\/2022\/03\/IMG_1377-1024x683.jpg\" alt=\"\" data-id=\"19496\" data-full-url=\"https:\/\/www.ebg.de\/wp-content\/uploads\/2022\/03\/IMG_1377-scaled.jpg\" data-link=\"https:\/\/www.ebg.de\/?attachment_id=19496\" class=\"wp-image-19496\" srcset=\"https:\/\/www.ebg.de\/wp-content\/uploads\/2022\/03\/IMG_1377-1024x683.jpg 1024w, https:\/\/www.ebg.de\/wp-content\/uploads\/2022\/03\/IMG_1377-300x200.jpg 300w, https:\/\/www.ebg.de\/wp-content\/uploads\/2022\/03\/IMG_1377-768x512.jpg 768w, https:\/\/www.ebg.de\/wp-content\/uploads\/2022\/03\/IMG_1377-1536x1024.jpg 1536w, https:\/\/www.ebg.de\/wp-content\/uploads\/2022\/03\/IMG_1377-2048x1366.jpg 2048w, https:\/\/www.ebg.de\/wp-content\/uploads\/2022\/03\/IMG_1377-900x600.jpg 900w, https:\/\/www.ebg.de\/wp-content\/uploads\/2022\/03\/IMG_1377-1200x800.jpg 1200w\" sizes=\"auto, (max-width: 1024px) 100vw, 1024px\" \/><\/figure><\/li><li class=\"blocks-gallery-item\"><figure><img loading=\"lazy\" decoding=\"async\" width=\"1024\" height=\"683\" src=\"https:\/\/www.ebg.de\/wp-content\/uploads\/2022\/03\/IMG_1382-1-1024x683.jpg\" alt=\"\" data-id=\"19488\" data-full-url=\"https:\/\/www.ebg.de\/wp-content\/uploads\/2022\/03\/IMG_1382-1-scaled.jpg\" data-link=\"https:\/\/www.ebg.de\/?attachment_id=19488\" class=\"wp-image-19488\" srcset=\"https:\/\/www.ebg.de\/wp-content\/uploads\/2022\/03\/IMG_1382-1-1024x683.jpg 1024w, https:\/\/www.ebg.de\/wp-content\/uploads\/2022\/03\/IMG_1382-1-300x200.jpg 300w, https:\/\/www.ebg.de\/wp-content\/uploads\/2022\/03\/IMG_1382-1-768x512.jpg 768w, https:\/\/www.ebg.de\/wp-content\/uploads\/2022\/03\/IMG_1382-1-1536x1024.jpg 1536w, https:\/\/www.ebg.de\/wp-content\/uploads\/2022\/03\/IMG_1382-1-2048x1365.jpg 2048w, https:\/\/www.ebg.de\/wp-content\/uploads\/2022\/03\/IMG_1382-1-900x600.jpg 900w, https:\/\/www.ebg.de\/wp-content\/uploads\/2022\/03\/IMG_1382-1-1200x800.jpg 1200w\" sizes=\"auto, (max-width: 1024px) 100vw, 1024px\" \/><\/figure><\/li><\/ul><\/figure>\n\n\n\n<p><strong>Weiterbildungen ab Herbst 2022:<\/strong><\/p>\n\n\n\n<ul class=\"wp-block-list\"><li>Betreuungskraft in station\u00e4ren Pflegeeinrichtungen nach \u00a7 53 c SGB XI<\/li><li>Techniken der Behandlungspflege (40-Stunden)<\/li><\/ul>\n\n\n\n<p><strong>Nutzen Sie jetzt Ihre Chance!<\/strong><\/p>\n\n\n\n<p>Durch unsere Lehrkr\u00e4fte erhalten Sie aus erster Hand kompetente und zielgerichtete Beratung zur Aus- oder Weiterbildung an unserer Schule!<br>Unsere Sch\u00fclerinnen und Sch\u00fcler werden Ihnen Einblicke in unser Schulleben bieten und alle Fragen zu unseren Ausbildungsschwerpunkten praxisnah beantworten.<\/p>\n\n\n\n<p>Wir freuen uns auf Sie!!<\/p>\n\n\n\n<p><br><br><br><\/p>\n","protected":false},"excerpt":{"rendered":"<p>07. Mai 2022, 10.00 Uhr \u2013 14.00 Uhr<\/p>\n","protected":false},"author":22,"featured_media":19480,"comment_status":"closed","ping_status":"closed","sticky":false,"template":"","format":"standard","meta":{"_acf_changed":false,"footnotes":""},"categories":[30],"tags":[],"class_list":["post-19471","post","type-post","status-publish","format-standard","has-post-thumbnail","hentry","category-news-naumburg-schulen"],"acf":[],"yoast_head":"<!-- This site is optimized with the Yoast SEO plugin v26.9 - https:\/\/yoast.com\/product\/yoast-seo-wordpress\/ -->\n<title>7. Mai \u00b422: Tag der offenen T\u00fcr - Europ\u00e4isches Bildungswerk f\u00fcr Beruf und Gesellschaft<\/title>\n<meta name=\"robots\" content=\"index, follow, max-snippet:-1, max-image-preview:large, max-video-preview:-1\" \/>\n<link rel=\"canonical\" href=\"https:\/\/www.ebg.de\/7-mai-22-tag-der-offenen-tuer\/\" \/>\n<meta property=\"og:locale\" content=\"en_US\" \/>\n<meta property=\"og:type\" content=\"article\" \/>\n<meta property=\"og:title\" content=\"7. Mai \u00b422: Tag der offenen T\u00fcr - Europ\u00e4isches Bildungswerk f\u00fcr Beruf und Gesellschaft\" \/>\n<meta property=\"og:description\" content=\"07. Mai 2022, 10.00 Uhr \u2013 14.00 Uhr\" \/>\n<meta property=\"og:url\" content=\"https:\/\/www.ebg.de\/7-mai-22-tag-der-offenen-tuer\/\" \/>\n<meta property=\"og:site_name\" content=\"Europ\u00e4isches Bildungswerk f\u00fcr Beruf und Gesellschaft\" \/>\n<meta property=\"article:published_time\" content=\"2022-03-29T12:17:12+00:00\" \/>\n<meta property=\"og:image\" content=\"https:\/\/www.ebg.de\/wp-content\/uploads\/2022\/03\/IMG_1363-scaled.jpg\" \/>\n\t<meta property=\"og:image:width\" content=\"2560\" \/>\n\t<meta property=\"og:image:height\" content=\"1707\" \/>\n\t<meta property=\"og:image:type\" content=\"image\/jpeg\" \/>\n<meta name=\"author\" content=\"Stephan Deubner\" \/>\n<meta name=\"twitter:card\" content=\"summary_large_image\" \/>\n<meta name=\"twitter:label1\" content=\"Written by\" \/>\n\t<meta name=\"twitter:data1\" content=\"Stephan Deubner\" \/>\n\t<meta name=\"twitter:label2\" content=\"Est. reading time\" \/>\n\t<meta name=\"twitter:data2\" content=\"1 minute\" \/>\n<!-- \/ Yoast SEO plugin. -->","yoast_head_json":{"title":"7. Mai \u00b422: Tag der offenen T\u00fcr - Europ\u00e4isches Bildungswerk f\u00fcr Beruf und Gesellschaft","robots":{"index":"index","follow":"follow","max-snippet":"max-snippet:-1","max-image-preview":"max-image-preview:large","max-video-preview":"max-video-preview:-1"},"canonical":"https:\/\/www.ebg.de\/7-mai-22-tag-der-offenen-tuer\/","og_locale":"en_US","og_type":"article","og_title":"7. Mai \u00b422: Tag der offenen T\u00fcr - Europ\u00e4isches Bildungswerk f\u00fcr Beruf und Gesellschaft","og_description":"07. Mai 2022, 10.00 Uhr \u2013 14.00 Uhr","og_url":"https:\/\/www.ebg.de\/7-mai-22-tag-der-offenen-tuer\/","og_site_name":"Europ\u00e4isches Bildungswerk f\u00fcr Beruf und Gesellschaft","article_published_time":"2022-03-29T12:17:12+00:00","og_image":[{"width":2560,"height":1707,"url":"https:\/\/www.ebg.de\/wp-content\/uploads\/2022\/03\/IMG_1363-scaled.jpg","type":"image\/jpeg"}],"author":"Stephan Deubner","twitter_card":"summary_large_image","twitter_misc":{"Written by":"Stephan Deubner","Est. reading time":"1 minute"},"schema":{"@context":"https:\/\/schema.org","@graph":[{"@type":"Article","@id":"https:\/\/www.ebg.de\/7-mai-22-tag-der-offenen-tuer\/#article","isPartOf":{"@id":"https:\/\/www.ebg.de\/7-mai-22-tag-der-offenen-tuer\/"},"author":{"name":"Stephan Deubner","@id":"https:\/\/www.ebg.de\/#\/schema\/person\/af645ea1741029d9a44ae532ceb268bc"},"headline":"7. Mai \u00b422: Tag der offenen T\u00fcr","datePublished":"2022-03-29T12:17:12+00:00","mainEntityOfPage":{"@id":"https:\/\/www.ebg.de\/7-mai-22-tag-der-offenen-tuer\/"},"wordCount":158,"image":{"@id":"https:\/\/www.ebg.de\/7-mai-22-tag-der-offenen-tuer\/#primaryimage"},"thumbnailUrl":"https:\/\/www.ebg.de\/wp-content\/uploads\/2022\/03\/IMG_1363-scaled.jpg","articleSection":["News - Naumburg Schulen"],"inLanguage":"en-US"},{"@type":"WebPage","@id":"https:\/\/www.ebg.de\/7-mai-22-tag-der-offenen-tuer\/","url":"https:\/\/www.ebg.de\/7-mai-22-tag-der-offenen-tuer\/","name":"7. Mai \u00b422: Tag der offenen T\u00fcr - Europ\u00e4isches Bildungswerk f\u00fcr Beruf und Gesellschaft","isPartOf":{"@id":"https:\/\/www.ebg.de\/#website"},"primaryImageOfPage":{"@id":"https:\/\/www.ebg.de\/7-mai-22-tag-der-offenen-tuer\/#primaryimage"},"image":{"@id":"https:\/\/www.ebg.de\/7-mai-22-tag-der-offenen-tuer\/#primaryimage"},"thumbnailUrl":"https:\/\/www.ebg.de\/wp-content\/uploads\/2022\/03\/IMG_1363-scaled.jpg","datePublished":"2022-03-29T12:17:12+00:00","author":{"@id":"https:\/\/www.ebg.de\/#\/schema\/person\/af645ea1741029d9a44ae532ceb268bc"},"breadcrumb":{"@id":"https:\/\/www.ebg.de\/7-mai-22-tag-der-offenen-tuer\/#breadcrumb"},"inLanguage":"en-US","potentialAction":[{"@type":"ReadAction","target":["https:\/\/www.ebg.de\/7-mai-22-tag-der-offenen-tuer\/"]}]},{"@type":"ImageObject","inLanguage":"en-US","@id":"https:\/\/www.ebg.de\/7-mai-22-tag-der-offenen-tuer\/#primaryimage","url":"https:\/\/www.ebg.de\/wp-content\/uploads\/2022\/03\/IMG_1363-scaled.jpg","contentUrl":"https:\/\/www.ebg.de\/wp-content\/uploads\/2022\/03\/IMG_1363-scaled.jpg","width":2560,"height":1707},{"@type":"BreadcrumbList","@id":"https:\/\/www.ebg.de\/7-mai-22-tag-der-offenen-tuer\/#breadcrumb","itemListElement":[{"@type":"ListItem","position":1,"name":"Startseite","item":"https:\/\/www.ebg.de\/"},{"@type":"ListItem","position":2,"name":"7. Mai \u00b422: Tag der offenen T\u00fcr"}]},{"@type":"WebSite","@id":"https:\/\/www.ebg.de\/#website","url":"https:\/\/www.ebg.de\/","name":"Europ\u00e4isches Bildungswerk f\u00fcr Beruf und Gesellschaft","description":"Bildung, Ausbildung und Weiterbildung","potentialAction":[{"@type":"SearchAction","target":{"@type":"EntryPoint","urlTemplate":"https:\/\/www.ebg.de\/?s={search_term_string}"},"query-input":{"@type":"PropertyValueSpecification","valueRequired":true,"valueName":"search_term_string"}}],"inLanguage":"en-US"},{"@type":"Person","@id":"https:\/\/www.ebg.de\/#\/schema\/person\/af645ea1741029d9a44ae532ceb268bc","name":"Stephan Deubner","image":{"@type":"ImageObject","inLanguage":"en-US","@id":"https:\/\/www.ebg.de\/#\/schema\/person\/image\/","url":"https:\/\/secure.gravatar.com\/avatar\/35731f6a08afa0518c45f153077f6135c0f41aa2ae0b76e850ef9508976a7bbe?s=96&d=mm&r=g","contentUrl":"https:\/\/secure.gravatar.com\/avatar\/35731f6a08afa0518c45f153077f6135c0f41aa2ae0b76e850ef9508976a7bbe?s=96&d=mm&r=g","caption":"Stephan Deubner"},"url":"https:\/\/www.ebg.de\/en\/author\/sdeubner\/"}]}},"_links":{"self":[{"href":"https:\/\/www.ebg.de\/en\/wp-json\/wp\/v2\/posts\/19471","targetHints":{"allow":["GET"]}}],"collection":[{"href":"https:\/\/www.ebg.de\/en\/wp-json\/wp\/v2\/posts"}],"about":[{"href":"https:\/\/www.ebg.de\/en\/wp-json\/wp\/v2\/types\/post"}],"author":[{"embeddable":true,"href":"https:\/\/www.ebg.de\/en\/wp-json\/wp\/v2\/users\/22"}],"replies":[{"embeddable":true,"href":"https:\/\/www.ebg.de\/en\/wp-json\/wp\/v2\/comments?post=19471"}],"version-history":[{"count":5,"href":"https:\/\/www.ebg.de\/en\/wp-json\/wp\/v2\/posts\/19471\/revisions"}],"predecessor-version":[{"id":19502,"href":"https:\/\/www.ebg.de\/en\/wp-json\/wp\/v2\/posts\/19471\/revisions\/19502"}],"wp:featuredmedia":[{"embeddable":true,"href":"https:\/\/www.ebg.de\/en\/wp-json\/wp\/v2\/media\/19480"}],"wp:attachment":[{"href":"https:\/\/www.ebg.de\/en\/wp-json\/wp\/v2\/media?parent=19471"}],"wp:term":[{"taxonomy":"category","embeddable":true,"href":"https:\/\/www.ebg.de\/en\/wp-json\/wp\/v2\/categories?post=19471"},{"taxonomy":"post_tag","embeddable":true,"href":"https:\/\/www.ebg.de\/en\/wp-json\/wp\/v2\/tags?post=19471"}],"curies":[{"name":"wp","href":"https:\/\/api.w.org\/{rel}","templated":true}]}}