{"id":19433,"date":"2022-03-29T10:00:14","date_gmt":"2022-03-29T08:00:14","guid":{"rendered":"https:\/\/www.ebg.de\/?p=19433"},"modified":"2022-03-29T10:01:57","modified_gmt":"2022-03-29T08:01:57","slug":"tag-der-offene-tuer-am-fbz-magdeburg","status":"publish","type":"post","link":"https:\/\/www.ebg.de\/en\/tag-der-offene-tuer-am-fbz-magdeburg\/","title":{"rendered":"Tag der offenen T\u00fcr am FBZ Magdeburg"},"content":{"rendered":"\n<p>Am 26.02.2022 fand am FBZ Magdeburg des Europ\u00e4ischen Bildungswerkes der Tag der offenen T\u00fcr statt. <\/p>\n\n\n\n<figure class=\"wp-block-image size-large is-resized\"><img loading=\"lazy\" decoding=\"async\" src=\"https:\/\/www.ebg.de\/wp-content\/uploads\/2022\/03\/IMG_8326-1024x683.jpg\" alt=\"\" class=\"wp-image-19434\" width=\"575\" height=\"383\" srcset=\"https:\/\/www.ebg.de\/wp-content\/uploads\/2022\/03\/IMG_8326-1024x683.jpg 1024w, https:\/\/www.ebg.de\/wp-content\/uploads\/2022\/03\/IMG_8326-300x200.jpg 300w, https:\/\/www.ebg.de\/wp-content\/uploads\/2022\/03\/IMG_8326-768x512.jpg 768w, https:\/\/www.ebg.de\/wp-content\/uploads\/2022\/03\/IMG_8326-1536x1024.jpg 1536w, https:\/\/www.ebg.de\/wp-content\/uploads\/2022\/03\/IMG_8326-2048x1365.jpg 2048w, https:\/\/www.ebg.de\/wp-content\/uploads\/2022\/03\/IMG_8326-900x600.jpg 900w, https:\/\/www.ebg.de\/wp-content\/uploads\/2022\/03\/IMG_8326-1200x800.jpg 1200w\" sizes=\"auto, (max-width: 575px) 100vw, 575px\" \/><\/figure>\n\n\n\n<p>Bei sch\u00f6nem Wetter kamen unz\u00e4hlige Interessenten, um sich \u00fcber verschiedene Ausbildungsrichtungen zu informieren und einen Eindruck von unserer Schule zu bekommen. <\/p>\n\n\n\n<figure class=\"wp-block-gallery columns-3 is-cropped wp-block-gallery-1 is-layout-flex wp-block-gallery-is-layout-flex\"><ul class=\"blocks-gallery-grid\"><li class=\"blocks-gallery-item\"><figure><img loading=\"lazy\" decoding=\"async\" width=\"1024\" height=\"683\" src=\"https:\/\/www.ebg.de\/wp-content\/uploads\/2022\/03\/IMG_8217-1024x683.jpg\" alt=\"\" data-id=\"19436\" data-full-url=\"https:\/\/www.ebg.de\/wp-content\/uploads\/2022\/03\/IMG_8217-scaled.jpg\" data-link=\"https:\/\/www.ebg.de\/?attachment_id=19436\" class=\"wp-image-19436\" srcset=\"https:\/\/www.ebg.de\/wp-content\/uploads\/2022\/03\/IMG_8217-1024x683.jpg 1024w, https:\/\/www.ebg.de\/wp-content\/uploads\/2022\/03\/IMG_8217-300x200.jpg 300w, https:\/\/www.ebg.de\/wp-content\/uploads\/2022\/03\/IMG_8217-768x512.jpg 768w, https:\/\/www.ebg.de\/wp-content\/uploads\/2022\/03\/IMG_8217-1536x1024.jpg 1536w, https:\/\/www.ebg.de\/wp-content\/uploads\/2022\/03\/IMG_8217-2048x1365.jpg 2048w, https:\/\/www.ebg.de\/wp-content\/uploads\/2022\/03\/IMG_8217-900x600.jpg 900w, https:\/\/www.ebg.de\/wp-content\/uploads\/2022\/03\/IMG_8217-1200x800.jpg 1200w\" sizes=\"auto, (max-width: 1024px) 100vw, 1024px\" \/><\/figure><\/li><li class=\"blocks-gallery-item\"><figure><img loading=\"lazy\" decoding=\"async\" width=\"1024\" height=\"683\" src=\"https:\/\/www.ebg.de\/wp-content\/uploads\/2022\/03\/IMG_8238-1024x683.jpg\" alt=\"\" data-id=\"19438\" data-full-url=\"https:\/\/www.ebg.de\/wp-content\/uploads\/2022\/03\/IMG_8238-scaled.jpg\" data-link=\"https:\/\/www.ebg.de\/?attachment_id=19438\" class=\"wp-image-19438\" srcset=\"https:\/\/www.ebg.de\/wp-content\/uploads\/2022\/03\/IMG_8238-1024x683.jpg 1024w, https:\/\/www.ebg.de\/wp-content\/uploads\/2022\/03\/IMG_8238-300x200.jpg 300w, https:\/\/www.ebg.de\/wp-content\/uploads\/2022\/03\/IMG_8238-768x512.jpg 768w, https:\/\/www.ebg.de\/wp-content\/uploads\/2022\/03\/IMG_8238-1536x1024.jpg 1536w, https:\/\/www.ebg.de\/wp-content\/uploads\/2022\/03\/IMG_8238-2048x1365.jpg 2048w, https:\/\/www.ebg.de\/wp-content\/uploads\/2022\/03\/IMG_8238-900x600.jpg 900w, https:\/\/www.ebg.de\/wp-content\/uploads\/2022\/03\/IMG_8238-1200x800.jpg 1200w\" sizes=\"auto, (max-width: 1024px) 100vw, 1024px\" \/><\/figure><\/li><li class=\"blocks-gallery-item\"><figure><img loading=\"lazy\" decoding=\"async\" width=\"1024\" height=\"683\" src=\"https:\/\/www.ebg.de\/wp-content\/uploads\/2022\/03\/IMG_8249-1024x683.jpg\" alt=\"\" data-id=\"19440\" data-full-url=\"https:\/\/www.ebg.de\/wp-content\/uploads\/2022\/03\/IMG_8249-scaled.jpg\" data-link=\"https:\/\/www.ebg.de\/?attachment_id=19440\" class=\"wp-image-19440\" srcset=\"https:\/\/www.ebg.de\/wp-content\/uploads\/2022\/03\/IMG_8249-1024x683.jpg 1024w, https:\/\/www.ebg.de\/wp-content\/uploads\/2022\/03\/IMG_8249-300x200.jpg 300w, https:\/\/www.ebg.de\/wp-content\/uploads\/2022\/03\/IMG_8249-768x512.jpg 768w, https:\/\/www.ebg.de\/wp-content\/uploads\/2022\/03\/IMG_8249-1536x1024.jpg 1536w, https:\/\/www.ebg.de\/wp-content\/uploads\/2022\/03\/IMG_8249-2048x1365.jpg 2048w, https:\/\/www.ebg.de\/wp-content\/uploads\/2022\/03\/IMG_8249-900x600.jpg 900w, https:\/\/www.ebg.de\/wp-content\/uploads\/2022\/03\/IMG_8249-1200x800.jpg 1200w\" sizes=\"auto, (max-width: 1024px) 100vw, 1024px\" \/><\/figure><\/li><li class=\"blocks-gallery-item\"><figure><img loading=\"lazy\" decoding=\"async\" width=\"1024\" height=\"683\" src=\"https:\/\/www.ebg.de\/wp-content\/uploads\/2022\/03\/IMG_8262-1024x683.jpg\" alt=\"\" data-id=\"19442\" data-full-url=\"https:\/\/www.ebg.de\/wp-content\/uploads\/2022\/03\/IMG_8262-scaled.jpg\" data-link=\"https:\/\/www.ebg.de\/?attachment_id=19442\" class=\"wp-image-19442\" srcset=\"https:\/\/www.ebg.de\/wp-content\/uploads\/2022\/03\/IMG_8262-1024x683.jpg 1024w, https:\/\/www.ebg.de\/wp-content\/uploads\/2022\/03\/IMG_8262-300x200.jpg 300w, https:\/\/www.ebg.de\/wp-content\/uploads\/2022\/03\/IMG_8262-768x512.jpg 768w, https:\/\/www.ebg.de\/wp-content\/uploads\/2022\/03\/IMG_8262-1536x1024.jpg 1536w, https:\/\/www.ebg.de\/wp-content\/uploads\/2022\/03\/IMG_8262-2048x1365.jpg 2048w, https:\/\/www.ebg.de\/wp-content\/uploads\/2022\/03\/IMG_8262-900x600.jpg 900w, https:\/\/www.ebg.de\/wp-content\/uploads\/2022\/03\/IMG_8262-1200x800.jpg 1200w\" sizes=\"auto, (max-width: 1024px) 100vw, 1024px\" \/><\/figure><\/li><li class=\"blocks-gallery-item\"><figure><img loading=\"lazy\" decoding=\"async\" width=\"1024\" height=\"683\" src=\"https:\/\/www.ebg.de\/wp-content\/uploads\/2022\/03\/IMG_8270-1024x683.jpg\" alt=\"\" data-id=\"19444\" data-full-url=\"https:\/\/www.ebg.de\/wp-content\/uploads\/2022\/03\/IMG_8270-scaled.jpg\" data-link=\"https:\/\/www.ebg.de\/?attachment_id=19444\" class=\"wp-image-19444\" srcset=\"https:\/\/www.ebg.de\/wp-content\/uploads\/2022\/03\/IMG_8270-1024x683.jpg 1024w, https:\/\/www.ebg.de\/wp-content\/uploads\/2022\/03\/IMG_8270-300x200.jpg 300w, https:\/\/www.ebg.de\/wp-content\/uploads\/2022\/03\/IMG_8270-768x512.jpg 768w, https:\/\/www.ebg.de\/wp-content\/uploads\/2022\/03\/IMG_8270-1536x1024.jpg 1536w, https:\/\/www.ebg.de\/wp-content\/uploads\/2022\/03\/IMG_8270-2048x1365.jpg 2048w, https:\/\/www.ebg.de\/wp-content\/uploads\/2022\/03\/IMG_8270-900x600.jpg 900w, https:\/\/www.ebg.de\/wp-content\/uploads\/2022\/03\/IMG_8270-1200x800.jpg 1200w\" sizes=\"auto, (max-width: 1024px) 100vw, 1024px\" \/><\/figure><\/li><li class=\"blocks-gallery-item\"><figure><img loading=\"lazy\" decoding=\"async\" width=\"1024\" height=\"683\" src=\"https:\/\/www.ebg.de\/wp-content\/uploads\/2022\/03\/IMG_8279-1024x683.jpg\" alt=\"\" data-id=\"19446\" data-full-url=\"https:\/\/www.ebg.de\/wp-content\/uploads\/2022\/03\/IMG_8279-scaled.jpg\" data-link=\"https:\/\/www.ebg.de\/?attachment_id=19446\" class=\"wp-image-19446\" srcset=\"https:\/\/www.ebg.de\/wp-content\/uploads\/2022\/03\/IMG_8279-1024x683.jpg 1024w, https:\/\/www.ebg.de\/wp-content\/uploads\/2022\/03\/IMG_8279-300x200.jpg 300w, https:\/\/www.ebg.de\/wp-content\/uploads\/2022\/03\/IMG_8279-768x512.jpg 768w, https:\/\/www.ebg.de\/wp-content\/uploads\/2022\/03\/IMG_8279-1536x1024.jpg 1536w, https:\/\/www.ebg.de\/wp-content\/uploads\/2022\/03\/IMG_8279-2048x1365.jpg 2048w, https:\/\/www.ebg.de\/wp-content\/uploads\/2022\/03\/IMG_8279-900x600.jpg 900w, https:\/\/www.ebg.de\/wp-content\/uploads\/2022\/03\/IMG_8279-1200x800.jpg 1200w\" sizes=\"auto, (max-width: 1024px) 100vw, 1024px\" \/><\/figure><\/li><\/ul><\/figure>\n\n\n\n<p>Im Fokus stand die Ausbildung zum Erzieher, die Pflegeausbildung, die Ergotherapie und die Heilerziehungspflege.<\/p>\n\n\n\n<figure class=\"wp-block-gallery columns-3 is-cropped wp-block-gallery-2 is-layout-flex wp-block-gallery-is-layout-flex\"><ul class=\"blocks-gallery-grid\"><li class=\"blocks-gallery-item\"><figure><img loading=\"lazy\" decoding=\"async\" width=\"300\" height=\"200\" src=\"https:\/\/www.ebg.de\/wp-content\/uploads\/2022\/03\/IMG_8215-300x200.jpg\" alt=\"\" data-id=\"19448\" data-full-url=\"https:\/\/www.ebg.de\/wp-content\/uploads\/2022\/03\/IMG_8215-scaled.jpg\" data-link=\"https:\/\/www.ebg.de\/?attachment_id=19448\" class=\"wp-image-19448\" srcset=\"https:\/\/www.ebg.de\/wp-content\/uploads\/2022\/03\/IMG_8215-300x200.jpg 300w, https:\/\/www.ebg.de\/wp-content\/uploads\/2022\/03\/IMG_8215-1024x683.jpg 1024w, https:\/\/www.ebg.de\/wp-content\/uploads\/2022\/03\/IMG_8215-768x512.jpg 768w, https:\/\/www.ebg.de\/wp-content\/uploads\/2022\/03\/IMG_8215-1536x1024.jpg 1536w, https:\/\/www.ebg.de\/wp-content\/uploads\/2022\/03\/IMG_8215-2048x1365.jpg 2048w, https:\/\/www.ebg.de\/wp-content\/uploads\/2022\/03\/IMG_8215-900x600.jpg 900w, https:\/\/www.ebg.de\/wp-content\/uploads\/2022\/03\/IMG_8215-1200x800.jpg 1200w\" sizes=\"auto, (max-width: 300px) 100vw, 300px\" \/><\/figure><\/li><li class=\"blocks-gallery-item\"><figure><img loading=\"lazy\" decoding=\"async\" width=\"300\" height=\"200\" src=\"https:\/\/www.ebg.de\/wp-content\/uploads\/2022\/03\/IMG_8221-300x200.jpg\" alt=\"\" data-id=\"19450\" data-full-url=\"https:\/\/www.ebg.de\/wp-content\/uploads\/2022\/03\/IMG_8221-scaled.jpg\" data-link=\"https:\/\/www.ebg.de\/?attachment_id=19450\" class=\"wp-image-19450\" srcset=\"https:\/\/www.ebg.de\/wp-content\/uploads\/2022\/03\/IMG_8221-300x200.jpg 300w, https:\/\/www.ebg.de\/wp-content\/uploads\/2022\/03\/IMG_8221-1024x683.jpg 1024w, https:\/\/www.ebg.de\/wp-content\/uploads\/2022\/03\/IMG_8221-768x512.jpg 768w, https:\/\/www.ebg.de\/wp-content\/uploads\/2022\/03\/IMG_8221-1536x1024.jpg 1536w, https:\/\/www.ebg.de\/wp-content\/uploads\/2022\/03\/IMG_8221-2048x1365.jpg 2048w, https:\/\/www.ebg.de\/wp-content\/uploads\/2022\/03\/IMG_8221-900x600.jpg 900w, https:\/\/www.ebg.de\/wp-content\/uploads\/2022\/03\/IMG_8221-1200x800.jpg 1200w\" sizes=\"auto, (max-width: 300px) 100vw, 300px\" \/><\/figure><\/li><li class=\"blocks-gallery-item\"><figure><img loading=\"lazy\" decoding=\"async\" width=\"300\" height=\"200\" src=\"https:\/\/www.ebg.de\/wp-content\/uploads\/2022\/03\/IMG_8309-300x200.jpg\" alt=\"\" data-id=\"19452\" data-full-url=\"https:\/\/www.ebg.de\/wp-content\/uploads\/2022\/03\/IMG_8309-scaled.jpg\" data-link=\"https:\/\/www.ebg.de\/?attachment_id=19452\" class=\"wp-image-19452\" srcset=\"https:\/\/www.ebg.de\/wp-content\/uploads\/2022\/03\/IMG_8309-300x200.jpg 300w, https:\/\/www.ebg.de\/wp-content\/uploads\/2022\/03\/IMG_8309-1024x683.jpg 1024w, https:\/\/www.ebg.de\/wp-content\/uploads\/2022\/03\/IMG_8309-768x512.jpg 768w, https:\/\/www.ebg.de\/wp-content\/uploads\/2022\/03\/IMG_8309-1536x1024.jpg 1536w, https:\/\/www.ebg.de\/wp-content\/uploads\/2022\/03\/IMG_8309-2048x1365.jpg 2048w, https:\/\/www.ebg.de\/wp-content\/uploads\/2022\/03\/IMG_8309-900x600.jpg 900w, https:\/\/www.ebg.de\/wp-content\/uploads\/2022\/03\/IMG_8309-1200x800.jpg 1200w\" sizes=\"auto, (max-width: 300px) 100vw, 300px\" \/><\/figure><\/li><li class=\"blocks-gallery-item\"><figure><img loading=\"lazy\" decoding=\"async\" width=\"1024\" height=\"683\" src=\"https:\/\/www.ebg.de\/wp-content\/uploads\/2022\/03\/IMG_8329-1024x683.jpg\" alt=\"\" data-id=\"19454\" data-full-url=\"https:\/\/www.ebg.de\/wp-content\/uploads\/2022\/03\/IMG_8329-scaled.jpg\" data-link=\"https:\/\/www.ebg.de\/?attachment_id=19454\" class=\"wp-image-19454\" srcset=\"https:\/\/www.ebg.de\/wp-content\/uploads\/2022\/03\/IMG_8329-1024x683.jpg 1024w, https:\/\/www.ebg.de\/wp-content\/uploads\/2022\/03\/IMG_8329-300x200.jpg 300w, https:\/\/www.ebg.de\/wp-content\/uploads\/2022\/03\/IMG_8329-768x512.jpg 768w, https:\/\/www.ebg.de\/wp-content\/uploads\/2022\/03\/IMG_8329-1536x1024.jpg 1536w, https:\/\/www.ebg.de\/wp-content\/uploads\/2022\/03\/IMG_8329-2048x1365.jpg 2048w, https:\/\/www.ebg.de\/wp-content\/uploads\/2022\/03\/IMG_8329-900x600.jpg 900w, https:\/\/www.ebg.de\/wp-content\/uploads\/2022\/03\/IMG_8329-1200x800.jpg 1200w\" sizes=\"auto, (max-width: 1024px) 100vw, 1024px\" \/><\/figure><\/li><\/ul><\/figure>\n","protected":false},"excerpt":{"rendered":"<p>Am 26.02.2022 fand am FBZ Magdeburg des Europ\u00e4ischen Bildungswerkes der Tag der offenen T\u00fcr statt. <\/p>\n","protected":false},"author":22,"featured_media":19456,"comment_status":"closed","ping_status":"closed","sticky":false,"template":"","format":"standard","meta":{"_acf_changed":false,"footnotes":""},"categories":[19],"tags":[],"class_list":["post-19433","post","type-post","status-publish","format-standard","has-post-thumbnail","hentry","category-news-magdeburg-schulen"],"acf":[],"yoast_head":"<!-- This site is optimized with the Yoast SEO plugin v26.9 - https:\/\/yoast.com\/product\/yoast-seo-wordpress\/ -->\n<title>Tag der offenen T\u00fcr am FBZ Magdeburg - Europ\u00e4isches Bildungswerk f\u00fcr Beruf und Gesellschaft<\/title>\n<meta name=\"robots\" content=\"index, follow, max-snippet:-1, max-image-preview:large, max-video-preview:-1\" \/>\n<link rel=\"canonical\" href=\"https:\/\/www.ebg.de\/tag-der-offene-tuer-am-fbz-magdeburg\/\" \/>\n<meta property=\"og:locale\" content=\"en_US\" \/>\n<meta property=\"og:type\" content=\"article\" \/>\n<meta property=\"og:title\" content=\"Tag der offenen T\u00fcr am FBZ Magdeburg - Europ\u00e4isches Bildungswerk f\u00fcr Beruf und Gesellschaft\" \/>\n<meta property=\"og:description\" content=\"Am 26.02.2022 fand am FBZ Magdeburg des Europ\u00e4ischen Bildungswerkes der Tag der offenen T\u00fcr statt.\" \/>\n<meta property=\"og:url\" content=\"https:\/\/www.ebg.de\/tag-der-offene-tuer-am-fbz-magdeburg\/\" \/>\n<meta property=\"og:site_name\" content=\"Europ\u00e4isches Bildungswerk f\u00fcr Beruf und Gesellschaft\" \/>\n<meta property=\"article:published_time\" content=\"2022-03-29T08:00:14+00:00\" \/>\n<meta property=\"article:modified_time\" content=\"2022-03-29T08:01:57+00:00\" \/>\n<meta property=\"og:image\" content=\"https:\/\/www.ebg.de\/wp-content\/uploads\/2022\/03\/IMG_8294-scaled.jpg\" \/>\n\t<meta property=\"og:image:width\" content=\"2560\" \/>\n\t<meta property=\"og:image:height\" content=\"1736\" \/>\n\t<meta property=\"og:image:type\" content=\"image\/jpeg\" \/>\n<meta name=\"author\" content=\"Stephan Deubner\" \/>\n<meta name=\"twitter:card\" content=\"summary_large_image\" \/>\n<meta name=\"twitter:label1\" content=\"Written by\" \/>\n\t<meta name=\"twitter:data1\" content=\"Stephan Deubner\" \/>\n<!-- \/ Yoast SEO plugin. -->","yoast_head_json":{"title":"Tag der offenen T\u00fcr am FBZ Magdeburg - Europ\u00e4isches Bildungswerk f\u00fcr Beruf und Gesellschaft","robots":{"index":"index","follow":"follow","max-snippet":"max-snippet:-1","max-image-preview":"max-image-preview:large","max-video-preview":"max-video-preview:-1"},"canonical":"https:\/\/www.ebg.de\/tag-der-offene-tuer-am-fbz-magdeburg\/","og_locale":"en_US","og_type":"article","og_title":"Tag der offenen T\u00fcr am FBZ Magdeburg - Europ\u00e4isches Bildungswerk f\u00fcr Beruf und Gesellschaft","og_description":"Am 26.02.2022 fand am FBZ Magdeburg des Europ\u00e4ischen Bildungswerkes der Tag der offenen T\u00fcr statt.","og_url":"https:\/\/www.ebg.de\/tag-der-offene-tuer-am-fbz-magdeburg\/","og_site_name":"Europ\u00e4isches Bildungswerk f\u00fcr Beruf und Gesellschaft","article_published_time":"2022-03-29T08:00:14+00:00","article_modified_time":"2022-03-29T08:01:57+00:00","og_image":[{"width":2560,"height":1736,"url":"https:\/\/www.ebg.de\/wp-content\/uploads\/2022\/03\/IMG_8294-scaled.jpg","type":"image\/jpeg"}],"author":"Stephan Deubner","twitter_card":"summary_large_image","twitter_misc":{"Written by":"Stephan Deubner"},"schema":{"@context":"https:\/\/schema.org","@graph":[{"@type":"Article","@id":"https:\/\/www.ebg.de\/tag-der-offene-tuer-am-fbz-magdeburg\/#article","isPartOf":{"@id":"https:\/\/www.ebg.de\/tag-der-offene-tuer-am-fbz-magdeburg\/"},"author":{"name":"Stephan Deubner","@id":"https:\/\/www.ebg.de\/#\/schema\/person\/af645ea1741029d9a44ae532ceb268bc"},"headline":"Tag der offenen T\u00fcr am FBZ Magdeburg","datePublished":"2022-03-29T08:00:14+00:00","dateModified":"2022-03-29T08:01:57+00:00","mainEntityOfPage":{"@id":"https:\/\/www.ebg.de\/tag-der-offene-tuer-am-fbz-magdeburg\/"},"wordCount":61,"image":{"@id":"https:\/\/www.ebg.de\/tag-der-offene-tuer-am-fbz-magdeburg\/#primaryimage"},"thumbnailUrl":"https:\/\/www.ebg.de\/wp-content\/uploads\/2022\/03\/IMG_8294-scaled.jpg","articleSection":["News - Magdeburg Schulen"],"inLanguage":"en-US"},{"@type":"WebPage","@id":"https:\/\/www.ebg.de\/tag-der-offene-tuer-am-fbz-magdeburg\/","url":"https:\/\/www.ebg.de\/tag-der-offene-tuer-am-fbz-magdeburg\/","name":"Tag der offenen T\u00fcr am FBZ Magdeburg - Europ\u00e4isches Bildungswerk f\u00fcr Beruf und Gesellschaft","isPartOf":{"@id":"https:\/\/www.ebg.de\/#website"},"primaryImageOfPage":{"@id":"https:\/\/www.ebg.de\/tag-der-offene-tuer-am-fbz-magdeburg\/#primaryimage"},"image":{"@id":"https:\/\/www.ebg.de\/tag-der-offene-tuer-am-fbz-magdeburg\/#primaryimage"},"thumbnailUrl":"https:\/\/www.ebg.de\/wp-content\/uploads\/2022\/03\/IMG_8294-scaled.jpg","datePublished":"2022-03-29T08:00:14+00:00","dateModified":"2022-03-29T08:01:57+00:00","author":{"@id":"https:\/\/www.ebg.de\/#\/schema\/person\/af645ea1741029d9a44ae532ceb268bc"},"breadcrumb":{"@id":"https:\/\/www.ebg.de\/tag-der-offene-tuer-am-fbz-magdeburg\/#breadcrumb"},"inLanguage":"en-US","potentialAction":[{"@type":"ReadAction","target":["https:\/\/www.ebg.de\/tag-der-offene-tuer-am-fbz-magdeburg\/"]}]},{"@type":"ImageObject","inLanguage":"en-US","@id":"https:\/\/www.ebg.de\/tag-der-offene-tuer-am-fbz-magdeburg\/#primaryimage","url":"https:\/\/www.ebg.de\/wp-content\/uploads\/2022\/03\/IMG_8294-scaled.jpg","contentUrl":"https:\/\/www.ebg.de\/wp-content\/uploads\/2022\/03\/IMG_8294-scaled.jpg","width":2560,"height":1736},{"@type":"BreadcrumbList","@id":"https:\/\/www.ebg.de\/tag-der-offene-tuer-am-fbz-magdeburg\/#breadcrumb","itemListElement":[{"@type":"ListItem","position":1,"name":"Startseite","item":"https:\/\/www.ebg.de\/"},{"@type":"ListItem","position":2,"name":"Tag der offenen T\u00fcr am FBZ Magdeburg"}]},{"@type":"WebSite","@id":"https:\/\/www.ebg.de\/#website","url":"https:\/\/www.ebg.de\/","name":"Europ\u00e4isches Bildungswerk f\u00fcr Beruf und Gesellschaft","description":"Bildung, Ausbildung und Weiterbildung","potentialAction":[{"@type":"SearchAction","target":{"@type":"EntryPoint","urlTemplate":"https:\/\/www.ebg.de\/?s={search_term_string}"},"query-input":{"@type":"PropertyValueSpecification","valueRequired":true,"valueName":"search_term_string"}}],"inLanguage":"en-US"},{"@type":"Person","@id":"https:\/\/www.ebg.de\/#\/schema\/person\/af645ea1741029d9a44ae532ceb268bc","name":"Stephan Deubner","image":{"@type":"ImageObject","inLanguage":"en-US","@id":"https:\/\/www.ebg.de\/#\/schema\/person\/image\/","url":"https:\/\/secure.gravatar.com\/avatar\/35731f6a08afa0518c45f153077f6135c0f41aa2ae0b76e850ef9508976a7bbe?s=96&d=mm&r=g","contentUrl":"https:\/\/secure.gravatar.com\/avatar\/35731f6a08afa0518c45f153077f6135c0f41aa2ae0b76e850ef9508976a7bbe?s=96&d=mm&r=g","caption":"Stephan Deubner"},"url":"https:\/\/www.ebg.de\/en\/author\/sdeubner\/"}]}},"_links":{"self":[{"href":"https:\/\/www.ebg.de\/en\/wp-json\/wp\/v2\/posts\/19433","targetHints":{"allow":["GET"]}}],"collection":[{"href":"https:\/\/www.ebg.de\/en\/wp-json\/wp\/v2\/posts"}],"about":[{"href":"https:\/\/www.ebg.de\/en\/wp-json\/wp\/v2\/types\/post"}],"author":[{"embeddable":true,"href":"https:\/\/www.ebg.de\/en\/wp-json\/wp\/v2\/users\/22"}],"replies":[{"embeddable":true,"href":"https:\/\/www.ebg.de\/en\/wp-json\/wp\/v2\/comments?post=19433"}],"version-history":[{"count":3,"href":"https:\/\/www.ebg.de\/en\/wp-json\/wp\/v2\/posts\/19433\/revisions"}],"predecessor-version":[{"id":19460,"href":"https:\/\/www.ebg.de\/en\/wp-json\/wp\/v2\/posts\/19433\/revisions\/19460"}],"wp:featuredmedia":[{"embeddable":true,"href":"https:\/\/www.ebg.de\/en\/wp-json\/wp\/v2\/media\/19456"}],"wp:attachment":[{"href":"https:\/\/www.ebg.de\/en\/wp-json\/wp\/v2\/media?parent=19433"}],"wp:term":[{"taxonomy":"category","embeddable":true,"href":"https:\/\/www.ebg.de\/en\/wp-json\/wp\/v2\/categories?post=19433"},{"taxonomy":"post_tag","embeddable":true,"href":"https:\/\/www.ebg.de\/en\/wp-json\/wp\/v2\/tags?post=19433"}],"curies":[{"name":"wp","href":"https:\/\/api.w.org\/{rel}","templated":true}]}}