{"id":18879,"date":"2022-03-14T08:33:13","date_gmt":"2022-03-14T07:33:13","guid":{"rendered":"https:\/\/www.ebg.de\/?p=18879"},"modified":"2022-03-17T13:20:00","modified_gmt":"2022-03-17T12:20:00","slug":"unseren-liedbeitrag-fuer-den-frieden","status":"publish","type":"post","link":"https:\/\/www.ebg.de\/en\/unseren-liedbeitrag-fuer-den-frieden\/","title":{"rendered":"Unser Liedbeitrag f\u00fcr den Frieden"},"content":{"rendered":"\n<p><br>Checkt mal unseren Liedbeitrag f\u00fcr den Frieden&nbsp;mit ZWULF<\/p>\n\n\n\n<p>Ein paar Mal im Jahr lassen wir es uns eine ganze Woche lang richtig gut gehen. Die Klassen der unterschiedlichen Bildungsg\u00e4nge des EBG besch\u00e4ftigen sich \u00fcber ihren allt\u00e4glichen Tellerrand hinaus in Projekten mit Themen, die ihre Expertise vertiefen und Anlass geben, kreativ zu werden.&nbsp;<br><\/p>\n\n\n\n<p>Was uns die Tage alle besch\u00e4ftigt und mehr als wert ist, den eigenen Horizont zu erweitern, ist das Verlangen und die Bitte um Frieden in der Welt. Das Schicksal der Menschen in der Ukraine bewegt uns. Wir wollen was tun und aktiv werden.&nbsp;<br><\/p>\n\n\n\n<p>Deswegen haben wir unsere Projektwoche genutzt, Spendengelder zu sammeln, in dem wir einen Kuchenbasar organisiert haben und was das Zeug h\u00e4lt gemeinsam mit ZWULF f\u00fcr den Frieden gesungen haben.&nbsp;<br>Hier der <strong><a href=\"https:\/\/youtu.be\/e4UIdszDxrY\" target=\"_blank\" rel=\"noreferrer noopener\">Link auf YouTube<\/a><\/strong>, viel Spa\u00df dabei!<\/p>\n","protected":false},"excerpt":{"rendered":"<p>Das Schicksal der Menschen in der Ukraine bewegt uns. Wir wollen was tun und aktiv werden.<br \/>\n\ufeff<\/p>\n","protected":false},"author":2,"featured_media":18880,"comment_status":"closed","ping_status":"closed","sticky":false,"template":"","format":"standard","meta":{"_acf_changed":false,"footnotes":""},"categories":[27],"tags":[],"class_list":["post-18879","post","type-post","status-publish","format-standard","has-post-thumbnail","hentry","category-news-leipzig-schulen"],"acf":[],"yoast_head":"<!-- This site is optimized with the Yoast SEO plugin v26.9 - https:\/\/yoast.com\/product\/yoast-seo-wordpress\/ -->\n<title>Unser Liedbeitrag f\u00fcr den Frieden - Europ\u00e4isches Bildungswerk f\u00fcr Beruf und Gesellschaft<\/title>\n<meta name=\"robots\" content=\"index, follow, max-snippet:-1, max-image-preview:large, max-video-preview:-1\" \/>\n<link rel=\"canonical\" href=\"https:\/\/www.ebg.de\/unseren-liedbeitrag-fuer-den-frieden\/\" \/>\n<meta property=\"og:locale\" content=\"en_US\" \/>\n<meta property=\"og:type\" content=\"article\" \/>\n<meta property=\"og:title\" content=\"Unser Liedbeitrag f\u00fcr den Frieden - Europ\u00e4isches Bildungswerk f\u00fcr Beruf und Gesellschaft\" \/>\n<meta property=\"og:description\" content=\"Das Schicksal der Menschen in der Ukraine bewegt uns. Wir wollen was tun und aktiv werden. \ufeff\" \/>\n<meta property=\"og:url\" content=\"https:\/\/www.ebg.de\/unseren-liedbeitrag-fuer-den-frieden\/\" \/>\n<meta property=\"og:site_name\" content=\"Europ\u00e4isches Bildungswerk f\u00fcr Beruf und Gesellschaft\" \/>\n<meta property=\"article:published_time\" content=\"2022-03-14T07:33:13+00:00\" \/>\n<meta property=\"article:modified_time\" content=\"2022-03-17T12:20:00+00:00\" \/>\n<meta property=\"og:image\" content=\"https:\/\/www.ebg.de\/wp-content\/uploads\/2022\/03\/song_Beitrag.jpg\" \/>\n\t<meta property=\"og:image:width\" content=\"900\" \/>\n\t<meta property=\"og:image:height\" content=\"453\" \/>\n\t<meta property=\"og:image:type\" content=\"image\/jpeg\" \/>\n<meta name=\"author\" content=\"Carla R\u00f6blitz\" \/>\n<meta name=\"twitter:card\" content=\"summary_large_image\" \/>\n<meta name=\"twitter:label1\" content=\"Written by\" \/>\n\t<meta name=\"twitter:data1\" content=\"Carla R\u00f6blitz\" \/>\n\t<meta name=\"twitter:label2\" content=\"Est. reading time\" \/>\n\t<meta name=\"twitter:data2\" content=\"1 minute\" \/>\n<!-- \/ Yoast SEO plugin. -->","yoast_head_json":{"title":"Unser Liedbeitrag f\u00fcr den Frieden - Europ\u00e4isches Bildungswerk f\u00fcr Beruf und Gesellschaft","robots":{"index":"index","follow":"follow","max-snippet":"max-snippet:-1","max-image-preview":"max-image-preview:large","max-video-preview":"max-video-preview:-1"},"canonical":"https:\/\/www.ebg.de\/unseren-liedbeitrag-fuer-den-frieden\/","og_locale":"en_US","og_type":"article","og_title":"Unser Liedbeitrag f\u00fcr den Frieden - Europ\u00e4isches Bildungswerk f\u00fcr Beruf und Gesellschaft","og_description":"Das Schicksal der Menschen in der Ukraine bewegt uns. Wir wollen was tun und aktiv werden. \ufeff","og_url":"https:\/\/www.ebg.de\/unseren-liedbeitrag-fuer-den-frieden\/","og_site_name":"Europ\u00e4isches Bildungswerk f\u00fcr Beruf und Gesellschaft","article_published_time":"2022-03-14T07:33:13+00:00","article_modified_time":"2022-03-17T12:20:00+00:00","og_image":[{"width":900,"height":453,"url":"https:\/\/www.ebg.de\/wp-content\/uploads\/2022\/03\/song_Beitrag.jpg","type":"image\/jpeg"}],"author":"Carla R\u00f6blitz","twitter_card":"summary_large_image","twitter_misc":{"Written by":"Carla R\u00f6blitz","Est. reading time":"1 minute"},"schema":{"@context":"https:\/\/schema.org","@graph":[{"@type":"Article","@id":"https:\/\/www.ebg.de\/unseren-liedbeitrag-fuer-den-frieden\/#article","isPartOf":{"@id":"https:\/\/www.ebg.de\/unseren-liedbeitrag-fuer-den-frieden\/"},"author":{"name":"Carla R\u00f6blitz","@id":"https:\/\/www.ebg.de\/#\/schema\/person\/6194a3051c516578ca559a6b15ac8fd8"},"headline":"Unser Liedbeitrag f\u00fcr den Frieden","datePublished":"2022-03-14T07:33:13+00:00","dateModified":"2022-03-17T12:20:00+00:00","mainEntityOfPage":{"@id":"https:\/\/www.ebg.de\/unseren-liedbeitrag-fuer-den-frieden\/"},"wordCount":150,"image":{"@id":"https:\/\/www.ebg.de\/unseren-liedbeitrag-fuer-den-frieden\/#primaryimage"},"thumbnailUrl":"https:\/\/www.ebg.de\/wp-content\/uploads\/2022\/03\/song_Beitrag.jpg","articleSection":["News - Leipzig Schulen"],"inLanguage":"en-US"},{"@type":"WebPage","@id":"https:\/\/www.ebg.de\/unseren-liedbeitrag-fuer-den-frieden\/","url":"https:\/\/www.ebg.de\/unseren-liedbeitrag-fuer-den-frieden\/","name":"Unser Liedbeitrag f\u00fcr den Frieden - Europ\u00e4isches Bildungswerk f\u00fcr Beruf und Gesellschaft","isPartOf":{"@id":"https:\/\/www.ebg.de\/#website"},"primaryImageOfPage":{"@id":"https:\/\/www.ebg.de\/unseren-liedbeitrag-fuer-den-frieden\/#primaryimage"},"image":{"@id":"https:\/\/www.ebg.de\/unseren-liedbeitrag-fuer-den-frieden\/#primaryimage"},"thumbnailUrl":"https:\/\/www.ebg.de\/wp-content\/uploads\/2022\/03\/song_Beitrag.jpg","datePublished":"2022-03-14T07:33:13+00:00","dateModified":"2022-03-17T12:20:00+00:00","author":{"@id":"https:\/\/www.ebg.de\/#\/schema\/person\/6194a3051c516578ca559a6b15ac8fd8"},"breadcrumb":{"@id":"https:\/\/www.ebg.de\/unseren-liedbeitrag-fuer-den-frieden\/#breadcrumb"},"inLanguage":"en-US","potentialAction":[{"@type":"ReadAction","target":["https:\/\/www.ebg.de\/unseren-liedbeitrag-fuer-den-frieden\/"]}]},{"@type":"ImageObject","inLanguage":"en-US","@id":"https:\/\/www.ebg.de\/unseren-liedbeitrag-fuer-den-frieden\/#primaryimage","url":"https:\/\/www.ebg.de\/wp-content\/uploads\/2022\/03\/song_Beitrag.jpg","contentUrl":"https:\/\/www.ebg.de\/wp-content\/uploads\/2022\/03\/song_Beitrag.jpg","width":900,"height":453},{"@type":"BreadcrumbList","@id":"https:\/\/www.ebg.de\/unseren-liedbeitrag-fuer-den-frieden\/#breadcrumb","itemListElement":[{"@type":"ListItem","position":1,"name":"Startseite","item":"https:\/\/www.ebg.de\/"},{"@type":"ListItem","position":2,"name":"Unser Liedbeitrag f\u00fcr den Frieden"}]},{"@type":"WebSite","@id":"https:\/\/www.ebg.de\/#website","url":"https:\/\/www.ebg.de\/","name":"Europ\u00e4isches Bildungswerk f\u00fcr Beruf und Gesellschaft","description":"Bildung, Ausbildung und Weiterbildung","potentialAction":[{"@type":"SearchAction","target":{"@type":"EntryPoint","urlTemplate":"https:\/\/www.ebg.de\/?s={search_term_string}"},"query-input":{"@type":"PropertyValueSpecification","valueRequired":true,"valueName":"search_term_string"}}],"inLanguage":"en-US"},{"@type":"Person","@id":"https:\/\/www.ebg.de\/#\/schema\/person\/6194a3051c516578ca559a6b15ac8fd8","name":"Carla R\u00f6blitz","image":{"@type":"ImageObject","inLanguage":"en-US","@id":"https:\/\/www.ebg.de\/#\/schema\/person\/image\/","url":"https:\/\/secure.gravatar.com\/avatar\/a857149204a48781b4d141524fc4cbc60c48bb5682271a5e2762174f7ac85a2d?s=96&d=mm&r=g","contentUrl":"https:\/\/secure.gravatar.com\/avatar\/a857149204a48781b4d141524fc4cbc60c48bb5682271a5e2762174f7ac85a2d?s=96&d=mm&r=g","caption":"Carla R\u00f6blitz"},"url":"https:\/\/www.ebg.de\/en\/author\/croeblitz\/"}]}},"_links":{"self":[{"href":"https:\/\/www.ebg.de\/en\/wp-json\/wp\/v2\/posts\/18879","targetHints":{"allow":["GET"]}}],"collection":[{"href":"https:\/\/www.ebg.de\/en\/wp-json\/wp\/v2\/posts"}],"about":[{"href":"https:\/\/www.ebg.de\/en\/wp-json\/wp\/v2\/types\/post"}],"author":[{"embeddable":true,"href":"https:\/\/www.ebg.de\/en\/wp-json\/wp\/v2\/users\/2"}],"replies":[{"embeddable":true,"href":"https:\/\/www.ebg.de\/en\/wp-json\/wp\/v2\/comments?post=18879"}],"version-history":[{"count":2,"href":"https:\/\/www.ebg.de\/en\/wp-json\/wp\/v2\/posts\/18879\/revisions"}],"predecessor-version":[{"id":18883,"href":"https:\/\/www.ebg.de\/en\/wp-json\/wp\/v2\/posts\/18879\/revisions\/18883"}],"wp:featuredmedia":[{"embeddable":true,"href":"https:\/\/www.ebg.de\/en\/wp-json\/wp\/v2\/media\/18880"}],"wp:attachment":[{"href":"https:\/\/www.ebg.de\/en\/wp-json\/wp\/v2\/media?parent=18879"}],"wp:term":[{"taxonomy":"category","embeddable":true,"href":"https:\/\/www.ebg.de\/en\/wp-json\/wp\/v2\/categories?post=18879"},{"taxonomy":"post_tag","embeddable":true,"href":"https:\/\/www.ebg.de\/en\/wp-json\/wp\/v2\/tags?post=18879"}],"curies":[{"name":"wp","href":"https:\/\/api.w.org\/{rel}","templated":true}]}}