{"id":18703,"date":"2022-03-07T13:56:13","date_gmt":"2022-03-07T12:56:13","guid":{"rendered":"https:\/\/www.ebg.de\/?p=18703"},"modified":"2022-03-07T13:56:13","modified_gmt":"2022-03-07T12:56:13","slug":"sammelaktion-unserer-schule-fuer-die-ukraine","status":"publish","type":"post","link":"https:\/\/www.ebg.de\/en\/sammelaktion-unserer-schule-fuer-die-ukraine\/","title":{"rendered":"Sammelaktion unserer Schule f\u00fcr die Ukraine"},"content":{"rendered":"\n<p>Auch wir vom Europ\u00e4ischen Bildungswerk in Magdeburg waren von der Nachricht des pl\u00f6tzlichen Krieges in der Ukraine sehr betroffen und entschieden uns f\u00fcr eine kurzfristige Sammelaktion, um den Menschen vor Ort mit den wichtigsten Utensilien zu helfen.<\/p>\n\n\n\n<figure class=\"wp-block-image size-large\"><img decoding=\"async\" src=\"https:\/\/www.ebg.de\/wp-content\/uploads\/2022\/03\/FBZ5-edited.jpg\" alt=\"\" class=\"wp-image-18706\"\/><\/figure>\n\n\n\n<p>Herr B\u00f6hme, unser Schulsprecher, informierte die Klassensprecher und schon einen Tag sp\u00e4ter kamen die ersten Spenden hier in der Schule an. Diese wurden sortiert und in gro\u00dfe Kartons verpackt, damit es die Helfer an der polnischen Grenze leichter mit der Koordination haben.<\/p>\n\n\n\n<figure class=\"wp-block-gallery columns-2 is-cropped wp-block-gallery-1 is-layout-flex wp-block-gallery-is-layout-flex\"><ul class=\"blocks-gallery-grid\"><li class=\"blocks-gallery-item\"><figure><img loading=\"lazy\" decoding=\"async\" width=\"1024\" height=\"768\" src=\"https:\/\/www.ebg.de\/wp-content\/uploads\/2022\/03\/FBZ2-1024x768.jpg\" alt=\"\" data-id=\"18710\" data-full-url=\"https:\/\/www.ebg.de\/wp-content\/uploads\/2022\/03\/FBZ2.jpg\" data-link=\"https:\/\/www.ebg.de\/?attachment_id=18710\" class=\"wp-image-18710\" srcset=\"https:\/\/www.ebg.de\/wp-content\/uploads\/2022\/03\/FBZ2-1024x768.jpg 1024w, https:\/\/www.ebg.de\/wp-content\/uploads\/2022\/03\/FBZ2-300x225.jpg 300w, https:\/\/www.ebg.de\/wp-content\/uploads\/2022\/03\/FBZ2-768x576.jpg 768w, https:\/\/www.ebg.de\/wp-content\/uploads\/2022\/03\/FBZ2-1536x1152.jpg 1536w, https:\/\/www.ebg.de\/wp-content\/uploads\/2022\/03\/FBZ2-900x675.jpg 900w, https:\/\/www.ebg.de\/wp-content\/uploads\/2022\/03\/FBZ2-1200x900.jpg 1200w, https:\/\/www.ebg.de\/wp-content\/uploads\/2022\/03\/FBZ2.jpg 2048w\" sizes=\"auto, (max-width: 1024px) 100vw, 1024px\" \/><\/figure><\/li><li class=\"blocks-gallery-item\"><figure><img loading=\"lazy\" decoding=\"async\" width=\"1024\" height=\"768\" src=\"https:\/\/www.ebg.de\/wp-content\/uploads\/2022\/03\/FBZ3-1024x768.jpg\" alt=\"\" data-id=\"18712\" data-full-url=\"https:\/\/www.ebg.de\/wp-content\/uploads\/2022\/03\/FBZ3.jpg\" data-link=\"https:\/\/www.ebg.de\/?attachment_id=18712\" class=\"wp-image-18712\" srcset=\"https:\/\/www.ebg.de\/wp-content\/uploads\/2022\/03\/FBZ3-1024x768.jpg 1024w, https:\/\/www.ebg.de\/wp-content\/uploads\/2022\/03\/FBZ3-300x225.jpg 300w, https:\/\/www.ebg.de\/wp-content\/uploads\/2022\/03\/FBZ3-768x576.jpg 768w, https:\/\/www.ebg.de\/wp-content\/uploads\/2022\/03\/FBZ3-1536x1152.jpg 1536w, https:\/\/www.ebg.de\/wp-content\/uploads\/2022\/03\/FBZ3-900x675.jpg 900w, https:\/\/www.ebg.de\/wp-content\/uploads\/2022\/03\/FBZ3-1200x900.jpg 1200w, https:\/\/www.ebg.de\/wp-content\/uploads\/2022\/03\/FBZ3.jpg 2048w\" sizes=\"auto, (max-width: 1024px) 100vw, 1024px\" \/><\/figure><\/li><\/ul><\/figure>\n\n\n\n<p>Am Mittwochnachmittag wurden dann 15 gro\u00dfe Kartons gef\u00fcllt mit Nahrungsmitteln, Medikamenten, Baby &#8211; und Hygieneartikeln, sowie Spielzeug in die Sudenburger Wuhne bei Mekka Events direkt auf den LKW verladen, der noch am gleichen Tag seine Fahrt zur polnischen Grenze begann.<\/p>\n\n\n\n<figure class=\"wp-block-image size-large\"><img loading=\"lazy\" decoding=\"async\" width=\"1024\" height=\"768\" src=\"https:\/\/www.ebg.de\/wp-content\/uploads\/2022\/03\/FBZ4.jpg\" alt=\"\" class=\"wp-image-18714\" srcset=\"https:\/\/www.ebg.de\/wp-content\/uploads\/2022\/03\/FBZ4.jpg 1024w, https:\/\/www.ebg.de\/wp-content\/uploads\/2022\/03\/FBZ4-300x225.jpg 300w, https:\/\/www.ebg.de\/wp-content\/uploads\/2022\/03\/FBZ4-768x576.jpg 768w, https:\/\/www.ebg.de\/wp-content\/uploads\/2022\/03\/FBZ4-900x675.jpg 900w\" sizes=\"auto, (max-width: 1024px) 100vw, 1024px\" \/><\/figure>\n","protected":false},"excerpt":{"rendered":"<p>Das EBG hilft der Ukraine<\/p>\n","protected":false},"author":22,"featured_media":18716,"comment_status":"closed","ping_status":"closed","sticky":false,"template":"","format":"standard","meta":{"_acf_changed":false,"footnotes":""},"categories":[19],"tags":[],"class_list":["post-18703","post","type-post","status-publish","format-standard","has-post-thumbnail","hentry","category-news-magdeburg-schulen"],"acf":[],"yoast_head":"<!-- This site is optimized with the Yoast SEO plugin v26.9 - https:\/\/yoast.com\/product\/yoast-seo-wordpress\/ -->\n<title>Sammelaktion unserer Schule f\u00fcr die Ukraine - Europ\u00e4isches Bildungswerk f\u00fcr Beruf und Gesellschaft<\/title>\n<meta name=\"robots\" content=\"index, follow, max-snippet:-1, max-image-preview:large, max-video-preview:-1\" \/>\n<link rel=\"canonical\" href=\"https:\/\/www.ebg.de\/sammelaktion-unserer-schule-fuer-die-ukraine\/\" \/>\n<meta property=\"og:locale\" content=\"en_US\" \/>\n<meta property=\"og:type\" content=\"article\" \/>\n<meta property=\"og:title\" content=\"Sammelaktion unserer Schule f\u00fcr die Ukraine - Europ\u00e4isches Bildungswerk f\u00fcr Beruf und Gesellschaft\" \/>\n<meta property=\"og:description\" content=\"Das EBG hilft der Ukraine\" \/>\n<meta property=\"og:url\" content=\"https:\/\/www.ebg.de\/sammelaktion-unserer-schule-fuer-die-ukraine\/\" \/>\n<meta property=\"og:site_name\" content=\"Europ\u00e4isches Bildungswerk f\u00fcr Beruf und Gesellschaft\" \/>\n<meta property=\"article:published_time\" content=\"2022-03-07T12:56:13+00:00\" \/>\n<meta property=\"og:image\" content=\"https:\/\/www.ebg.de\/wp-content\/uploads\/2022\/03\/FBZ6.jpg\" \/>\n\t<meta property=\"og:image:width\" content=\"900\" \/>\n\t<meta property=\"og:image:height\" content=\"453\" \/>\n\t<meta property=\"og:image:type\" content=\"image\/jpeg\" \/>\n<meta name=\"author\" content=\"Stephan Deubner\" \/>\n<meta name=\"twitter:card\" content=\"summary_large_image\" \/>\n<meta name=\"twitter:label1\" content=\"Written by\" \/>\n\t<meta name=\"twitter:data1\" content=\"Stephan Deubner\" \/>\n\t<meta name=\"twitter:label2\" content=\"Est. reading time\" \/>\n\t<meta name=\"twitter:data2\" content=\"1 minute\" \/>\n<!-- \/ Yoast SEO plugin. -->","yoast_head_json":{"title":"Sammelaktion unserer Schule f\u00fcr die Ukraine - Europ\u00e4isches Bildungswerk f\u00fcr Beruf und Gesellschaft","robots":{"index":"index","follow":"follow","max-snippet":"max-snippet:-1","max-image-preview":"max-image-preview:large","max-video-preview":"max-video-preview:-1"},"canonical":"https:\/\/www.ebg.de\/sammelaktion-unserer-schule-fuer-die-ukraine\/","og_locale":"en_US","og_type":"article","og_title":"Sammelaktion unserer Schule f\u00fcr die Ukraine - Europ\u00e4isches Bildungswerk f\u00fcr Beruf und Gesellschaft","og_description":"Das EBG hilft der Ukraine","og_url":"https:\/\/www.ebg.de\/sammelaktion-unserer-schule-fuer-die-ukraine\/","og_site_name":"Europ\u00e4isches Bildungswerk f\u00fcr Beruf und Gesellschaft","article_published_time":"2022-03-07T12:56:13+00:00","og_image":[{"width":900,"height":453,"url":"https:\/\/www.ebg.de\/wp-content\/uploads\/2022\/03\/FBZ6.jpg","type":"image\/jpeg"}],"author":"Stephan Deubner","twitter_card":"summary_large_image","twitter_misc":{"Written by":"Stephan Deubner","Est. reading time":"1 minute"},"schema":{"@context":"https:\/\/schema.org","@graph":[{"@type":"Article","@id":"https:\/\/www.ebg.de\/sammelaktion-unserer-schule-fuer-die-ukraine\/#article","isPartOf":{"@id":"https:\/\/www.ebg.de\/sammelaktion-unserer-schule-fuer-die-ukraine\/"},"author":{"name":"Stephan Deubner","@id":"https:\/\/www.ebg.de\/#\/schema\/person\/af645ea1741029d9a44ae532ceb268bc"},"headline":"Sammelaktion unserer Schule f\u00fcr die Ukraine","datePublished":"2022-03-07T12:56:13+00:00","mainEntityOfPage":{"@id":"https:\/\/www.ebg.de\/sammelaktion-unserer-schule-fuer-die-ukraine\/"},"wordCount":133,"image":{"@id":"https:\/\/www.ebg.de\/sammelaktion-unserer-schule-fuer-die-ukraine\/#primaryimage"},"thumbnailUrl":"https:\/\/www.ebg.de\/wp-content\/uploads\/2022\/03\/FBZ6.jpg","articleSection":["News - Magdeburg Schulen"],"inLanguage":"en-US"},{"@type":"WebPage","@id":"https:\/\/www.ebg.de\/sammelaktion-unserer-schule-fuer-die-ukraine\/","url":"https:\/\/www.ebg.de\/sammelaktion-unserer-schule-fuer-die-ukraine\/","name":"Sammelaktion unserer Schule f\u00fcr die Ukraine - Europ\u00e4isches Bildungswerk f\u00fcr Beruf und Gesellschaft","isPartOf":{"@id":"https:\/\/www.ebg.de\/#website"},"primaryImageOfPage":{"@id":"https:\/\/www.ebg.de\/sammelaktion-unserer-schule-fuer-die-ukraine\/#primaryimage"},"image":{"@id":"https:\/\/www.ebg.de\/sammelaktion-unserer-schule-fuer-die-ukraine\/#primaryimage"},"thumbnailUrl":"https:\/\/www.ebg.de\/wp-content\/uploads\/2022\/03\/FBZ6.jpg","datePublished":"2022-03-07T12:56:13+00:00","author":{"@id":"https:\/\/www.ebg.de\/#\/schema\/person\/af645ea1741029d9a44ae532ceb268bc"},"breadcrumb":{"@id":"https:\/\/www.ebg.de\/sammelaktion-unserer-schule-fuer-die-ukraine\/#breadcrumb"},"inLanguage":"en-US","potentialAction":[{"@type":"ReadAction","target":["https:\/\/www.ebg.de\/sammelaktion-unserer-schule-fuer-die-ukraine\/"]}]},{"@type":"ImageObject","inLanguage":"en-US","@id":"https:\/\/www.ebg.de\/sammelaktion-unserer-schule-fuer-die-ukraine\/#primaryimage","url":"https:\/\/www.ebg.de\/wp-content\/uploads\/2022\/03\/FBZ6.jpg","contentUrl":"https:\/\/www.ebg.de\/wp-content\/uploads\/2022\/03\/FBZ6.jpg","width":900,"height":453},{"@type":"BreadcrumbList","@id":"https:\/\/www.ebg.de\/sammelaktion-unserer-schule-fuer-die-ukraine\/#breadcrumb","itemListElement":[{"@type":"ListItem","position":1,"name":"Startseite","item":"https:\/\/www.ebg.de\/"},{"@type":"ListItem","position":2,"name":"Sammelaktion unserer Schule f\u00fcr die Ukraine"}]},{"@type":"WebSite","@id":"https:\/\/www.ebg.de\/#website","url":"https:\/\/www.ebg.de\/","name":"Europ\u00e4isches Bildungswerk f\u00fcr Beruf und Gesellschaft","description":"Bildung, Ausbildung und Weiterbildung","potentialAction":[{"@type":"SearchAction","target":{"@type":"EntryPoint","urlTemplate":"https:\/\/www.ebg.de\/?s={search_term_string}"},"query-input":{"@type":"PropertyValueSpecification","valueRequired":true,"valueName":"search_term_string"}}],"inLanguage":"en-US"},{"@type":"Person","@id":"https:\/\/www.ebg.de\/#\/schema\/person\/af645ea1741029d9a44ae532ceb268bc","name":"Stephan Deubner","image":{"@type":"ImageObject","inLanguage":"en-US","@id":"https:\/\/www.ebg.de\/#\/schema\/person\/image\/","url":"https:\/\/secure.gravatar.com\/avatar\/35731f6a08afa0518c45f153077f6135c0f41aa2ae0b76e850ef9508976a7bbe?s=96&d=mm&r=g","contentUrl":"https:\/\/secure.gravatar.com\/avatar\/35731f6a08afa0518c45f153077f6135c0f41aa2ae0b76e850ef9508976a7bbe?s=96&d=mm&r=g","caption":"Stephan Deubner"},"url":"https:\/\/www.ebg.de\/en\/author\/sdeubner\/"}]}},"_links":{"self":[{"href":"https:\/\/www.ebg.de\/en\/wp-json\/wp\/v2\/posts\/18703","targetHints":{"allow":["GET"]}}],"collection":[{"href":"https:\/\/www.ebg.de\/en\/wp-json\/wp\/v2\/posts"}],"about":[{"href":"https:\/\/www.ebg.de\/en\/wp-json\/wp\/v2\/types\/post"}],"author":[{"embeddable":true,"href":"https:\/\/www.ebg.de\/en\/wp-json\/wp\/v2\/users\/22"}],"replies":[{"embeddable":true,"href":"https:\/\/www.ebg.de\/en\/wp-json\/wp\/v2\/comments?post=18703"}],"version-history":[{"count":2,"href":"https:\/\/www.ebg.de\/en\/wp-json\/wp\/v2\/posts\/18703\/revisions"}],"predecessor-version":[{"id":18719,"href":"https:\/\/www.ebg.de\/en\/wp-json\/wp\/v2\/posts\/18703\/revisions\/18719"}],"wp:featuredmedia":[{"embeddable":true,"href":"https:\/\/www.ebg.de\/en\/wp-json\/wp\/v2\/media\/18716"}],"wp:attachment":[{"href":"https:\/\/www.ebg.de\/en\/wp-json\/wp\/v2\/media?parent=18703"}],"wp:term":[{"taxonomy":"category","embeddable":true,"href":"https:\/\/www.ebg.de\/en\/wp-json\/wp\/v2\/categories?post=18703"},{"taxonomy":"post_tag","embeddable":true,"href":"https:\/\/www.ebg.de\/en\/wp-json\/wp\/v2\/tags?post=18703"}],"curies":[{"name":"wp","href":"https:\/\/api.w.org\/{rel}","templated":true}]}}