{"id":18574,"date":"2022-03-03T10:51:24","date_gmt":"2022-03-03T09:51:24","guid":{"rendered":"https:\/\/www.ebg.de\/?p=18574"},"modified":"2022-03-03T11:24:00","modified_gmt":"2022-03-03T10:24:00","slug":"stellungnahme-des-evbb-zum-krieg-gegen-die-ukraine","status":"publish","type":"post","link":"https:\/\/www.ebg.de\/en\/stellungnahme-des-evbb-zum-krieg-gegen-die-ukraine\/","title":{"rendered":"Stellungnahme des EVBB zum Krieg gegen die Ukraine"},"content":{"rendered":"\n<h1 class=\"wp-block-heading\"><\/h1>\n\n\n\n<p>Der Europ\u00e4ische Verband der Berufsbildungsinstitute (EVBB) ist ein internationaler Dachverband unabh\u00e4ngiger und gemeinn\u00fctziger Bildungs- und Berufsbildungsanbieter mit mehr als 65 Mitgliedern, mehr als 32.000 Lehrkr\u00e4ften und 3 Millionen Lernenden. Wir alle bekennen uns zu einer weltoffenen allgemeinen und beruflichen Bildung unter Einbeziehung sozialer, wirtschaftlicher und gesellschaftspolitischer Belange, die Chancengleichheit f\u00fcr alle schafft. Bildung und Berufsbildung sind per se auf den politischen Kontext bezogen, in dem sie sich ereignen, und sollen damit unmittelbar der V\u00f6lkerverst\u00e4ndigung dienen und zum friedlichen Zusammenleben in der einen und einzigen Welt, in der wir leben, beitragen. Das hat der EVBB in seiner Satzung zum Ausdruck gebracht. In diesem Zusammenhang sind wir alle sehr ersch\u00fcttert von den Kriegsbildern, und die gro\u00dfe humanit\u00e4re Katastrophe, die derzeit in der Ukraine stattfindet. In ganz Europa und dar\u00fcber hinaus sehen wir Menschen und Gruppen der Zivilgesellschaft, die zum Frieden aufrufen und jeden Akt der Aggression und Gewalt verurteilen, der Trag\u00f6dien, Traumata und letztendlich den Tod in der Ukraine, dem Herzen Europas, verursacht. Wir vereinen unsere Stimmen mit ihren und fordern alle Parteien, die f\u00fcr diese Aggression gegen die Ukraine und schlie\u00dflich gegen ganz Europa verantwortlich sind, auf, diese Invasion sofort zu stoppen und zum Frieden zur\u00fcckzukehren.<\/p>\n\n\n\n<p>Dementsprechend schlie\u00dfen sich alle Mitglieder des EVBB-Exekutivkomitees ihrer Stimme an, um den Angriff auf die Ukraine aufs Sch\u00e4rfste zu verurteilen und ihre Solidarit\u00e4t mit den Menschen in der Ukraine auszudr\u00fccken.<\/p>\n\n\n\n<p>Thiemo Fojkar (BBB)<br>\u200b\u200bPr\u00e4sident des EVBB<\/p>\n\n\n\n<p><\/p>\n\n\n\n<p><a href=\"https:\/\/evbb.eu\/news\/2022\/03\/02\/statement-of-the-evbb-on-the-war-against-ukraine\/\" target=\"_blank\" rel=\"noreferrer noopener\">LINK zur EVBB Seite<\/a><\/p>\n\n\n\n<h1 class=\"wp-block-heading\">Statement of the EVBB<br>on the War against Ukraine<\/h1>\n\n\n\n<p>The European Association of Institutes for Vocational Training (EVBB), is an international umbrella association of independent and non-profit providers of educational and vocational training representing more than 65 members, with more than 32.000 teachers and 3 million learners. We are all aligned to a liberal minded general and vocational education including social, economic, and socio-political issues that will provide equal opportunities for all. Education and vocational training are per se related to the political context in which they occur and are thereby designed to directly promote international understanding and to contribute to peaceful coexistence in the one and only world in which we live.&nbsp; This is what EVBB has expressed in its statutes. Within this context, we are all extremely shocked by the images of war, and the wide humanitarian catastrophe being currently conducted in Ukraine. All across Europe and beyond, we see people and Civil Society groups call for peace and to condemn any act of aggression and violence causing tragedies, traumas and ultimately death in Ukraine, the heart of Europe. We unite our voices to theirs, urging all parties responsible for this aggression against Ukraine and finally against all of Europe to immediately stop this invasion and return to peace.<\/p>\n\n\n\n<p>Accordingly, all members of the EVBB Executive Committee are joining their voice to strongly condemn the attack on Ukraine and express their solidarity with the people of Ukraine.<\/p>\n\n\n\n<p>Thiemo Fojkar (BBB)<br>President of the EVBB<\/p>\n","protected":false},"excerpt":{"rendered":"<p>Wir sind alle sehr ersch\u00fcttert von den Kriegsbildern, und die gro\u00dfe humanit\u00e4re Katastrophe, die derzeit in der Ukraine stattfindet.<\/p>\n","protected":false},"author":2,"featured_media":18582,"comment_status":"closed","ping_status":"closed","sticky":false,"template":"","format":"standard","meta":{"_acf_changed":false,"footnotes":""},"categories":[22],"tags":[],"class_list":["post-18574","post","type-post","status-publish","format-standard","has-post-thumbnail","hentry","category-news-gf"],"acf":[],"yoast_head":"<!-- This site is optimized with the Yoast SEO plugin v26.9 - https:\/\/yoast.com\/product\/yoast-seo-wordpress\/ -->\n<title>Stellungnahme des EVBB zum Krieg gegen die Ukraine - Europ\u00e4isches Bildungswerk f\u00fcr Beruf und Gesellschaft<\/title>\n<meta name=\"robots\" content=\"index, follow, max-snippet:-1, max-image-preview:large, max-video-preview:-1\" \/>\n<link rel=\"canonical\" href=\"https:\/\/www.ebg.de\/stellungnahme-des-evbb-zum-krieg-gegen-die-ukraine\/\" \/>\n<meta property=\"og:locale\" content=\"en_US\" \/>\n<meta property=\"og:type\" content=\"article\" \/>\n<meta property=\"og:title\" content=\"Stellungnahme des EVBB zum Krieg gegen die Ukraine - Europ\u00e4isches Bildungswerk f\u00fcr Beruf und Gesellschaft\" \/>\n<meta property=\"og:description\" content=\"Wir sind alle sehr ersch\u00fcttert von den Kriegsbildern, und die gro\u00dfe humanit\u00e4re Katastrophe, die derzeit in der Ukraine stattfindet.\" \/>\n<meta property=\"og:url\" content=\"https:\/\/www.ebg.de\/stellungnahme-des-evbb-zum-krieg-gegen-die-ukraine\/\" \/>\n<meta property=\"og:site_name\" content=\"Europ\u00e4isches Bildungswerk f\u00fcr Beruf und Gesellschaft\" \/>\n<meta property=\"article:published_time\" content=\"2022-03-03T09:51:24+00:00\" \/>\n<meta property=\"article:modified_time\" content=\"2022-03-03T10:24:00+00:00\" \/>\n<meta property=\"og:image\" content=\"https:\/\/www.ebg.de\/wp-content\/uploads\/2022\/03\/Statement-of-the-EVBB-on-the-War-against-Ukraine-1000-\u00d7-600px.jpg\" \/>\n\t<meta property=\"og:image:width\" content=\"900\" \/>\n\t<meta property=\"og:image:height\" content=\"453\" \/>\n\t<meta property=\"og:image:type\" content=\"image\/jpeg\" \/>\n<meta name=\"author\" content=\"Carla R\u00f6blitz\" \/>\n<meta name=\"twitter:card\" content=\"summary_large_image\" \/>\n<meta name=\"twitter:label1\" content=\"Written by\" \/>\n\t<meta name=\"twitter:data1\" content=\"Carla R\u00f6blitz\" \/>\n\t<meta name=\"twitter:label2\" content=\"Est. reading time\" \/>\n\t<meta name=\"twitter:data2\" content=\"2 minutes\" \/>\n<!-- \/ Yoast SEO plugin. -->","yoast_head_json":{"title":"Stellungnahme des EVBB zum Krieg gegen die Ukraine - Europ\u00e4isches Bildungswerk f\u00fcr Beruf und Gesellschaft","robots":{"index":"index","follow":"follow","max-snippet":"max-snippet:-1","max-image-preview":"max-image-preview:large","max-video-preview":"max-video-preview:-1"},"canonical":"https:\/\/www.ebg.de\/stellungnahme-des-evbb-zum-krieg-gegen-die-ukraine\/","og_locale":"en_US","og_type":"article","og_title":"Stellungnahme des EVBB zum Krieg gegen die Ukraine - Europ\u00e4isches Bildungswerk f\u00fcr Beruf und Gesellschaft","og_description":"Wir sind alle sehr ersch\u00fcttert von den Kriegsbildern, und die gro\u00dfe humanit\u00e4re Katastrophe, die derzeit in der Ukraine stattfindet.","og_url":"https:\/\/www.ebg.de\/stellungnahme-des-evbb-zum-krieg-gegen-die-ukraine\/","og_site_name":"Europ\u00e4isches Bildungswerk f\u00fcr Beruf und Gesellschaft","article_published_time":"2022-03-03T09:51:24+00:00","article_modified_time":"2022-03-03T10:24:00+00:00","og_image":[{"width":900,"height":453,"url":"https:\/\/www.ebg.de\/wp-content\/uploads\/2022\/03\/Statement-of-the-EVBB-on-the-War-against-Ukraine-1000-\u00d7-600px.jpg","type":"image\/jpeg"}],"author":"Carla R\u00f6blitz","twitter_card":"summary_large_image","twitter_misc":{"Written by":"Carla R\u00f6blitz","Est. reading time":"2 minutes"},"schema":{"@context":"https:\/\/schema.org","@graph":[{"@type":"Article","@id":"https:\/\/www.ebg.de\/stellungnahme-des-evbb-zum-krieg-gegen-die-ukraine\/#article","isPartOf":{"@id":"https:\/\/www.ebg.de\/stellungnahme-des-evbb-zum-krieg-gegen-die-ukraine\/"},"author":{"name":"Carla R\u00f6blitz","@id":"https:\/\/www.ebg.de\/#\/schema\/person\/6194a3051c516578ca559a6b15ac8fd8"},"headline":"Stellungnahme des EVBB zum Krieg gegen die Ukraine","datePublished":"2022-03-03T09:51:24+00:00","dateModified":"2022-03-03T10:24:00+00:00","mainEntityOfPage":{"@id":"https:\/\/www.ebg.de\/stellungnahme-des-evbb-zum-krieg-gegen-die-ukraine\/"},"wordCount":503,"image":{"@id":"https:\/\/www.ebg.de\/stellungnahme-des-evbb-zum-krieg-gegen-die-ukraine\/#primaryimage"},"thumbnailUrl":"https:\/\/www.ebg.de\/wp-content\/uploads\/2022\/03\/Statement-of-the-EVBB-on-the-War-against-Ukraine-1000-\u00d7-600px.jpg","articleSection":["News-GF"],"inLanguage":"en-US"},{"@type":"WebPage","@id":"https:\/\/www.ebg.de\/stellungnahme-des-evbb-zum-krieg-gegen-die-ukraine\/","url":"https:\/\/www.ebg.de\/stellungnahme-des-evbb-zum-krieg-gegen-die-ukraine\/","name":"Stellungnahme des EVBB zum Krieg gegen die Ukraine - Europ\u00e4isches Bildungswerk f\u00fcr Beruf und Gesellschaft","isPartOf":{"@id":"https:\/\/www.ebg.de\/#website"},"primaryImageOfPage":{"@id":"https:\/\/www.ebg.de\/stellungnahme-des-evbb-zum-krieg-gegen-die-ukraine\/#primaryimage"},"image":{"@id":"https:\/\/www.ebg.de\/stellungnahme-des-evbb-zum-krieg-gegen-die-ukraine\/#primaryimage"},"thumbnailUrl":"https:\/\/www.ebg.de\/wp-content\/uploads\/2022\/03\/Statement-of-the-EVBB-on-the-War-against-Ukraine-1000-\u00d7-600px.jpg","datePublished":"2022-03-03T09:51:24+00:00","dateModified":"2022-03-03T10:24:00+00:00","author":{"@id":"https:\/\/www.ebg.de\/#\/schema\/person\/6194a3051c516578ca559a6b15ac8fd8"},"breadcrumb":{"@id":"https:\/\/www.ebg.de\/stellungnahme-des-evbb-zum-krieg-gegen-die-ukraine\/#breadcrumb"},"inLanguage":"en-US","potentialAction":[{"@type":"ReadAction","target":["https:\/\/www.ebg.de\/stellungnahme-des-evbb-zum-krieg-gegen-die-ukraine\/"]}]},{"@type":"ImageObject","inLanguage":"en-US","@id":"https:\/\/www.ebg.de\/stellungnahme-des-evbb-zum-krieg-gegen-die-ukraine\/#primaryimage","url":"https:\/\/www.ebg.de\/wp-content\/uploads\/2022\/03\/Statement-of-the-EVBB-on-the-War-against-Ukraine-1000-\u00d7-600px.jpg","contentUrl":"https:\/\/www.ebg.de\/wp-content\/uploads\/2022\/03\/Statement-of-the-EVBB-on-the-War-against-Ukraine-1000-\u00d7-600px.jpg","width":900,"height":453},{"@type":"BreadcrumbList","@id":"https:\/\/www.ebg.de\/stellungnahme-des-evbb-zum-krieg-gegen-die-ukraine\/#breadcrumb","itemListElement":[{"@type":"ListItem","position":1,"name":"Startseite","item":"https:\/\/www.ebg.de\/"},{"@type":"ListItem","position":2,"name":"Stellungnahme des EVBB zum Krieg gegen die Ukraine"}]},{"@type":"WebSite","@id":"https:\/\/www.ebg.de\/#website","url":"https:\/\/www.ebg.de\/","name":"Europ\u00e4isches Bildungswerk f\u00fcr Beruf und Gesellschaft","description":"Bildung, Ausbildung und Weiterbildung","potentialAction":[{"@type":"SearchAction","target":{"@type":"EntryPoint","urlTemplate":"https:\/\/www.ebg.de\/?s={search_term_string}"},"query-input":{"@type":"PropertyValueSpecification","valueRequired":true,"valueName":"search_term_string"}}],"inLanguage":"en-US"},{"@type":"Person","@id":"https:\/\/www.ebg.de\/#\/schema\/person\/6194a3051c516578ca559a6b15ac8fd8","name":"Carla R\u00f6blitz","image":{"@type":"ImageObject","inLanguage":"en-US","@id":"https:\/\/www.ebg.de\/#\/schema\/person\/image\/","url":"https:\/\/secure.gravatar.com\/avatar\/a857149204a48781b4d141524fc4cbc60c48bb5682271a5e2762174f7ac85a2d?s=96&d=mm&r=g","contentUrl":"https:\/\/secure.gravatar.com\/avatar\/a857149204a48781b4d141524fc4cbc60c48bb5682271a5e2762174f7ac85a2d?s=96&d=mm&r=g","caption":"Carla R\u00f6blitz"},"url":"https:\/\/www.ebg.de\/en\/author\/croeblitz\/"}]}},"_links":{"self":[{"href":"https:\/\/www.ebg.de\/en\/wp-json\/wp\/v2\/posts\/18574","targetHints":{"allow":["GET"]}}],"collection":[{"href":"https:\/\/www.ebg.de\/en\/wp-json\/wp\/v2\/posts"}],"about":[{"href":"https:\/\/www.ebg.de\/en\/wp-json\/wp\/v2\/types\/post"}],"author":[{"embeddable":true,"href":"https:\/\/www.ebg.de\/en\/wp-json\/wp\/v2\/users\/2"}],"replies":[{"embeddable":true,"href":"https:\/\/www.ebg.de\/en\/wp-json\/wp\/v2\/comments?post=18574"}],"version-history":[{"count":8,"href":"https:\/\/www.ebg.de\/en\/wp-json\/wp\/v2\/posts\/18574\/revisions"}],"predecessor-version":[{"id":18679,"href":"https:\/\/www.ebg.de\/en\/wp-json\/wp\/v2\/posts\/18574\/revisions\/18679"}],"wp:featuredmedia":[{"embeddable":true,"href":"https:\/\/www.ebg.de\/en\/wp-json\/wp\/v2\/media\/18582"}],"wp:attachment":[{"href":"https:\/\/www.ebg.de\/en\/wp-json\/wp\/v2\/media?parent=18574"}],"wp:term":[{"taxonomy":"category","embeddable":true,"href":"https:\/\/www.ebg.de\/en\/wp-json\/wp\/v2\/categories?post=18574"},{"taxonomy":"post_tag","embeddable":true,"href":"https:\/\/www.ebg.de\/en\/wp-json\/wp\/v2\/tags?post=18574"}],"curies":[{"name":"wp","href":"https:\/\/api.w.org\/{rel}","templated":true}]}}