{"id":18311,"date":"2022-02-26T20:09:57","date_gmt":"2022-02-26T19:09:57","guid":{"rendered":"https:\/\/www.ebg.de\/?p=18311"},"modified":"2022-03-07T11:42:38","modified_gmt":"2022-03-07T10:42:38","slug":"10jaehriges-jubilaeum","status":"publish","type":"post","link":"https:\/\/www.ebg.de\/en\/10jaehriges-jubilaeum\/","title":{"rendered":"10j\u00e4hriges Jubil\u00e4um"},"content":{"rendered":"\n<p>Mit Trommelmusik, Gesang ,Tanz und einem Banner in der Hand, zogen wir auf den Halberst\u00e4dter Marktplatz und luden die Halberst\u00e4dter B\u00fcrger*innen ein, mit uns fr\u00f6hlich zu sein. <\/p>\n\n\n\n<figure class=\"wp-block-image size-large\"><img loading=\"lazy\" decoding=\"async\" width=\"1024\" height=\"768\" src=\"https:\/\/www.ebg.de\/wp-content\/uploads\/2022\/02\/Marktplatz-1024x768.jpg\" alt=\"\" class=\"wp-image-18314\" srcset=\"https:\/\/www.ebg.de\/wp-content\/uploads\/2022\/02\/Marktplatz-1024x768.jpg 1024w, https:\/\/www.ebg.de\/wp-content\/uploads\/2022\/02\/Marktplatz-300x225.jpg 300w, https:\/\/www.ebg.de\/wp-content\/uploads\/2022\/02\/Marktplatz-768x576.jpg 768w, https:\/\/www.ebg.de\/wp-content\/uploads\/2022\/02\/Marktplatz-1536x1152.jpg 1536w, https:\/\/www.ebg.de\/wp-content\/uploads\/2022\/02\/Marktplatz-900x675.jpg 900w, https:\/\/www.ebg.de\/wp-content\/uploads\/2022\/02\/Marktplatz-1200x900.jpg 1200w, https:\/\/www.ebg.de\/wp-content\/uploads\/2022\/02\/Marktplatz.jpg 1600w\" sizes=\"auto, (max-width: 1024px) 100vw, 1024px\" \/><\/figure>\n\n\n\n<p>Zur selben Zeit formten Sch\u00fcler*innen auf dem Schulhof die Zahl 10 aus blauen T\u00fcchern, dies wurde durch eine Drohne von Herrn Kullmann bildlich festgehalten.<\/p>\n\n\n\n<figure class=\"wp-block-image size-large\"><img loading=\"lazy\" decoding=\"async\" width=\"1024\" height=\"841\" src=\"https:\/\/www.ebg.de\/wp-content\/uploads\/2022\/02\/Personen-10-1024x841.jpg\" alt=\"Foto von Johannes Bullmann\" class=\"wp-image-18318\" srcset=\"https:\/\/www.ebg.de\/wp-content\/uploads\/2022\/02\/Personen-10-1024x841.jpg 1024w, https:\/\/www.ebg.de\/wp-content\/uploads\/2022\/02\/Personen-10-300x246.jpg 300w, https:\/\/www.ebg.de\/wp-content\/uploads\/2022\/02\/Personen-10-768x630.jpg 768w, https:\/\/www.ebg.de\/wp-content\/uploads\/2022\/02\/Personen-10-1536x1261.jpg 1536w, https:\/\/www.ebg.de\/wp-content\/uploads\/2022\/02\/Personen-10-2048x1681.jpg 2048w, https:\/\/www.ebg.de\/wp-content\/uploads\/2022\/02\/Personen-10-900x739.jpg 900w, https:\/\/www.ebg.de\/wp-content\/uploads\/2022\/02\/Personen-10-1200x985.jpg 1200w\" sizes=\"auto, (max-width: 1024px) 100vw, 1024px\" \/><figcaption>Foto v. Johannes Kullmann Lighthouse_photographix<\/figcaption><\/figure>\n\n\n\n<p>Mit einem R\u00e4tselraum \u00fcberraschten wir, das Lehrerteam, unsere Sch\u00fcler*innen und forderten Sie heraus, viele Informationen \u00fcber das Schulgeb\u00e4ude und das 10j\u00e4hrige Schulleben, mit seinen ganz besonderen Highlights, zu entdecken.<\/p>\n\n\n\n<p>Sogar ein Geburtstagskuchen, in Form einer 10, stand auf dem Tisch und durfte nat\u00fcrlich genussvoll verzehrt werden.  <\/p>\n\n\n\n<p>Aber nicht nur laut sollte es sein, f\u00fcr Entspannung sorgten Frau Kappe und Frau Opitz  und luden die Sch\u00fcler*innen zu einer Yogastunde ein.<\/p>\n\n\n\n<p><\/p>\n\n\n\n<p>Schon Tage zuvor verbrachten wir viele Stunden, um unseren Jubil\u00e4umsfilm zu drehen, der bald auf dem Kanal des Regionalfernsehens Harz zu sehen sein wird.<\/p>\n\n\n\n<p><\/p>\n","protected":false},"excerpt":{"rendered":"<p>Am 01.02.2022 feierten wir unser 10j\u00e4hriges Jubil\u00e4um. <\/p>\n","protected":false},"author":19,"featured_media":18320,"comment_status":"closed","ping_status":"closed","sticky":false,"template":"","format":"standard","meta":{"_acf_changed":false,"footnotes":""},"categories":[28],"tags":[],"class_list":["post-18311","post","type-post","status-publish","format-standard","has-post-thumbnail","hentry","category-news-halberstadt-schulen"],"acf":[],"yoast_head":"<!-- This site is optimized with the Yoast SEO plugin v26.9 - https:\/\/yoast.com\/product\/yoast-seo-wordpress\/ -->\n<title>10j\u00e4hriges Jubil\u00e4um - Europ\u00e4isches Bildungswerk f\u00fcr Beruf und Gesellschaft<\/title>\n<meta name=\"robots\" content=\"index, follow, max-snippet:-1, max-image-preview:large, max-video-preview:-1\" \/>\n<link rel=\"canonical\" href=\"https:\/\/www.ebg.de\/10jaehriges-jubilaeum\/\" \/>\n<meta property=\"og:locale\" content=\"en_US\" \/>\n<meta property=\"og:type\" content=\"article\" \/>\n<meta property=\"og:title\" content=\"10j\u00e4hriges Jubil\u00e4um - Europ\u00e4isches Bildungswerk f\u00fcr Beruf und Gesellschaft\" \/>\n<meta property=\"og:description\" content=\"Am 01.02.2022 feierten wir unser 10j\u00e4hriges Jubil\u00e4um.\" \/>\n<meta property=\"og:url\" content=\"https:\/\/www.ebg.de\/10jaehriges-jubilaeum\/\" \/>\n<meta property=\"og:site_name\" content=\"Europ\u00e4isches Bildungswerk f\u00fcr Beruf und Gesellschaft\" \/>\n<meta property=\"article:published_time\" content=\"2022-02-26T19:09:57+00:00\" \/>\n<meta property=\"article:modified_time\" content=\"2022-03-07T10:42:38+00:00\" \/>\n<meta property=\"og:image\" content=\"https:\/\/www.ebg.de\/wp-content\/uploads\/2022\/02\/Screenshot_20220201_171035_com.whatsapp_edit_109544100535352.jpg\" \/>\n\t<meta property=\"og:image:width\" content=\"1069\" \/>\n\t<meta property=\"og:image:height\" content=\"785\" \/>\n\t<meta property=\"og:image:type\" content=\"image\/jpeg\" \/>\n<meta name=\"author\" content=\"Nicole Jebauer\" \/>\n<meta name=\"twitter:card\" content=\"summary_large_image\" \/>\n<meta name=\"twitter:label1\" content=\"Written by\" \/>\n\t<meta name=\"twitter:data1\" content=\"Nicole Jebauer\" \/>\n\t<meta name=\"twitter:label2\" content=\"Est. reading time\" \/>\n\t<meta name=\"twitter:data2\" content=\"1 minute\" \/>\n<!-- \/ Yoast SEO plugin. -->","yoast_head_json":{"title":"10j\u00e4hriges Jubil\u00e4um - Europ\u00e4isches Bildungswerk f\u00fcr Beruf und Gesellschaft","robots":{"index":"index","follow":"follow","max-snippet":"max-snippet:-1","max-image-preview":"max-image-preview:large","max-video-preview":"max-video-preview:-1"},"canonical":"https:\/\/www.ebg.de\/10jaehriges-jubilaeum\/","og_locale":"en_US","og_type":"article","og_title":"10j\u00e4hriges Jubil\u00e4um - Europ\u00e4isches Bildungswerk f\u00fcr Beruf und Gesellschaft","og_description":"Am 01.02.2022 feierten wir unser 10j\u00e4hriges Jubil\u00e4um.","og_url":"https:\/\/www.ebg.de\/10jaehriges-jubilaeum\/","og_site_name":"Europ\u00e4isches Bildungswerk f\u00fcr Beruf und Gesellschaft","article_published_time":"2022-02-26T19:09:57+00:00","article_modified_time":"2022-03-07T10:42:38+00:00","og_image":[{"width":1069,"height":785,"url":"https:\/\/www.ebg.de\/wp-content\/uploads\/2022\/02\/Screenshot_20220201_171035_com.whatsapp_edit_109544100535352.jpg","type":"image\/jpeg"}],"author":"Nicole Jebauer","twitter_card":"summary_large_image","twitter_misc":{"Written by":"Nicole Jebauer","Est. reading time":"1 minute"},"schema":{"@context":"https:\/\/schema.org","@graph":[{"@type":"Article","@id":"https:\/\/www.ebg.de\/10jaehriges-jubilaeum\/#article","isPartOf":{"@id":"https:\/\/www.ebg.de\/10jaehriges-jubilaeum\/"},"author":{"name":"Nicole Jebauer","@id":"https:\/\/www.ebg.de\/#\/schema\/person\/683a730993574c6987355ff28e65a040"},"headline":"10j\u00e4hriges Jubil\u00e4um","datePublished":"2022-02-26T19:09:57+00:00","dateModified":"2022-03-07T10:42:38+00:00","mainEntityOfPage":{"@id":"https:\/\/www.ebg.de\/10jaehriges-jubilaeum\/"},"wordCount":170,"image":{"@id":"https:\/\/www.ebg.de\/10jaehriges-jubilaeum\/#primaryimage"},"thumbnailUrl":"https:\/\/www.ebg.de\/wp-content\/uploads\/2022\/02\/Screenshot_20220201_171035_com.whatsapp_edit_109544100535352.jpg","articleSection":["News - Halberstadt Schulen"],"inLanguage":"en-US"},{"@type":"WebPage","@id":"https:\/\/www.ebg.de\/10jaehriges-jubilaeum\/","url":"https:\/\/www.ebg.de\/10jaehriges-jubilaeum\/","name":"10j\u00e4hriges Jubil\u00e4um - Europ\u00e4isches Bildungswerk f\u00fcr Beruf und Gesellschaft","isPartOf":{"@id":"https:\/\/www.ebg.de\/#website"},"primaryImageOfPage":{"@id":"https:\/\/www.ebg.de\/10jaehriges-jubilaeum\/#primaryimage"},"image":{"@id":"https:\/\/www.ebg.de\/10jaehriges-jubilaeum\/#primaryimage"},"thumbnailUrl":"https:\/\/www.ebg.de\/wp-content\/uploads\/2022\/02\/Screenshot_20220201_171035_com.whatsapp_edit_109544100535352.jpg","datePublished":"2022-02-26T19:09:57+00:00","dateModified":"2022-03-07T10:42:38+00:00","author":{"@id":"https:\/\/www.ebg.de\/#\/schema\/person\/683a730993574c6987355ff28e65a040"},"breadcrumb":{"@id":"https:\/\/www.ebg.de\/10jaehriges-jubilaeum\/#breadcrumb"},"inLanguage":"en-US","potentialAction":[{"@type":"ReadAction","target":["https:\/\/www.ebg.de\/10jaehriges-jubilaeum\/"]}]},{"@type":"ImageObject","inLanguage":"en-US","@id":"https:\/\/www.ebg.de\/10jaehriges-jubilaeum\/#primaryimage","url":"https:\/\/www.ebg.de\/wp-content\/uploads\/2022\/02\/Screenshot_20220201_171035_com.whatsapp_edit_109544100535352.jpg","contentUrl":"https:\/\/www.ebg.de\/wp-content\/uploads\/2022\/02\/Screenshot_20220201_171035_com.whatsapp_edit_109544100535352.jpg","width":1069,"height":785},{"@type":"BreadcrumbList","@id":"https:\/\/www.ebg.de\/10jaehriges-jubilaeum\/#breadcrumb","itemListElement":[{"@type":"ListItem","position":1,"name":"Startseite","item":"https:\/\/www.ebg.de\/"},{"@type":"ListItem","position":2,"name":"10j\u00e4hriges Jubil\u00e4um"}]},{"@type":"WebSite","@id":"https:\/\/www.ebg.de\/#website","url":"https:\/\/www.ebg.de\/","name":"Europ\u00e4isches Bildungswerk f\u00fcr Beruf und Gesellschaft","description":"Bildung, Ausbildung und Weiterbildung","potentialAction":[{"@type":"SearchAction","target":{"@type":"EntryPoint","urlTemplate":"https:\/\/www.ebg.de\/?s={search_term_string}"},"query-input":{"@type":"PropertyValueSpecification","valueRequired":true,"valueName":"search_term_string"}}],"inLanguage":"en-US"},{"@type":"Person","@id":"https:\/\/www.ebg.de\/#\/schema\/person\/683a730993574c6987355ff28e65a040","name":"Nicole Jebauer","image":{"@type":"ImageObject","inLanguage":"en-US","@id":"https:\/\/www.ebg.de\/#\/schema\/person\/image\/","url":"https:\/\/secure.gravatar.com\/avatar\/e704d4f6221214865a929f4155d799645f194b6db7c64fbd461aa448c0d57b61?s=96&d=mm&r=g","contentUrl":"https:\/\/secure.gravatar.com\/avatar\/e704d4f6221214865a929f4155d799645f194b6db7c64fbd461aa448c0d57b61?s=96&d=mm&r=g","caption":"Nicole Jebauer"},"url":"https:\/\/www.ebg.de\/en\/author\/fshalberstadt\/"}]}},"_links":{"self":[{"href":"https:\/\/www.ebg.de\/en\/wp-json\/wp\/v2\/posts\/18311","targetHints":{"allow":["GET"]}}],"collection":[{"href":"https:\/\/www.ebg.de\/en\/wp-json\/wp\/v2\/posts"}],"about":[{"href":"https:\/\/www.ebg.de\/en\/wp-json\/wp\/v2\/types\/post"}],"author":[{"embeddable":true,"href":"https:\/\/www.ebg.de\/en\/wp-json\/wp\/v2\/users\/19"}],"replies":[{"embeddable":true,"href":"https:\/\/www.ebg.de\/en\/wp-json\/wp\/v2\/comments?post=18311"}],"version-history":[{"count":5,"href":"https:\/\/www.ebg.de\/en\/wp-json\/wp\/v2\/posts\/18311\/revisions"}],"predecessor-version":[{"id":18693,"href":"https:\/\/www.ebg.de\/en\/wp-json\/wp\/v2\/posts\/18311\/revisions\/18693"}],"wp:featuredmedia":[{"embeddable":true,"href":"https:\/\/www.ebg.de\/en\/wp-json\/wp\/v2\/media\/18320"}],"wp:attachment":[{"href":"https:\/\/www.ebg.de\/en\/wp-json\/wp\/v2\/media?parent=18311"}],"wp:term":[{"taxonomy":"category","embeddable":true,"href":"https:\/\/www.ebg.de\/en\/wp-json\/wp\/v2\/categories?post=18311"},{"taxonomy":"post_tag","embeddable":true,"href":"https:\/\/www.ebg.de\/en\/wp-json\/wp\/v2\/tags?post=18311"}],"curies":[{"name":"wp","href":"https:\/\/api.w.org\/{rel}","templated":true}]}}