{"id":18104,"date":"2022-02-11T12:26:01","date_gmt":"2022-02-11T11:26:01","guid":{"rendered":"https:\/\/www.ebg.de\/?p=18104"},"modified":"2022-03-01T11:19:55","modified_gmt":"2022-03-01T10:19:55","slug":"tag-der-offenen-tur-im-fach-und-berufsfachschulzentrum-magdeburg","status":"publish","type":"post","link":"https:\/\/www.ebg.de\/en\/tag-der-offenen-tur-im-fach-und-berufsfachschulzentrum-magdeburg\/","title":{"rendered":"Tag der offenen T\u00fcr im Fach- und Berufsfachschulzentrum Magdeburg"},"content":{"rendered":"\n<p>Unser Tag der offenen T\u00fcr findet am<strong> 26. Februar 2022, 10.00 Uhr &#8211; 13.00 Uhr<\/strong> hoch \u00fcber den D\u00e4chern Magdeburgs, im 6. OG der Maxim-Gorki-Stra\u00dfe 14 statt.<\/p>\n\n\n\n<p>Auch mit dem beginnenden Ausbildungsjahr am 01.08.2022 kann eine Ausbildung in Ausbildungsberufen begonnen werden:<\/p>\n\n\n\n<ul class=\"wp-block-list\"><li>Staatlich anerkannte\/r Erzieher\/in (Vollzeit 3 Jahre und berufsbegleitend 4 Jahre)<\/li><\/ul>\n\n\n\n<ul class=\"wp-block-list\"><li>Ergotherapeut\/in (Vollzeit 3 Jahre)<\/li><li>Pflegefachfrau\/Pflegefachmann (Erstausbildung 3 Jahre, 4 Jahren in Teilzeit)<\/li><li>Heilerziehungspfleger\/in (Vollzeit 2 Jahre und berufsbegleitend 4 Jahre)<\/li><li>Heilp\u00e4dagoge\/in (berufsbegleitend 2,5 Jahre), ab 01.02.2022<\/li><li>Zerspanungsmechaniker\/in (3,5 Jahre)<\/li><li>Industriemechaniker\/in (3,5 Jahre)<\/li><\/ul>\n\n\n\n<p><strong>Tag der offenen T\u00fcr:<\/strong><\/p>\n\n\n\n<ul class=\"wp-block-list\"><li>Vorstellung der Ausbildungsrichtungen<\/li><li>Kennenlernen unserer Schule und der Fachkabinette sowie fachspezifische Praxisr\u00e4ume<\/li><li>Anregende Gespr\u00e4che mit unseren KollegInnen und Kollegen \u00fcber Bewerbungsm\u00f6glichkeiten<\/li><li>Darstellung von Eindr\u00fccken des Schullebens<\/li><li>auf Wunsch pers\u00f6nliche Beratungsgespr\u00e4che zu Zugangsvoraussetzungen und beruflichen Perspektiven<\/li><li><strong>Abgabe<\/strong> von <strong>Bewerbungsunterlagen f\u00fcr Auszubildende oder zuk\u00fcnftige Lehrkr\u00e4fte<\/strong> ist an diesem Tag m\u00f6glich<\/li><\/ul>\n\n\n\n<p><br><\/p>\n\n\n\n<figure class=\"wp-block-gallery columns-3 is-cropped wp-block-gallery-1 is-layout-flex wp-block-gallery-is-layout-flex\"><ul class=\"blocks-gallery-grid\"><li class=\"blocks-gallery-item\"><figure><img loading=\"lazy\" decoding=\"async\" width=\"1024\" height=\"683\" src=\"https:\/\/www.ebg.de\/wp-content\/uploads\/2021\/07\/IMG_4660-1024x683.jpg\" alt=\"\" data-id=\"12679\" data-link=\"https:\/\/www.ebg.de\/tag-der-offenen-tuer-fbz-md\/img_4660\/\" class=\"wp-image-12679\" srcset=\"https:\/\/www.ebg.de\/wp-content\/uploads\/2021\/07\/IMG_4660-1024x683.jpg 1024w, https:\/\/www.ebg.de\/wp-content\/uploads\/2021\/07\/IMG_4660-300x200.jpg 300w, https:\/\/www.ebg.de\/wp-content\/uploads\/2021\/07\/IMG_4660-768x512.jpg 768w, https:\/\/www.ebg.de\/wp-content\/uploads\/2021\/07\/IMG_4660-1536x1024.jpg 1536w, https:\/\/www.ebg.de\/wp-content\/uploads\/2021\/07\/IMG_4660-2048x1365.jpg 2048w, https:\/\/www.ebg.de\/wp-content\/uploads\/2021\/07\/IMG_4660-900x600.jpg 900w, https:\/\/www.ebg.de\/wp-content\/uploads\/2021\/07\/IMG_4660-1200x800.jpg 1200w\" sizes=\"auto, (max-width: 1024px) 100vw, 1024px\" \/><\/figure><\/li><li class=\"blocks-gallery-item\"><figure><img loading=\"lazy\" decoding=\"async\" width=\"1024\" height=\"683\" src=\"https:\/\/www.ebg.de\/wp-content\/uploads\/2021\/07\/IMG_4669-1024x683.jpg\" alt=\"\" data-id=\"12681\" data-link=\"https:\/\/www.ebg.de\/tag-der-offenen-tuer-fbz-md\/img_4669\/\" class=\"wp-image-12681\" srcset=\"https:\/\/www.ebg.de\/wp-content\/uploads\/2021\/07\/IMG_4669-1024x683.jpg 1024w, https:\/\/www.ebg.de\/wp-content\/uploads\/2021\/07\/IMG_4669-300x200.jpg 300w, https:\/\/www.ebg.de\/wp-content\/uploads\/2021\/07\/IMG_4669-768x512.jpg 768w, https:\/\/www.ebg.de\/wp-content\/uploads\/2021\/07\/IMG_4669-1536x1024.jpg 1536w, https:\/\/www.ebg.de\/wp-content\/uploads\/2021\/07\/IMG_4669-2048x1365.jpg 2048w, https:\/\/www.ebg.de\/wp-content\/uploads\/2021\/07\/IMG_4669-900x600.jpg 900w, https:\/\/www.ebg.de\/wp-content\/uploads\/2021\/07\/IMG_4669-1200x800.jpg 1200w\" sizes=\"auto, (max-width: 1024px) 100vw, 1024px\" \/><\/figure><\/li><li class=\"blocks-gallery-item\"><figure><img loading=\"lazy\" decoding=\"async\" width=\"1024\" height=\"337\" src=\"https:\/\/www.ebg.de\/wp-content\/uploads\/2021\/07\/IMG_4662-1024x337.jpg\" alt=\"\" data-id=\"12685\" data-full-url=\"https:\/\/www.ebg.de\/wp-content\/uploads\/2021\/07\/IMG_4662-scaled.jpg\" data-link=\"https:\/\/www.ebg.de\/tag-der-offenen-tuer-fbz-md\/img_4662\/\" class=\"wp-image-12685\" srcset=\"https:\/\/www.ebg.de\/wp-content\/uploads\/2021\/07\/IMG_4662-1024x337.jpg 1024w, https:\/\/www.ebg.de\/wp-content\/uploads\/2021\/07\/IMG_4662-300x99.jpg 300w, https:\/\/www.ebg.de\/wp-content\/uploads\/2021\/07\/IMG_4662-768x253.jpg 768w, https:\/\/www.ebg.de\/wp-content\/uploads\/2021\/07\/IMG_4662-1536x506.jpg 1536w, https:\/\/www.ebg.de\/wp-content\/uploads\/2021\/07\/IMG_4662-2048x674.jpg 2048w, https:\/\/www.ebg.de\/wp-content\/uploads\/2021\/07\/IMG_4662-900x296.jpg 900w, https:\/\/www.ebg.de\/wp-content\/uploads\/2021\/07\/IMG_4662-1200x395.jpg 1200w\" sizes=\"auto, (max-width: 1024px) 100vw, 1024px\" \/><\/figure><\/li><\/ul><\/figure>\n","protected":false},"excerpt":{"rendered":"<p>Volles Haus, live und in Farbe!<\/p>\n","protected":false},"author":22,"featured_media":14090,"comment_status":"closed","ping_status":"closed","sticky":false,"template":"","format":"standard","meta":{"_acf_changed":false,"footnotes":""},"categories":[19],"tags":[],"class_list":["post-18104","post","type-post","status-publish","format-standard","has-post-thumbnail","hentry","category-news-magdeburg-schulen"],"acf":[],"yoast_head":"<!-- This site is optimized with the Yoast SEO plugin v26.9 - https:\/\/yoast.com\/product\/yoast-seo-wordpress\/ -->\n<title>Tag der offenen T\u00fcr im Fach- und Berufsfachschulzentrum Magdeburg - Europ\u00e4isches Bildungswerk f\u00fcr Beruf und Gesellschaft<\/title>\n<meta name=\"robots\" content=\"index, follow, max-snippet:-1, max-image-preview:large, max-video-preview:-1\" \/>\n<link rel=\"canonical\" href=\"https:\/\/www.ebg.de\/tag-der-offenen-tur-im-fach-und-berufsfachschulzentrum-magdeburg\/\" \/>\n<meta property=\"og:locale\" content=\"en_US\" \/>\n<meta property=\"og:type\" content=\"article\" \/>\n<meta property=\"og:title\" content=\"Tag der offenen T\u00fcr im Fach- und Berufsfachschulzentrum Magdeburg - Europ\u00e4isches Bildungswerk f\u00fcr Beruf und Gesellschaft\" \/>\n<meta property=\"og:description\" content=\"Volles Haus, live und in Farbe!\" \/>\n<meta property=\"og:url\" content=\"https:\/\/www.ebg.de\/tag-der-offenen-tur-im-fach-und-berufsfachschulzentrum-magdeburg\/\" \/>\n<meta property=\"og:site_name\" content=\"Europ\u00e4isches Bildungswerk f\u00fcr Beruf und Gesellschaft\" \/>\n<meta property=\"article:published_time\" content=\"2022-02-11T11:26:01+00:00\" \/>\n<meta property=\"article:modified_time\" content=\"2022-03-01T10:19:55+00:00\" \/>\n<meta property=\"og:image\" content=\"https:\/\/www.ebg.de\/wp-content\/uploads\/2021\/08\/IMG_5637-scaled.jpg\" \/>\n\t<meta property=\"og:image:width\" content=\"2560\" \/>\n\t<meta property=\"og:image:height\" content=\"1707\" \/>\n\t<meta property=\"og:image:type\" content=\"image\/jpeg\" \/>\n<meta name=\"author\" content=\"Stephan Deubner\" \/>\n<meta name=\"twitter:card\" content=\"summary_large_image\" \/>\n<meta name=\"twitter:label1\" content=\"Written by\" \/>\n\t<meta name=\"twitter:data1\" content=\"Stephan Deubner\" \/>\n\t<meta name=\"twitter:label2\" content=\"Est. reading time\" \/>\n\t<meta name=\"twitter:data2\" content=\"1 minute\" \/>\n<!-- \/ Yoast SEO plugin. -->","yoast_head_json":{"title":"Tag der offenen T\u00fcr im Fach- und Berufsfachschulzentrum Magdeburg - Europ\u00e4isches Bildungswerk f\u00fcr Beruf und Gesellschaft","robots":{"index":"index","follow":"follow","max-snippet":"max-snippet:-1","max-image-preview":"max-image-preview:large","max-video-preview":"max-video-preview:-1"},"canonical":"https:\/\/www.ebg.de\/tag-der-offenen-tur-im-fach-und-berufsfachschulzentrum-magdeburg\/","og_locale":"en_US","og_type":"article","og_title":"Tag der offenen T\u00fcr im Fach- und Berufsfachschulzentrum Magdeburg - Europ\u00e4isches Bildungswerk f\u00fcr Beruf und Gesellschaft","og_description":"Volles Haus, live und in Farbe!","og_url":"https:\/\/www.ebg.de\/tag-der-offenen-tur-im-fach-und-berufsfachschulzentrum-magdeburg\/","og_site_name":"Europ\u00e4isches Bildungswerk f\u00fcr Beruf und Gesellschaft","article_published_time":"2022-02-11T11:26:01+00:00","article_modified_time":"2022-03-01T10:19:55+00:00","og_image":[{"width":2560,"height":1707,"url":"https:\/\/www.ebg.de\/wp-content\/uploads\/2021\/08\/IMG_5637-scaled.jpg","type":"image\/jpeg"}],"author":"Stephan Deubner","twitter_card":"summary_large_image","twitter_misc":{"Written by":"Stephan Deubner","Est. reading time":"1 minute"},"schema":{"@context":"https:\/\/schema.org","@graph":[{"@type":"Article","@id":"https:\/\/www.ebg.de\/tag-der-offenen-tur-im-fach-und-berufsfachschulzentrum-magdeburg\/#article","isPartOf":{"@id":"https:\/\/www.ebg.de\/tag-der-offenen-tur-im-fach-und-berufsfachschulzentrum-magdeburg\/"},"author":{"name":"Stephan Deubner","@id":"https:\/\/www.ebg.de\/#\/schema\/person\/af645ea1741029d9a44ae532ceb268bc"},"headline":"Tag der offenen T\u00fcr im Fach- und Berufsfachschulzentrum Magdeburg","datePublished":"2022-02-11T11:26:01+00:00","dateModified":"2022-03-01T10:19:55+00:00","mainEntityOfPage":{"@id":"https:\/\/www.ebg.de\/tag-der-offenen-tur-im-fach-und-berufsfachschulzentrum-magdeburg\/"},"wordCount":150,"image":{"@id":"https:\/\/www.ebg.de\/tag-der-offenen-tur-im-fach-und-berufsfachschulzentrum-magdeburg\/#primaryimage"},"thumbnailUrl":"https:\/\/www.ebg.de\/wp-content\/uploads\/2021\/08\/IMG_5637-scaled.jpg","articleSection":["News - Magdeburg Schulen"],"inLanguage":"en-US"},{"@type":"WebPage","@id":"https:\/\/www.ebg.de\/tag-der-offenen-tur-im-fach-und-berufsfachschulzentrum-magdeburg\/","url":"https:\/\/www.ebg.de\/tag-der-offenen-tur-im-fach-und-berufsfachschulzentrum-magdeburg\/","name":"Tag der offenen T\u00fcr im Fach- und Berufsfachschulzentrum Magdeburg - Europ\u00e4isches Bildungswerk f\u00fcr Beruf und Gesellschaft","isPartOf":{"@id":"https:\/\/www.ebg.de\/#website"},"primaryImageOfPage":{"@id":"https:\/\/www.ebg.de\/tag-der-offenen-tur-im-fach-und-berufsfachschulzentrum-magdeburg\/#primaryimage"},"image":{"@id":"https:\/\/www.ebg.de\/tag-der-offenen-tur-im-fach-und-berufsfachschulzentrum-magdeburg\/#primaryimage"},"thumbnailUrl":"https:\/\/www.ebg.de\/wp-content\/uploads\/2021\/08\/IMG_5637-scaled.jpg","datePublished":"2022-02-11T11:26:01+00:00","dateModified":"2022-03-01T10:19:55+00:00","author":{"@id":"https:\/\/www.ebg.de\/#\/schema\/person\/af645ea1741029d9a44ae532ceb268bc"},"breadcrumb":{"@id":"https:\/\/www.ebg.de\/tag-der-offenen-tur-im-fach-und-berufsfachschulzentrum-magdeburg\/#breadcrumb"},"inLanguage":"en-US","potentialAction":[{"@type":"ReadAction","target":["https:\/\/www.ebg.de\/tag-der-offenen-tur-im-fach-und-berufsfachschulzentrum-magdeburg\/"]}]},{"@type":"ImageObject","inLanguage":"en-US","@id":"https:\/\/www.ebg.de\/tag-der-offenen-tur-im-fach-und-berufsfachschulzentrum-magdeburg\/#primaryimage","url":"https:\/\/www.ebg.de\/wp-content\/uploads\/2021\/08\/IMG_5637-scaled.jpg","contentUrl":"https:\/\/www.ebg.de\/wp-content\/uploads\/2021\/08\/IMG_5637-scaled.jpg","width":2560,"height":1707,"caption":"Alumnitreffen"},{"@type":"BreadcrumbList","@id":"https:\/\/www.ebg.de\/tag-der-offenen-tur-im-fach-und-berufsfachschulzentrum-magdeburg\/#breadcrumb","itemListElement":[{"@type":"ListItem","position":1,"name":"Startseite","item":"https:\/\/www.ebg.de\/"},{"@type":"ListItem","position":2,"name":"Tag der offenen T\u00fcr im Fach- und Berufsfachschulzentrum Magdeburg"}]},{"@type":"WebSite","@id":"https:\/\/www.ebg.de\/#website","url":"https:\/\/www.ebg.de\/","name":"Europ\u00e4isches Bildungswerk f\u00fcr Beruf und Gesellschaft","description":"Bildung, Ausbildung und Weiterbildung","potentialAction":[{"@type":"SearchAction","target":{"@type":"EntryPoint","urlTemplate":"https:\/\/www.ebg.de\/?s={search_term_string}"},"query-input":{"@type":"PropertyValueSpecification","valueRequired":true,"valueName":"search_term_string"}}],"inLanguage":"en-US"},{"@type":"Person","@id":"https:\/\/www.ebg.de\/#\/schema\/person\/af645ea1741029d9a44ae532ceb268bc","name":"Stephan Deubner","image":{"@type":"ImageObject","inLanguage":"en-US","@id":"https:\/\/www.ebg.de\/#\/schema\/person\/image\/","url":"https:\/\/secure.gravatar.com\/avatar\/35731f6a08afa0518c45f153077f6135c0f41aa2ae0b76e850ef9508976a7bbe?s=96&d=mm&r=g","contentUrl":"https:\/\/secure.gravatar.com\/avatar\/35731f6a08afa0518c45f153077f6135c0f41aa2ae0b76e850ef9508976a7bbe?s=96&d=mm&r=g","caption":"Stephan Deubner"},"url":"https:\/\/www.ebg.de\/en\/author\/sdeubner\/"}]}},"_links":{"self":[{"href":"https:\/\/www.ebg.de\/en\/wp-json\/wp\/v2\/posts\/18104","targetHints":{"allow":["GET"]}}],"collection":[{"href":"https:\/\/www.ebg.de\/en\/wp-json\/wp\/v2\/posts"}],"about":[{"href":"https:\/\/www.ebg.de\/en\/wp-json\/wp\/v2\/types\/post"}],"author":[{"embeddable":true,"href":"https:\/\/www.ebg.de\/en\/wp-json\/wp\/v2\/users\/22"}],"replies":[{"embeddable":true,"href":"https:\/\/www.ebg.de\/en\/wp-json\/wp\/v2\/comments?post=18104"}],"version-history":[{"count":3,"href":"https:\/\/www.ebg.de\/en\/wp-json\/wp\/v2\/posts\/18104\/revisions"}],"predecessor-version":[{"id":18461,"href":"https:\/\/www.ebg.de\/en\/wp-json\/wp\/v2\/posts\/18104\/revisions\/18461"}],"wp:featuredmedia":[{"embeddable":true,"href":"https:\/\/www.ebg.de\/en\/wp-json\/wp\/v2\/media\/14090"}],"wp:attachment":[{"href":"https:\/\/www.ebg.de\/en\/wp-json\/wp\/v2\/media?parent=18104"}],"wp:term":[{"taxonomy":"category","embeddable":true,"href":"https:\/\/www.ebg.de\/en\/wp-json\/wp\/v2\/categories?post=18104"},{"taxonomy":"post_tag","embeddable":true,"href":"https:\/\/www.ebg.de\/en\/wp-json\/wp\/v2\/tags?post=18104"}],"curies":[{"name":"wp","href":"https:\/\/api.w.org\/{rel}","templated":true}]}}