{"id":1703,"date":"2018-04-09T09:07:14","date_gmt":"2018-04-09T07:07:14","guid":{"rendered":"http:\/\/www.ebg.de\/?p=1703"},"modified":"2018-04-09T10:10:47","modified_gmt":"2018-04-09T08:10:47","slug":"berufsorientierungswoche","status":"publish","type":"post","link":"https:\/\/www.ebg.de\/en\/berufsorientierungswoche\/","title":{"rendered":"Berufsorientierung"},"content":{"rendered":"<p>Am 6. Februar 2018 waren 20 Sch\u00fcler und Sch\u00fclerinnen der 9. Klasse der Fregeoberschule bei uns zu Gast. <!--more-->Im Rahmen ihrer Berufsorientierungswoche wollten sie einiges \u00fcber die Berufe erfahren, die wir ausbilden. In den Gespr\u00e4chen stellte sich heraus, dass einige schon viel \u00fcber den Beruf des Altenpflegers wussten, da ein\u00a0 Elternteil seit vielen Jahren in diesem Beruf arbeitet. Die meisten von ihnen interessierten sich jedoch f\u00fcr die Arbeit mit Kindern. Schulpraktika haben schon erste Eindr\u00fccke hinterlassen und die \u201eB\u00e4ndigung\u201c des Bruders oder der kleineren Schwester stellte schon f\u00fcr den einen oder anderen eine gro\u00dfe Herausforderung dar. Dass man f\u00fcr den Beruf des Erziehers Geduld, Konzentration und viel Liebe mitbringen muss, kam in den Gespr\u00e4chen zutage. Insgesamt war die Begegnung hier in unserer Schule sehr lebendig und fr\u00f6hlich.<\/p>\n","protected":false},"excerpt":{"rendered":"<p>Am 6. Februar 2018 waren 20 Sch\u00fcler und Sch\u00fclerinnen der 9. Klasse der Fregeoberschule bei uns zu Gast.<\/p>\n","protected":false},"author":2,"featured_media":1713,"comment_status":"closed","ping_status":"closed","sticky":false,"template":"","format":"standard","meta":{"_acf_changed":false,"footnotes":""},"categories":[27],"tags":[],"class_list":["post-1703","post","type-post","status-publish","format-standard","has-post-thumbnail","hentry","category-news-leipzig-schulen"],"acf":[],"yoast_head":"<!-- This site is optimized with the Yoast SEO plugin v26.9 - https:\/\/yoast.com\/product\/yoast-seo-wordpress\/ -->\n<title>Berufsorientierung - Europ\u00e4isches Bildungswerk f\u00fcr Beruf und Gesellschaft<\/title>\n<meta name=\"robots\" content=\"index, follow, max-snippet:-1, max-image-preview:large, max-video-preview:-1\" \/>\n<link rel=\"canonical\" href=\"https:\/\/www.ebg.de\/berufsorientierungswoche\/\" \/>\n<meta property=\"og:locale\" content=\"en_US\" \/>\n<meta property=\"og:type\" content=\"article\" \/>\n<meta property=\"og:title\" content=\"Berufsorientierung - Europ\u00e4isches Bildungswerk f\u00fcr Beruf und Gesellschaft\" \/>\n<meta property=\"og:description\" content=\"Am 6. Februar 2018 waren 20 Sch\u00fcler und Sch\u00fclerinnen der 9. Klasse der Fregeoberschule bei uns zu Gast.\" \/>\n<meta property=\"og:url\" content=\"https:\/\/www.ebg.de\/berufsorientierungswoche\/\" \/>\n<meta property=\"og:site_name\" content=\"Europ\u00e4isches Bildungswerk f\u00fcr Beruf und Gesellschaft\" \/>\n<meta property=\"article:published_time\" content=\"2018-04-09T07:07:14+00:00\" \/>\n<meta property=\"article:modified_time\" content=\"2018-04-09T08:10:47+00:00\" \/>\n<meta property=\"og:image\" content=\"https:\/\/www.ebg.de\/wp-content\/uploads\/2018\/04\/NEWS-3013762.jpg\" \/>\n\t<meta property=\"og:image:width\" content=\"900\" \/>\n\t<meta property=\"og:image:height\" content=\"450\" \/>\n\t<meta property=\"og:image:type\" content=\"image\/jpeg\" \/>\n<meta name=\"author\" content=\"Carla R\u00f6blitz\" \/>\n<meta name=\"twitter:card\" content=\"summary_large_image\" \/>\n<meta name=\"twitter:label1\" content=\"Written by\" \/>\n\t<meta name=\"twitter:data1\" content=\"Carla R\u00f6blitz\" \/>\n\t<meta name=\"twitter:label2\" content=\"Est. reading time\" \/>\n\t<meta name=\"twitter:data2\" content=\"1 minute\" \/>\n<!-- \/ Yoast SEO plugin. -->","yoast_head_json":{"title":"Berufsorientierung - Europ\u00e4isches Bildungswerk f\u00fcr Beruf und Gesellschaft","robots":{"index":"index","follow":"follow","max-snippet":"max-snippet:-1","max-image-preview":"max-image-preview:large","max-video-preview":"max-video-preview:-1"},"canonical":"https:\/\/www.ebg.de\/berufsorientierungswoche\/","og_locale":"en_US","og_type":"article","og_title":"Berufsorientierung - Europ\u00e4isches Bildungswerk f\u00fcr Beruf und Gesellschaft","og_description":"Am 6. Februar 2018 waren 20 Sch\u00fcler und Sch\u00fclerinnen der 9. Klasse der Fregeoberschule bei uns zu Gast.","og_url":"https:\/\/www.ebg.de\/berufsorientierungswoche\/","og_site_name":"Europ\u00e4isches Bildungswerk f\u00fcr Beruf und Gesellschaft","article_published_time":"2018-04-09T07:07:14+00:00","article_modified_time":"2018-04-09T08:10:47+00:00","og_image":[{"width":900,"height":450,"url":"https:\/\/www.ebg.de\/wp-content\/uploads\/2018\/04\/NEWS-3013762.jpg","type":"image\/jpeg"}],"author":"Carla R\u00f6blitz","twitter_card":"summary_large_image","twitter_misc":{"Written by":"Carla R\u00f6blitz","Est. reading time":"1 minute"},"schema":{"@context":"https:\/\/schema.org","@graph":[{"@type":"Article","@id":"https:\/\/www.ebg.de\/berufsorientierungswoche\/#article","isPartOf":{"@id":"https:\/\/www.ebg.de\/berufsorientierungswoche\/"},"author":{"name":"Carla R\u00f6blitz","@id":"https:\/\/www.ebg.de\/#\/schema\/person\/6194a3051c516578ca559a6b15ac8fd8"},"headline":"Berufsorientierung","datePublished":"2018-04-09T07:07:14+00:00","dateModified":"2018-04-09T08:10:47+00:00","mainEntityOfPage":{"@id":"https:\/\/www.ebg.de\/berufsorientierungswoche\/"},"wordCount":135,"image":{"@id":"https:\/\/www.ebg.de\/berufsorientierungswoche\/#primaryimage"},"thumbnailUrl":"https:\/\/www.ebg.de\/wp-content\/uploads\/2018\/04\/NEWS-3013762.jpg","articleSection":["News - Leipzig Schulen"],"inLanguage":"en-US"},{"@type":"WebPage","@id":"https:\/\/www.ebg.de\/berufsorientierungswoche\/","url":"https:\/\/www.ebg.de\/berufsorientierungswoche\/","name":"Berufsorientierung - Europ\u00e4isches Bildungswerk f\u00fcr Beruf und Gesellschaft","isPartOf":{"@id":"https:\/\/www.ebg.de\/#website"},"primaryImageOfPage":{"@id":"https:\/\/www.ebg.de\/berufsorientierungswoche\/#primaryimage"},"image":{"@id":"https:\/\/www.ebg.de\/berufsorientierungswoche\/#primaryimage"},"thumbnailUrl":"https:\/\/www.ebg.de\/wp-content\/uploads\/2018\/04\/NEWS-3013762.jpg","datePublished":"2018-04-09T07:07:14+00:00","dateModified":"2018-04-09T08:10:47+00:00","author":{"@id":"https:\/\/www.ebg.de\/#\/schema\/person\/6194a3051c516578ca559a6b15ac8fd8"},"breadcrumb":{"@id":"https:\/\/www.ebg.de\/berufsorientierungswoche\/#breadcrumb"},"inLanguage":"en-US","potentialAction":[{"@type":"ReadAction","target":["https:\/\/www.ebg.de\/berufsorientierungswoche\/"]}]},{"@type":"ImageObject","inLanguage":"en-US","@id":"https:\/\/www.ebg.de\/berufsorientierungswoche\/#primaryimage","url":"https:\/\/www.ebg.de\/wp-content\/uploads\/2018\/04\/NEWS-3013762.jpg","contentUrl":"https:\/\/www.ebg.de\/wp-content\/uploads\/2018\/04\/NEWS-3013762.jpg","width":900,"height":450,"caption":"Kunst P\u00e4dagigik Gestaltung"},{"@type":"BreadcrumbList","@id":"https:\/\/www.ebg.de\/berufsorientierungswoche\/#breadcrumb","itemListElement":[{"@type":"ListItem","position":1,"name":"Startseite","item":"https:\/\/www.ebg.de\/"},{"@type":"ListItem","position":2,"name":"Berufsorientierung"}]},{"@type":"WebSite","@id":"https:\/\/www.ebg.de\/#website","url":"https:\/\/www.ebg.de\/","name":"Europ\u00e4isches Bildungswerk f\u00fcr Beruf und Gesellschaft","description":"Bildung, Ausbildung und Weiterbildung","potentialAction":[{"@type":"SearchAction","target":{"@type":"EntryPoint","urlTemplate":"https:\/\/www.ebg.de\/?s={search_term_string}"},"query-input":{"@type":"PropertyValueSpecification","valueRequired":true,"valueName":"search_term_string"}}],"inLanguage":"en-US"},{"@type":"Person","@id":"https:\/\/www.ebg.de\/#\/schema\/person\/6194a3051c516578ca559a6b15ac8fd8","name":"Carla R\u00f6blitz","image":{"@type":"ImageObject","inLanguage":"en-US","@id":"https:\/\/www.ebg.de\/#\/schema\/person\/image\/","url":"https:\/\/secure.gravatar.com\/avatar\/a857149204a48781b4d141524fc4cbc60c48bb5682271a5e2762174f7ac85a2d?s=96&d=mm&r=g","contentUrl":"https:\/\/secure.gravatar.com\/avatar\/a857149204a48781b4d141524fc4cbc60c48bb5682271a5e2762174f7ac85a2d?s=96&d=mm&r=g","caption":"Carla R\u00f6blitz"},"url":"https:\/\/www.ebg.de\/en\/author\/croeblitz\/"}]}},"_links":{"self":[{"href":"https:\/\/www.ebg.de\/en\/wp-json\/wp\/v2\/posts\/1703","targetHints":{"allow":["GET"]}}],"collection":[{"href":"https:\/\/www.ebg.de\/en\/wp-json\/wp\/v2\/posts"}],"about":[{"href":"https:\/\/www.ebg.de\/en\/wp-json\/wp\/v2\/types\/post"}],"author":[{"embeddable":true,"href":"https:\/\/www.ebg.de\/en\/wp-json\/wp\/v2\/users\/2"}],"replies":[{"embeddable":true,"href":"https:\/\/www.ebg.de\/en\/wp-json\/wp\/v2\/comments?post=1703"}],"version-history":[{"count":2,"href":"https:\/\/www.ebg.de\/en\/wp-json\/wp\/v2\/posts\/1703\/revisions"}],"predecessor-version":[{"id":1708,"href":"https:\/\/www.ebg.de\/en\/wp-json\/wp\/v2\/posts\/1703\/revisions\/1708"}],"wp:featuredmedia":[{"embeddable":true,"href":"https:\/\/www.ebg.de\/en\/wp-json\/wp\/v2\/media\/1713"}],"wp:attachment":[{"href":"https:\/\/www.ebg.de\/en\/wp-json\/wp\/v2\/media?parent=1703"}],"wp:term":[{"taxonomy":"category","embeddable":true,"href":"https:\/\/www.ebg.de\/en\/wp-json\/wp\/v2\/categories?post=1703"},{"taxonomy":"post_tag","embeddable":true,"href":"https:\/\/www.ebg.de\/en\/wp-json\/wp\/v2\/tags?post=1703"}],"curies":[{"name":"wp","href":"https:\/\/api.w.org\/{rel}","templated":true}]}}