{"id":1677,"date":"2018-04-04T10:51:02","date_gmt":"2018-04-04T08:51:02","guid":{"rendered":"http:\/\/www.ebg.de\/?p=1677"},"modified":"2018-04-04T11:28:02","modified_gmt":"2018-04-04T09:28:02","slug":"rezertifizierung-des-ebg-qualitaetsverbundes","status":"publish","type":"post","link":"https:\/\/www.ebg.de\/en\/rezertifizierung-des-ebg-qualitaetsverbundes\/","title":{"rendered":"Rezertifizierung des EBG-Qualit\u00e4tsverbundes"},"content":{"rendered":"<div class=\"layout_full block first last even\">\n<div class=\"ce_text\">\n<p>Erfolgreiche Rezertifizierung des EBG-Qualit\u00e4tsverbundes nach DIN EN ISO 9001:2015<\/p>\n<p><!--more--><\/p>\n<p>In der Zeit vom 01.-12.02.2018 fand f\u00fcr den Qualit\u00e4tsverbund der Europ\u00e4ischen Bildungswerke f\u00fcr Beruf und Gesellschaft und verbundener Gesellschaften das Rezertifizierungsaudit durch unsere Zertifizierungsgesellschaft CERTQUA statt.<\/p>\n<p>Das Besondere an diesem Rezertifizierungsaudit war diesmal, dass unser Qualit\u00e4tsverbund die Zertifizierung nach der Normversion 2015 anstrebte, nachdem zum 01.10.2017 die obersten Leitungen des EBG-Qualit\u00e4tsverbundes die Umstellung unseres Qualit\u00e4tsmanagementsystems auf die neue Normversion DIN EN ISO 9001:2015 beschossen hatten.<\/p>\n<p>Diese neue Normversion enth\u00e4lt zahlreiche \u00c4nderungen und Neuerungen gegen\u00fcber den fr\u00fcheren Versionen 2000 und 2008. So sind nun Elemente des Risiko- und Wissensmanagements integriert, eine verst\u00e4rkte Arbeit mit Kennzahlen ist gefordert, der alte Kundenbegriff ist wesentlich erweitert (sogenannte \u201einteressierte Parteien\u201c &#8211; also alle m\u00f6glichen Interessengruppen, mit denen eine Wechselwirkung zum Qualit\u00e4tsverbund besteht), um nur einige zu nennen.<\/p>\n<p>Die auffallendste Ver\u00e4nderung f\u00fcr die Mitarbeiter war jedoch die Umwandlung des normbezogenen Qualit\u00e4tsmanagement-Handbuches in die geforderte prozessorientierte QM-Dokumentation (inklusive der Integration der neuen Norminhalte). Jedoch gelang diese Umstellung sehr gut, in den Audits \u00e4u\u00dferten sich die Mitarbeiter durchg\u00e4ngig positiv: die neue QM-Dokumentation sei \u00fcbersichtlicher und erm\u00f6glicht einen sachbezogenen Zugang zu den Inhalten.<\/p>\n<p>Im Kombinationsaudit wurden weiterhin auch als \u00dcberwachungsaudit die Tr\u00e4gerzulassung nach der Akkreditierungs- und Zulassungsverordnung Arbeitsf\u00f6rderung (AZAV) f\u00fcr die<\/p>\n<p>EBG gemeinn\u00fctzige GmbH, EBG e. V. Leipzig, Magdeburger Projektservice GmbH und die Plan B gGmbH<\/p>\n<p>\u00fcberpr\u00fcft.<\/p>\n<p>Au\u00dferdem fand eine vor-Ort-Pr\u00fcfung von 4 Ma\u00dfnahmen der Arbeitsf\u00f6rderung nach SGB III statt, die im Rahmen der AZAV-Ma\u00dfnahmezertifizierung in 2017 referenzgepr\u00fcft wurden.<\/p>\n<p>Das Ergebnis des Rezertifizierungsaudits war positiv, der EBG-Qualit\u00e4tsverbund konnte nach DIN EN ISO 9001:2015 rezertifiziert werden und Zulassungen des EBG-Qualit\u00e4tsverbundes nach AZAV konnten im \u00dcberwachungsaudit verteidigt werden<\/p>\n<\/div>\n<\/div>\n<p>&nbsp;<\/p>\n<p>&nbsp;<\/p>\n<p>&nbsp;<\/p>\n<p>&nbsp;<\/p>\n<p>&nbsp;<\/p>\n<p>&nbsp;<\/p>\n","protected":false},"excerpt":{"rendered":"<p>Erfolgreiche Rezertifizierung des EBG-Qualit\u00e4tsverbundes nach DIN EN ISO 9001:2015<\/p>\n","protected":false},"author":2,"featured_media":1685,"comment_status":"closed","ping_status":"closed","sticky":false,"template":"","format":"standard","meta":{"_acf_changed":false,"footnotes":""},"categories":[22],"tags":[],"class_list":["post-1677","post","type-post","status-publish","format-standard","has-post-thumbnail","hentry","category-news-gf"],"acf":[],"yoast_head":"<!-- This site is optimized with the Yoast SEO plugin v26.9 - https:\/\/yoast.com\/product\/yoast-seo-wordpress\/ -->\n<title>Rezertifizierung des EBG-Qualit\u00e4tsverbundes - Europ\u00e4isches Bildungswerk f\u00fcr Beruf und Gesellschaft<\/title>\n<meta name=\"robots\" content=\"index, follow, max-snippet:-1, max-image-preview:large, max-video-preview:-1\" \/>\n<link rel=\"canonical\" href=\"https:\/\/www.ebg.de\/rezertifizierung-des-ebg-qualitaetsverbundes\/\" \/>\n<meta property=\"og:locale\" content=\"en_US\" \/>\n<meta property=\"og:type\" content=\"article\" \/>\n<meta property=\"og:title\" content=\"Rezertifizierung des EBG-Qualit\u00e4tsverbundes - Europ\u00e4isches Bildungswerk f\u00fcr Beruf und Gesellschaft\" \/>\n<meta property=\"og:description\" content=\"Erfolgreiche Rezertifizierung des EBG-Qualit\u00e4tsverbundes nach DIN EN ISO 9001:2015\" \/>\n<meta property=\"og:url\" content=\"https:\/\/www.ebg.de\/rezertifizierung-des-ebg-qualitaetsverbundes\/\" \/>\n<meta property=\"og:site_name\" content=\"Europ\u00e4isches Bildungswerk f\u00fcr Beruf und Gesellschaft\" \/>\n<meta property=\"article:published_time\" content=\"2018-04-04T08:51:02+00:00\" \/>\n<meta property=\"article:modified_time\" content=\"2018-04-04T09:28:02+00:00\" \/>\n<meta property=\"og:image\" content=\"https:\/\/www.ebg.de\/wp-content\/uploads\/2018\/04\/Certqua_Siegel_9001_AZAV.jpg\" \/>\n\t<meta property=\"og:image:width\" content=\"300\" \/>\n\t<meta property=\"og:image:height\" content=\"152\" \/>\n\t<meta property=\"og:image:type\" content=\"image\/jpeg\" \/>\n<meta name=\"author\" content=\"Carla R\u00f6blitz\" \/>\n<meta name=\"twitter:card\" content=\"summary_large_image\" \/>\n<meta name=\"twitter:label1\" content=\"Written by\" \/>\n\t<meta name=\"twitter:data1\" content=\"Carla R\u00f6blitz\" \/>\n\t<meta name=\"twitter:label2\" content=\"Est. reading time\" \/>\n\t<meta name=\"twitter:data2\" content=\"1 minute\" \/>\n<!-- \/ Yoast SEO plugin. -->","yoast_head_json":{"title":"Rezertifizierung des EBG-Qualit\u00e4tsverbundes - Europ\u00e4isches Bildungswerk f\u00fcr Beruf und Gesellschaft","robots":{"index":"index","follow":"follow","max-snippet":"max-snippet:-1","max-image-preview":"max-image-preview:large","max-video-preview":"max-video-preview:-1"},"canonical":"https:\/\/www.ebg.de\/rezertifizierung-des-ebg-qualitaetsverbundes\/","og_locale":"en_US","og_type":"article","og_title":"Rezertifizierung des EBG-Qualit\u00e4tsverbundes - Europ\u00e4isches Bildungswerk f\u00fcr Beruf und Gesellschaft","og_description":"Erfolgreiche Rezertifizierung des EBG-Qualit\u00e4tsverbundes nach DIN EN ISO 9001:2015","og_url":"https:\/\/www.ebg.de\/rezertifizierung-des-ebg-qualitaetsverbundes\/","og_site_name":"Europ\u00e4isches Bildungswerk f\u00fcr Beruf und Gesellschaft","article_published_time":"2018-04-04T08:51:02+00:00","article_modified_time":"2018-04-04T09:28:02+00:00","og_image":[{"width":300,"height":152,"url":"https:\/\/www.ebg.de\/wp-content\/uploads\/2018\/04\/Certqua_Siegel_9001_AZAV.jpg","type":"image\/jpeg"}],"author":"Carla R\u00f6blitz","twitter_card":"summary_large_image","twitter_misc":{"Written by":"Carla R\u00f6blitz","Est. reading time":"1 minute"},"schema":{"@context":"https:\/\/schema.org","@graph":[{"@type":"Article","@id":"https:\/\/www.ebg.de\/rezertifizierung-des-ebg-qualitaetsverbundes\/#article","isPartOf":{"@id":"https:\/\/www.ebg.de\/rezertifizierung-des-ebg-qualitaetsverbundes\/"},"author":{"name":"Carla R\u00f6blitz","@id":"https:\/\/www.ebg.de\/#\/schema\/person\/6194a3051c516578ca559a6b15ac8fd8"},"headline":"Rezertifizierung des EBG-Qualit\u00e4tsverbundes","datePublished":"2018-04-04T08:51:02+00:00","dateModified":"2018-04-04T09:28:02+00:00","mainEntityOfPage":{"@id":"https:\/\/www.ebg.de\/rezertifizierung-des-ebg-qualitaetsverbundes\/"},"wordCount":300,"image":{"@id":"https:\/\/www.ebg.de\/rezertifizierung-des-ebg-qualitaetsverbundes\/#primaryimage"},"thumbnailUrl":"https:\/\/www.ebg.de\/wp-content\/uploads\/2018\/04\/Certqua_Siegel_9001_AZAV.jpg","articleSection":["News-GF"],"inLanguage":"en-US"},{"@type":"WebPage","@id":"https:\/\/www.ebg.de\/rezertifizierung-des-ebg-qualitaetsverbundes\/","url":"https:\/\/www.ebg.de\/rezertifizierung-des-ebg-qualitaetsverbundes\/","name":"Rezertifizierung des EBG-Qualit\u00e4tsverbundes - Europ\u00e4isches Bildungswerk f\u00fcr Beruf und Gesellschaft","isPartOf":{"@id":"https:\/\/www.ebg.de\/#website"},"primaryImageOfPage":{"@id":"https:\/\/www.ebg.de\/rezertifizierung-des-ebg-qualitaetsverbundes\/#primaryimage"},"image":{"@id":"https:\/\/www.ebg.de\/rezertifizierung-des-ebg-qualitaetsverbundes\/#primaryimage"},"thumbnailUrl":"https:\/\/www.ebg.de\/wp-content\/uploads\/2018\/04\/Certqua_Siegel_9001_AZAV.jpg","datePublished":"2018-04-04T08:51:02+00:00","dateModified":"2018-04-04T09:28:02+00:00","author":{"@id":"https:\/\/www.ebg.de\/#\/schema\/person\/6194a3051c516578ca559a6b15ac8fd8"},"breadcrumb":{"@id":"https:\/\/www.ebg.de\/rezertifizierung-des-ebg-qualitaetsverbundes\/#breadcrumb"},"inLanguage":"en-US","potentialAction":[{"@type":"ReadAction","target":["https:\/\/www.ebg.de\/rezertifizierung-des-ebg-qualitaetsverbundes\/"]}]},{"@type":"ImageObject","inLanguage":"en-US","@id":"https:\/\/www.ebg.de\/rezertifizierung-des-ebg-qualitaetsverbundes\/#primaryimage","url":"https:\/\/www.ebg.de\/wp-content\/uploads\/2018\/04\/Certqua_Siegel_9001_AZAV.jpg","contentUrl":"https:\/\/www.ebg.de\/wp-content\/uploads\/2018\/04\/Certqua_Siegel_9001_AZAV.jpg","width":300,"height":152},{"@type":"BreadcrumbList","@id":"https:\/\/www.ebg.de\/rezertifizierung-des-ebg-qualitaetsverbundes\/#breadcrumb","itemListElement":[{"@type":"ListItem","position":1,"name":"Startseite","item":"https:\/\/www.ebg.de\/"},{"@type":"ListItem","position":2,"name":"Rezertifizierung des EBG-Qualit\u00e4tsverbundes"}]},{"@type":"WebSite","@id":"https:\/\/www.ebg.de\/#website","url":"https:\/\/www.ebg.de\/","name":"Europ\u00e4isches Bildungswerk f\u00fcr Beruf und Gesellschaft","description":"Bildung, Ausbildung und Weiterbildung","potentialAction":[{"@type":"SearchAction","target":{"@type":"EntryPoint","urlTemplate":"https:\/\/www.ebg.de\/?s={search_term_string}"},"query-input":{"@type":"PropertyValueSpecification","valueRequired":true,"valueName":"search_term_string"}}],"inLanguage":"en-US"},{"@type":"Person","@id":"https:\/\/www.ebg.de\/#\/schema\/person\/6194a3051c516578ca559a6b15ac8fd8","name":"Carla R\u00f6blitz","image":{"@type":"ImageObject","inLanguage":"en-US","@id":"https:\/\/www.ebg.de\/#\/schema\/person\/image\/","url":"https:\/\/secure.gravatar.com\/avatar\/a857149204a48781b4d141524fc4cbc60c48bb5682271a5e2762174f7ac85a2d?s=96&d=mm&r=g","contentUrl":"https:\/\/secure.gravatar.com\/avatar\/a857149204a48781b4d141524fc4cbc60c48bb5682271a5e2762174f7ac85a2d?s=96&d=mm&r=g","caption":"Carla R\u00f6blitz"},"url":"https:\/\/www.ebg.de\/en\/author\/croeblitz\/"}]}},"_links":{"self":[{"href":"https:\/\/www.ebg.de\/en\/wp-json\/wp\/v2\/posts\/1677","targetHints":{"allow":["GET"]}}],"collection":[{"href":"https:\/\/www.ebg.de\/en\/wp-json\/wp\/v2\/posts"}],"about":[{"href":"https:\/\/www.ebg.de\/en\/wp-json\/wp\/v2\/types\/post"}],"author":[{"embeddable":true,"href":"https:\/\/www.ebg.de\/en\/wp-json\/wp\/v2\/users\/2"}],"replies":[{"embeddable":true,"href":"https:\/\/www.ebg.de\/en\/wp-json\/wp\/v2\/comments?post=1677"}],"version-history":[{"count":3,"href":"https:\/\/www.ebg.de\/en\/wp-json\/wp\/v2\/posts\/1677\/revisions"}],"predecessor-version":[{"id":1684,"href":"https:\/\/www.ebg.de\/en\/wp-json\/wp\/v2\/posts\/1677\/revisions\/1684"}],"wp:featuredmedia":[{"embeddable":true,"href":"https:\/\/www.ebg.de\/en\/wp-json\/wp\/v2\/media\/1685"}],"wp:attachment":[{"href":"https:\/\/www.ebg.de\/en\/wp-json\/wp\/v2\/media?parent=1677"}],"wp:term":[{"taxonomy":"category","embeddable":true,"href":"https:\/\/www.ebg.de\/en\/wp-json\/wp\/v2\/categories?post=1677"},{"taxonomy":"post_tag","embeddable":true,"href":"https:\/\/www.ebg.de\/en\/wp-json\/wp\/v2\/tags?post=1677"}],"curies":[{"name":"wp","href":"https:\/\/api.w.org\/{rel}","templated":true}]}}